{"id":3856,"date":"2023-08-13T17:47:43","date_gmt":"2023-08-13T17:47:43","guid":{"rendered":"http:\/\/www.chnk.pl\/?p=3856"},"modified":"2023-08-13T17:47:43","modified_gmt":"2023-08-13T17:47:43","slug":"xix-niedziela-zwykla","status":"publish","type":"post","link":"https:\/\/www.chnk.pl\/?p=3856","title":{"rendered":"XIX NIEDZIELA ZWYK\u0141A"},"content":{"rendered":"<p style=\"font-weight: 400;\"><strong>OG\u0141OSZENIA DUSZPASTERSKIE<\/strong><\/p>\n<p style=\"font-weight: 400;\"><strong>XIX NIEDZIELA ZWYK\u0141A<\/strong><\/p>\n<p style=\"font-weight: 400;\"><strong>13 sierpnia 2023 r.<\/strong><\/p>\n<ol>\n<li style=\"font-weight: 400;\">Kalendarz liturgiczny: poniedzia\u0142ek \u2013 \u015bw. Maksymiliana Marii Kolbe; wtorek \u2013 Uroczysto\u015b\u0107&nbsp;Wniebowzi\u0119cia NMP; czwartek \u2013 \u015bw. Jacka; pi\u0105tek \u2013 b\u0142. Sancji Szymkowiak.<\/li>\n<li style=\"font-weight: 400;\">Zako\u0144czy\u0142y si\u0119 zaj\u0119cia wakacyjne, w kt\u00f3rych uczestniczy\u0142o 30 dzieci z naszej parafii. Dzi\u0119kujemy rodzicom za zaufanie, dzieciom za radosny wsp\u00f3lny czas i bardzo dobre zachowanie oraz paniom, kt\u00f3re zorganizowa\u0142y i przeprowadzi\u0142y zaj\u0119cia z wielkim sercem, pomys\u0142owo\u015bci\u0105, troskliwo\u015bci\u0105 i oddaniem swojego czasu: p. Annie Czapli\u0144skiej, p. Agacie G\u0142uszek, p. Annie Krawczyk, p. Joannie Mi\u0142kowskiej, p. Annie Pakura.<\/li>\n<li style=\"font-weight: 400;\">We wtorek 15 sierpnia <strong>Uroczysto\u015b\u0107 Wniebowzi\u0119cia NMP \u2013 msze \u015bw. jak w niedziele wakacyjne. <\/strong>Tak\u017ce wieczorna <strong>msza \u015bw. o godz. 18:00 w poniedzia\u0142ek 14 sierpnia b\u0119dzie ju\u017c msz\u0105 \u015bw. z Uroczysto\u015bci<\/strong> Wniebowzi\u0119cia NMP. Na ka\u017cdej mszy \u015bw. b\u0142ogos\u0142awie\u0144stwo zi\u00f3\u0142 i kwiat\u00f3w. Prosimy o przygotowanie ich we w\u0142asnym zakresie. <span style=\"color: var(--colorfont); letter-spacing: 0.02em; background-color: var(--colorlight);\">15 sierpnia zosta\u0142 og\u0142oszony w Ko\u015bciele w Polsce Dniem Og\u00f3lnopolskiej Solidarno\u015bci ze S\u0142oweni\u0105. Dlatego w Uroczysto\u015b\u0107 Wniebowzi\u0119cia NMP zostanie przeprowadzona w ca\u0142ej Polsce zbi\u00f3rka ofiar do puszek na pomoc poszkodowanym w powodzi w S\u0142owenii.<\/span><\/li>\n<li style=\"font-weight: 400;\">W czwartek po wieczornej mszy \u015bw. p\u00f3\u0142godzinna Adoracja Naj\u015bwi\u0119tszego Sakramentu.<\/li>\n<li style=\"font-weight: 400;\">W sobot\u0119 Dzie\u0144 Salety\u0144ski (19. dzie\u0144 miesi\u0105ca). R\u00f3\u017caniec salety\u0144ski o 17:15, po Mszy \u015bw. wieczornej procesja do figury Matki Bo\u017cej z La Salette.<\/li>\n<li style=\"font-weight: 400;\">Zapraszamy wszystkich, kt\u00f3rzy s\u0105 otwarci na niesienie wsparcia osobom starszym i chorym na terenie naszej Parafii, do udzia\u0142u w tworz\u0105cym si\u0119 zespole pomocowym. Chodzi o pomoc w zakupach, sprz\u0105taniu, transporcie do lekarza czy urz\u0119du. Charakter udzielanej pomocy b\u0119dzie dostosowany do mo\u017cliwo\u015bci osoby pomagaj\u0105cej. Ch\u0119tnych prosimy o zg\u0142aszanie si\u0119 w zakrystii. Informacja jest wywieszona na tablicy og\u0142osze\u0144.<\/li>\n<li style=\"font-weight: 400;\">Parafia organizuje pielgrzymk\u0119 do Smolic na uroczysto\u015b\u0107 koronacji Obrazu Matki Bo\u017cej Uzdrowienia Chorych w sobot\u0119 9 wrze\u015bnia br. Zapisy dla parafian w zakrystii.<\/li>\n<li style=\"font-weight: 400;\">Zapraszamy do \u201eSzko\u0142y liturgii dla ka\u017cdego\u201d wszystkich, kt\u00f3rzy chc\u0105 zdoby\u0107 wiedz\u0119 pomocn\u0105 w lepszym prze\u017cywaniu liturgii mszy w ramach cyklu dziewi\u0119ciu comiesi\u0119cznych sesji wyk\u0142adowych. Wi\u0119cej informacji na: liturgia.archpoznan.pl.<\/li>\n<li style=\"font-weight: 400;\">Pom\u00f3dlmy si\u0119 za zmar\u0142ych parafian. Za dusz\u0119 \u015bp. Heleny Wroniak, os. Lecha 19 (pogrzeb odby\u0142 si\u0119 we wtorek); \u015bp. Janiny Pawlak, os. Lecha 88 (pogrzeb odby\u0142 si\u0119 w pi\u0105tek), \u015bp. Teresy Wasielewskiej, os. Lecha 55 (msza \u015bw. pogrzebowa w \u015brod\u0119 o 11:45, pogrzeb na Mi\u0142ostowie od ul. Gnie\u017anie\u0144skiej o 13:30); \u015bp. Bernarda Brodal\u0119, os. Lecha 16 (termin mszy \u015bw. pogrzebowej i pogrzebu zostanie dopiero ustalony). Wieczny odpoczynek racz im da\u0107 Panie\u2026<\/li>\n<\/ol>\n","protected":false},"excerpt":{"rendered":"<p>OG\u0141OSZENIA DUSZPASTERSKIE XIX NIEDZIELA ZWYK\u0141A 13 sierpnia 2023 r. Kalendarz liturgiczny: poniedzia\u0142ek \u2013 \u015bw. Maksymiliana Marii Kolbe; wtorek \u2013 Uroczysto\u015b\u0107&nbsp;Wniebowzi\u0119cia NMP; czwartek \u2013 \u015bw. Jacka; pi\u0105tek \u2013 b\u0142. Sancji Szymkowiak. Zako\u0144czy\u0142y si\u0119 zaj\u0119cia wakacyjne, w kt\u00f3rych uczestniczy\u0142o 30 dzieci z naszej parafii. Dzi\u0119kujemy rodzicom za zaufanie, dzieciom za radosny wsp\u00f3lny czas i bardzo dobre zachowanie &#8230; <span class=\"more\"><a class=\"more-link\" href=\"https:\/\/www.chnk.pl\/?p=3856\">czytaj wi\u0119cej<\/a><\/span><\/p>\n","protected":false},"author":1,"featured_media":0,"comment_status":"open","ping_status":"open","sticky":false,"template":"","format":"standard","meta":{"ngg_post_thumbnail":0,"footnotes":""},"categories":[3],"tags":[],"_links":{"self":[{"href":"https:\/\/www.chnk.pl\/index.php?rest_route=\/wp\/v2\/posts\/3856"}],"collection":[{"href":"https:\/\/www.chnk.pl\/index.php?rest_route=\/wp\/v2\/posts"}],"about":[{"href":"https:\/\/www.chnk.pl\/index.php?rest_route=\/wp\/v2\/types\/post"}],"author":[{"embeddable":true,"href":"https:\/\/www.chnk.pl\/index.php?rest_route=\/wp\/v2\/users\/1"}],"replies":[{"embeddable":true,"href":"https:\/\/www.chnk.pl\/index.php?rest_route=%2Fwp%2Fv2%2Fcomments&post=3856"}],"version-history":[{"count":1,"href":"https:\/\/www.chnk.pl\/index.php?rest_route=\/wp\/v2\/posts\/3856\/revisions"}],"predecessor-version":[{"id":3857,"href":"https:\/\/www.chnk.pl\/index.php?rest_route=\/wp\/v2\/posts\/3856\/revisions\/3857"}],"wp:attachment":[{"href":"https:\/\/www.chnk.pl\/index.php?rest_route=%2Fwp%2Fv2%2Fmedia&parent=3856"}],"wp:term":[{"taxonomy":"category","embeddable":true,"href":"https:\/\/www.chnk.pl\/index.php?rest_route=%2Fwp%2Fv2%2Fcategories&post=3856"},{"taxonomy":"post_tag","embeddable":true,"href":"https:\/\/www.chnk.pl\/index.php?rest_route=%2Fwp%2Fv2%2Ftags&post=3856"}],"curies":[{"name":"wp","href":"https:\/\/api.w.org\/{rel}","templated":true}]}}