{"id":3851,"date":"2023-08-09T20:20:09","date_gmt":"2023-08-09T20:20:09","guid":{"rendered":"http:\/\/www.chnk.pl\/?p=3851"},"modified":"2023-08-10T04:41:42","modified_gmt":"2023-08-10T04:41:42","slug":"xvii-niedziela-zwykla","status":"publish","type":"post","link":"https:\/\/www.chnk.pl\/?p=3851","title":{"rendered":"XVII Niedziela Zwyk\u0142a"},"content":{"rendered":"<p class=\"s2\"><span class=\"s3\">OG\u0141OSZENIA DUSZPASTERSKIE<\/span><\/p>\n<p class=\"s5\"><span class=\"s4\"><span class=\"bumpedFont15\">XVII NIEDZIELA ZWYK\u0141A<\/span><\/span><\/p>\n<p class=\"s6\"><span class=\"s4\"><span class=\"bumpedFont15\">30 lipca 2023 r.<\/span><\/span><\/p>\n<p class=\"s8\"><span class=\"s7\"><span class=\"bumpedFont15\">1. Kalendarz liturgiczny: wtorek \u2013 \u015bw. Maria Alfonsa Liguoriego, pi\u0105tek \u2013 &nbsp;\u015bw. Jana Marii Vianneya.<\/span><\/span><\/p>\n<p class=\"s8\"><span class=\"s7\"><span class=\"bumpedFont15\">2. W przysz\u0142\u0105 niedziel\u0119 (6 sierpnia) obchodzi\u0107 b\u0119dziemy \u015awi\u0119to Przemienienia Pa\u0144skiego.<\/span><\/span><\/p>\n<p class=\"s8\"><span class=\"s7\"><span class=\"bumpedFont15\">3. Rozpoczynamy sierpie\u0144 \u2013 miesi\u0105c \u015bwi\u0105t maryjnych i narodowych rocznic. Zechciejmy powstrzyma\u0107 si\u0119 od spo\u017cywania alkoholu. Wszystkich trwaj\u0105cych w trze\u017awo\u015bci zach\u0119camy do postawy wynagrodzenia Panu Bogu za alkoholizm oraz do modlitwy za cierpi\u0105cych i poszkodowanych z powodu pija\u0144stwa. Grupa AA spotyka si\u0119 w naszej salce parafialnej we wtorki o godz. 19.00 i jest otwarta na tych, kt\u00f3rzy szukaj\u0105 pomocy do \u017cycia w trze\u017awo\u015bci.<\/span><\/span><\/p>\n<p class=\"s8\"><span class=\"s7\"><span class=\"bumpedFont15\">4. <\/span><\/span><span class=\"s7\"><span class=\"bumpedFont15\">Parafia organizuje pielgrzymk\u0119 do Smolic na uroczysto\u015b\u0107 koronacji Obrazu Matki Bo\u017cej Uzdrowienia Chorych w sobot\u0119 9 wrze\u015bnia br. Zapisy dla parafian w zakrystii.<\/span><\/span><\/p>\n<p class=\"s10\"><span class=\"s7\"><span class=\"bumpedFont15\">5. <\/span><\/span><span class=\"s7\"><span class=\"bumpedFont15\">W tym tygodniu: I czwartek, I pi\u0105tek i I sobota miesi\u0105ca. W czwartek adoracja Naj\u015bwi\u0119tszego Sakramentu: od godz. 17.00 do 18.00. <\/span><\/span><span class=\"s7\"><span class=\"bumpedFont15\">Uczestnicz\u0105cych w duchowej adopcji zapraszamy na r\u00f3\u017caniec o godz. 17.15 w intencji: obrony \u017cycia ludzkiego, godno\u015bci jego przekazywania i wszystkich, kt\u00f3rzy kszta\u0142tuj\u0105 opini\u0105 spo\u0142eczn\u0105 na ten temat.<\/span><\/span><span class=\"s7\"><span class=\"bumpedFont15\"> Po Mszy \u015bw. wieczornej adoracja do godz. 21.00 w intencji zachowania oraz nowych powo\u0142a\u0144 kap\u0142a\u0144skich, zakonnych i do pracy na misjach. <\/span><\/span><span class=\"s4\"><span class=\"bumpedFont15\">W pi\u0105tek i sobot\u0119 msza \u015bw. zar\u00f3wno o godz. 8:00 i 18:00<\/span><\/span><span class=\"s7\"><span class=\"bumpedFont15\">. W sobot\u0119 nabo\u017ce\u0144stwo do Niepokalanego Serca Matki Bo\u017cej <\/span><\/span><span class=\"s9\"><span class=\"bumpedFont15\">o godz. 7.15. <\/span><\/span><span class=\"s7\"><span class=\"bumpedFont15\">Spowied\u017a \u015bw. w pi\u0105tek od godz. 15.00 do 18.00 (o godz. 16.30 Komunia \u015bw. pierwszopi\u0105tkowa) oraz w sobot\u0119 od godz. 16.00 do 18.00. <\/span><\/span><span class=\"s9\"><span class=\"bumpedFont15\">Odwiedziny chorych z sakramentami \u015bw. w pi\u0105tek i sobot\u0119.<\/span><\/span><\/p>\n<p class=\"s10\"><span class=\"s7\"><span class=\"bumpedFont15\">6. Od wtorku 1 sierpnia od godz. 12.00 do \u015brody 2 sierpnia do godz. 24.00 we wszystkich ko\u015bcio\u0142ach parafialnych mo\u017cna dost\u0105pi\u0107, dla siebie lub dla osoby zmar\u0142ej, jeden raz odpust zupe\u0142ny Porcjunkuli zwi\u0105zany ze \u015bw. Franciszkiem z Asy\u017cu. Czynno\u015bci\u0105 odpustow\u0105 jest pobo\u017cne nawiedzenie ko\u015bcio\u0142a parafialnego z r\u00f3wnoczesnym zm\u00f3wieniem Ojcze nasz i Wierz\u0119 w Boga (z zachowaniem podstawowych warunk\u00f3w: stan \u0142aski u\u015bwi\u0119caj\u0105cej, przyst\u0105pienie do Komunii \u015awi\u0119tej, modlitwa w intencjach papie\u017ca na sierpie\u0144 2023 r., wykluczenie wszelkiego przywi\u0105zania do jakiegokolwiek grzechu, nawet powszedniego).<\/span><\/span><\/p>\n<p class=\"s10\"><span class=\"s7\"><span class=\"bumpedFont15\">7. Zach\u0119camy do czytania prasy katolickiej. Przy zakrystii: <\/span><\/span><span class=\"s11\"><span class=\"bumpedFont15\">Przewodnik Katolicki <\/span><\/span><span class=\"s7\"><span class=\"bumpedFont15\">z modlitewnikiem <\/span><\/span><span class=\"s11\"><span class=\"bumpedFont15\">5 minut z Bogiem<\/span><\/span><span class=\"s7\"><span class=\"bumpedFont15\">na sierpie\u0144, <\/span><\/span><span class=\"s11\"><span class=\"bumpedFont15\">Ma\u0142y Przewodnik Katolicki <\/span><\/span><span class=\"s7\"><span class=\"bumpedFont15\">i <\/span><\/span><span class=\"s11\"><span class=\"bumpedFont15\">Go\u015b\u0107 Niedzielny.<\/span><\/span><\/p>\n<p class=\"s10\"><span class=\"s7\"><span class=\"bumpedFont15\">8. M\u00f3dlmy si\u0119 za zmar\u0142ych parafian. Za dusz\u0119 \u015bp. Jerzego Ogrodowskiego, os. Lecha124 (pogrzeb odby\u0142 si\u0119 w sobot\u0119). W czwartek przypada 9 rocznica \u015bmierci ks. Wojciecha Krupczy\u0144skiego, proboszcza Parafii pw. Pierwszych Polskich M\u0119czennik\u00f3w. Wieczny odpoczynek racz zmar\u0142ym da\u0107 Panie\u2026<\/span><\/span><\/p>\n","protected":false},"excerpt":{"rendered":"<p>OG\u0141OSZENIA DUSZPASTERSKIE XVII NIEDZIELA ZWYK\u0141A 30 lipca 2023 r. 1. Kalendarz liturgiczny: wtorek \u2013 \u015bw. Maria Alfonsa Liguoriego, pi\u0105tek \u2013 &nbsp;\u015bw. Jana Marii Vianneya. 2. W przysz\u0142\u0105 niedziel\u0119 (6 sierpnia) obchodzi\u0107 b\u0119dziemy \u015awi\u0119to Przemienienia Pa\u0144skiego. 3. Rozpoczynamy sierpie\u0144 \u2013 miesi\u0105c \u015bwi\u0105t maryjnych i narodowych rocznic. Zechciejmy powstrzyma\u0107 si\u0119 od spo\u017cywania alkoholu. Wszystkich trwaj\u0105cych w trze\u017awo\u015bci &#8230; <span class=\"more\"><a class=\"more-link\" href=\"https:\/\/www.chnk.pl\/?p=3851\">czytaj wi\u0119cej<\/a><\/span><\/p>\n","protected":false},"author":1,"featured_media":0,"comment_status":"open","ping_status":"open","sticky":false,"template":"","format":"standard","meta":{"ngg_post_thumbnail":0,"footnotes":""},"categories":[1],"tags":[],"_links":{"self":[{"href":"https:\/\/www.chnk.pl\/index.php?rest_route=\/wp\/v2\/posts\/3851"}],"collection":[{"href":"https:\/\/www.chnk.pl\/index.php?rest_route=\/wp\/v2\/posts"}],"about":[{"href":"https:\/\/www.chnk.pl\/index.php?rest_route=\/wp\/v2\/types\/post"}],"author":[{"embeddable":true,"href":"https:\/\/www.chnk.pl\/index.php?rest_route=\/wp\/v2\/users\/1"}],"replies":[{"embeddable":true,"href":"https:\/\/www.chnk.pl\/index.php?rest_route=%2Fwp%2Fv2%2Fcomments&post=3851"}],"version-history":[{"count":2,"href":"https:\/\/www.chnk.pl\/index.php?rest_route=\/wp\/v2\/posts\/3851\/revisions"}],"predecessor-version":[{"id":3855,"href":"https:\/\/www.chnk.pl\/index.php?rest_route=\/wp\/v2\/posts\/3851\/revisions\/3855"}],"wp:attachment":[{"href":"https:\/\/www.chnk.pl\/index.php?rest_route=%2Fwp%2Fv2%2Fmedia&parent=3851"}],"wp:term":[{"taxonomy":"category","embeddable":true,"href":"https:\/\/www.chnk.pl\/index.php?rest_route=%2Fwp%2Fv2%2Fcategories&post=3851"},{"taxonomy":"post_tag","embeddable":true,"href":"https:\/\/www.chnk.pl\/index.php?rest_route=%2Fwp%2Fv2%2Ftags&post=3851"}],"curies":[{"name":"wp","href":"https:\/\/api.w.org\/{rel}","templated":true}]}}