{"id":3848,"date":"2023-08-09T20:17:02","date_gmt":"2023-08-09T20:17:02","guid":{"rendered":"http:\/\/www.chnk.pl\/?p=3848"},"modified":"2023-08-10T04:40:58","modified_gmt":"2023-08-10T04:40:58","slug":"xviii-niedziela-zwykla","status":"publish","type":"post","link":"https:\/\/www.chnk.pl\/?p=3848","title":{"rendered":"XVIII Niedziela Zwyk\u0142a"},"content":{"rendered":"<p class=\"s2\"><span class=\"s3\">OG\u0141OSZENIA DUSZPASTERSKIE<\/span><\/p>\n<p class=\"s4\"><span class=\"s5\"><span class=\"bumpedFont15\">\u015awi\u0119to Przemienia Pa\u0144skiego &nbsp;<\/span><\/span><span class=\"s5\"><span class=\"bumpedFont15\"><br \/>\n<\/span><\/span><span class=\"s5\"><span class=\"bumpedFont15\">(XVIII NIEDZIELA ZWYK\u0141A)<\/span><\/span><\/p>\n<p class=\"s6\"><span class=\"s5\"><span class=\"bumpedFont15\">6 sierpnia 2023 r.<\/span><\/span><\/p>\n<p class=\"s8\"><span class=\"s7\"><span class=\"bumpedFont15\">1. Kalendarz liturgiczny: wtorek \u2013 \u015bw. Dominika; \u015broda \u2013 \u015bwi\u0119to \u015bw. Teresy Benedykty od Krzy\u017ca (E. Stein), patronki Europy; czwartek \u2013 \u015bwi\u0119to \u015bw. Wawrzy\u0144ca; pi\u0105tek \u2013 \u015bw. Klary.<\/span><\/span><\/p>\n<p class=\"s9\"><span class=\"s7\"><span class=\"bumpedFont15\">2. Od wtorku do pi\u0105tku odb\u0119d\u0105 si\u0119 zaj\u0119cia wakacyjne dla dzieci z naszej parafii.<\/span><\/span><\/p>\n<p class=\"s8\"><span class=\"s7\"><span class=\"bumpedFont15\">3. W czwartek po wieczornej mszy \u015bw. p\u00f3\u0142godzinna Adoracja Naj\u015bwi\u0119tszego Sakramentu.<\/span><\/span><\/p>\n<p class=\"s8\"><span class=\"s7\"><span class=\"bumpedFont15\">4. W przysz\u0142\u0105 niedziel\u0119 sk\u0142adka przeznaczona b\u0119dzie na KUL, WT UAM i szko\u0142y katolickie.<\/span><\/span><\/p>\n<p class=\"s8\"><span class=\"s7\"><span class=\"bumpedFont15\">5. Z racji na sierpie\u0144 \u2013 miesi\u0105ca \u015bwi\u0105t maryjnych i narodowych rocznic \u2013 jeste\u015bmy zaproszeni do powstrzymania si\u0119 w tym czasie od spo\u017cywania alkoholu. Wszystkich trwaj\u0105cych w trze\u017awo\u015bci zach\u0119camy do postawy wynagrodzenia Panu Bogu za alkoholizm i do modlitwy za uzale\u017cnionych oraz cierpi\u0105cych i poszkodowanych z powodu alkoholizmu swoich bliskich. Grupa AA spotyka si\u0119 w naszej salce parafialnej we wtorki o godz. 19.00 i jest otwarta na wszystkich, kt\u00f3rzy szukaj\u0105 pomocy do \u017cycia w trze\u017awo\u015bci.<\/span><\/span><\/p>\n<p class=\"s8\"><span class=\"s7\"><span class=\"bumpedFont15\">6. Zapraszamy wszystkich, kt\u00f3rzy s\u0105 otwarci na niesienie wsparcia osobom starszym na terenie naszej Parafii, do udzia\u0142u w tworz\u0105cym si\u0119 zespole pomocowym. Chodzi o pomoc &nbsp; &nbsp; &nbsp; &nbsp; &nbsp; &nbsp; &nbsp; &nbsp;w zakupach, sprz\u0105taniu, transporcie do lekarza czy urz\u0119du. Charakter udzielanej pomocy b\u0119dzie dostosowany do mo\u017cliwo\u015bci osoby pomagaj\u0105cej. Ch\u0119tnych prosimy o zg\u0142aszanie si\u0119 w zakrystii. Informacja jest wywieszona na tablicy og\u0142osze\u0144.<\/span><\/span><\/p>\n<p class=\"s8\"><span class=\"s7\"><span class=\"bumpedFont15\">7. <\/span><\/span><span class=\"s7\"><span class=\"bumpedFont15\">Parafia organizuje pielgrzymk\u0119 do Smolic na uroczysto\u015b\u0107 koronacji Obrazu Matki Bo\u017cej Uzdrowienia Chorych. Uroczysto\u015b\u0107 odb\u0119dzie si\u0119 w sobot\u0119, 9 wrze\u015bnia br. Zapisy dla parafian w zakrystii.<\/span><\/span><\/p>\n<p class=\"s8\"><span class=\"s7\"><span class=\"bumpedFont15\">8. Zapraszamy na koncert charytatywny \u201eMuzyka Polskich Katedr\u201d, dedykowany rodzinie &nbsp;dziecka z niepe\u0142nosprawno\u015bci\u0105, kt\u00f3rego mama zmar\u0142a w lipcu 2023 roku. Koncert muzyki powa\u017cnej odb\u0119dzie si\u0119 w Katedrze Pozna\u0144skiej 25 sierpnia 2023 roku o godz. 19:00.<\/span><\/span><\/p>\n<p class=\"s8\"><span class=\"s7\"><span class=\"bumpedFont15\">9. Zapraszamy do \u201eSzko\u0142y liturgii dla ka\u017cdego\u201d. Inicjatywa skierowana do wszystkich, kt\u00f3rzy maj\u0105 potrzeb\u0119 zdobycia wiedzy pomocnej w lepszym prze\u017cywaniu liturgii mszy. Cykl dziewi\u0119ciu comiesi\u0119cznych sesji wyk\u0142adowych dotycz\u0105cych liturgii (dwa wyk\u0142ad 45 min. Miejscem: Szko\u0142a katolickia przy ul. G\u0142ogowskiej 92 w Poznaniu. Wi\u0119cej informacji na: liturgia.archpoznan.pl.<\/span><\/span><\/p>\n<p class=\"s9\"><span class=\"s7\"><span class=\"bumpedFont15\">10. Zach\u0119camy do czytania prasy katolickiej. Przy zakrystii: <\/span><\/span><span class=\"s10\"><span class=\"bumpedFont15\">Przewodnik Katolicki<\/span><\/span><span class=\"s7\"><span class=\"bumpedFont15\">, <\/span><\/span><span class=\"s10\"><span class=\"bumpedFont15\">Ma\u0142y Przewodnik Katolicki <\/span><\/span><span class=\"s7\"><span class=\"bumpedFont15\">i <\/span><\/span><span class=\"s10\"><span class=\"bumpedFont15\">Go\u015b\u0107 Niedzielny.<\/span><\/span><\/p>\n","protected":false},"excerpt":{"rendered":"<p>OG\u0141OSZENIA DUSZPASTERSKIE \u015awi\u0119to Przemienia Pa\u0144skiego &nbsp; (XVIII NIEDZIELA ZWYK\u0141A) 6 sierpnia 2023 r. 1. Kalendarz liturgiczny: wtorek \u2013 \u015bw. Dominika; \u015broda \u2013 \u015bwi\u0119to \u015bw. Teresy Benedykty od Krzy\u017ca (E. Stein), patronki Europy; czwartek \u2013 \u015bwi\u0119to \u015bw. Wawrzy\u0144ca; pi\u0105tek \u2013 \u015bw. Klary. 2. Od wtorku do pi\u0105tku odb\u0119d\u0105 si\u0119 zaj\u0119cia wakacyjne dla dzieci z naszej parafii. &#8230; <span class=\"more\"><a class=\"more-link\" href=\"https:\/\/www.chnk.pl\/?p=3848\">czytaj wi\u0119cej<\/a><\/span><\/p>\n","protected":false},"author":1,"featured_media":0,"comment_status":"open","ping_status":"open","sticky":false,"template":"","format":"standard","meta":{"ngg_post_thumbnail":0,"footnotes":""},"categories":[1],"tags":[],"_links":{"self":[{"href":"https:\/\/www.chnk.pl\/index.php?rest_route=\/wp\/v2\/posts\/3848"}],"collection":[{"href":"https:\/\/www.chnk.pl\/index.php?rest_route=\/wp\/v2\/posts"}],"about":[{"href":"https:\/\/www.chnk.pl\/index.php?rest_route=\/wp\/v2\/types\/post"}],"author":[{"embeddable":true,"href":"https:\/\/www.chnk.pl\/index.php?rest_route=\/wp\/v2\/users\/1"}],"replies":[{"embeddable":true,"href":"https:\/\/www.chnk.pl\/index.php?rest_route=%2Fwp%2Fv2%2Fcomments&post=3848"}],"version-history":[{"count":2,"href":"https:\/\/www.chnk.pl\/index.php?rest_route=\/wp\/v2\/posts\/3848\/revisions"}],"predecessor-version":[{"id":3854,"href":"https:\/\/www.chnk.pl\/index.php?rest_route=\/wp\/v2\/posts\/3848\/revisions\/3854"}],"wp:attachment":[{"href":"https:\/\/www.chnk.pl\/index.php?rest_route=%2Fwp%2Fv2%2Fmedia&parent=3848"}],"wp:term":[{"taxonomy":"category","embeddable":true,"href":"https:\/\/www.chnk.pl\/index.php?rest_route=%2Fwp%2Fv2%2Fcategories&post=3848"},{"taxonomy":"post_tag","embeddable":true,"href":"https:\/\/www.chnk.pl\/index.php?rest_route=%2Fwp%2Fv2%2Ftags&post=3848"}],"curies":[{"name":"wp","href":"https:\/\/api.w.org\/{rel}","templated":true}]}}