{"id":3833,"date":"2023-07-08T22:11:52","date_gmt":"2023-07-08T22:11:52","guid":{"rendered":"http:\/\/www.chnk.pl\/?p=3833"},"modified":"2023-07-08T22:11:52","modified_gmt":"2023-07-08T22:11:52","slug":"14-niedziela-zwykla-7","status":"publish","type":"post","link":"https:\/\/www.chnk.pl\/?p=3833","title":{"rendered":"14 Niedziela Zwyk\u0142a"},"content":{"rendered":"<p><strong>OG\u0141OSZENIA DUSZPASTERSKIE<\/strong><\/p>\n<p><strong>NIEDZIELA&nbsp; XIV ZWYK\u0141A<\/strong><\/p>\n<p><strong>9 lipca 2023 r.<\/strong><\/p>\n<ol>\n<li>Kalendarz liturgiczny: wtorek \u2013 \u015bw. Benedykta, patrona Europy, \u015broda &#8211; \u015bw. Brunona Bonifacego z Kwerfurtu, czwartek &#8211; \u015bw. pustelnik\u00f3w Andrzeja \u015awierada i Benedykta, pi\u0105tek \u2013 \u015bw. Kamila de Lellis i \u015bw. Henryka, sobota \u2013 \u015bw. Bonawentury, niedziela (16.7.) &#8211; Naj\u015bwi\u0119tszej Maryi Panny z G\u00f3ry Karmel.<\/li>\n<li>W czwartek po mszy \u015bw. wieczornej p\u00f3\u0142godzinna adoracja Naj\u015bwi\u0119tszego Sakramentu.<\/li>\n<li>W niedziel\u0119, w dniu Matki Bo\u017cej Szkaplerznej, msza \u015bw. u OO Karmelit\u00f3w z na\u0142o\u017ceniem szkaplerza o godz. 8.30, 10.00, 11.30, 13.00 (suma) i 19.00. Na\u0142o\u017cenie&nbsp; szkaplerza po ka\u017cdej mszy \u015bw.<\/li>\n<li>Parafia organizuje pielgrzymk\u0119 do Smolic na uroczysto\u015b\u0107 koronacji Obrazu Matki Bo\u017cej Uzdrowienia Chorych. Uroczysto\u015b\u0107 odb\u0119dzie si\u0119 w sobot\u0119, 9 wrze\u015bnia br. Zapisy dla parafian w zakrystii.<\/li>\n<li>W przysz\u0142\u0105 niedziel\u0119 b\u0119dziemy obchodzi\u0107 Dzie\u0144 Wdzi\u0119czno\u015bci w naszej Parafii. Przed ko\u015bcio\u0142em b\u0119dzie mo\u017cliwo\u015b\u0107 z\u0142o\u017cenia ofiary na dalsze prace przy wyposa\u017caniu \u015awi\u0105tyni Opatrzno\u015bci Bo\u017cej w Warszawie.<\/li>\n<li>S\u0142uchacze Radia Maryja i widzowie telewizji Trwam, kt\u00f3rzy chcieliby wesprze\u0107 te rozg\u0142o\u015bnie, chocia\u017c skromnymi ofiarami, mog\u0105 je przekaza\u0107 pani Marii lub z\u0142o\u017cy\u0107 do skarbony przy wej\u015bciu do ko\u015bcio\u0142a. Najbezpieczniej jest wk\u0142ada\u0107 monety, banknoty mog\u0105 by\u0107 wykradane.<\/li>\n<li>B\u00f3g zap\u0142a\u0107 za ofiary sk\u0142adane na utrzymanie naszego ko\u015bcio\u0142a. Informujemy, \u017ce nadzwyczajni szafarze Komunii \u015bw. pe\u0142ni\u0105 swoj\u0105 pos\u0142ug\u0119 charytatywnie i nie przyjmuj\u0105 z tej racji ofiar. Korzystaj\u0105cy z ich pos\u0142ugi niechaj modl\u0105 si\u0119 usilnie o nowych szafarzy dla naszej parafii.<\/li>\n<li>Zach\u0119camy do czytania prasy katolickiej. Przy zakrystii: \u201ePrzewodnik Katolicki\u201d, \u201eGo\u015b\u0107 Niedzielny\u201d, i \u201eMa\u0142y Przewodnik Katolicki\u201d.<\/li>\n<li>Z wytrwa\u0142o\u015bci\u0105 m\u00f3dlmy si\u0119 o pok\u00f3j w Ukrainie, w Ojczy\u017anie naszej i na ca\u0142ym \u015bwiecie. M\u00f3dlmy si\u0119 o deszcz i zachowanie plon\u00f3w, o oddalenie niebezpiecze\u0144stwa g\u0142odu ognia i wojny. \u015awi\u0119ty Bo\u017ce, \u015awi\u0119ty mocny, \u015awi\u0119ty nie\u015bmiertelny, zmi\u0142uj si\u0119 nad nami.<\/li>\n<\/ol>\n<p><strong>&nbsp;&nbsp;&nbsp;&nbsp;&nbsp;&nbsp;&nbsp;&nbsp;&nbsp;&nbsp;&nbsp;&nbsp;&nbsp;&nbsp;&nbsp;&nbsp;&nbsp;&nbsp;&nbsp;&nbsp;&nbsp;&nbsp;&nbsp;&nbsp;&nbsp;&nbsp;&nbsp;&nbsp;&nbsp;&nbsp;&nbsp;&nbsp;&nbsp;&nbsp;&nbsp;&nbsp;&nbsp;&nbsp;&nbsp;&nbsp;&nbsp;&nbsp;&nbsp;&nbsp;&nbsp;&nbsp;&nbsp;&nbsp;&nbsp;&nbsp; <\/strong><\/p>\n<p><strong>&nbsp;&nbsp;&nbsp;&nbsp;&nbsp;&nbsp;&nbsp;&nbsp;&nbsp;&nbsp;&nbsp;&nbsp;&nbsp;&nbsp;&nbsp;&nbsp;&nbsp;&nbsp;&nbsp;&nbsp;&nbsp;&nbsp;&nbsp; &nbsp;&nbsp;&nbsp;&nbsp;&nbsp;&nbsp;&nbsp;&nbsp;&nbsp;&nbsp;&nbsp;&nbsp;&nbsp;&nbsp;&nbsp;&nbsp;&nbsp;&nbsp;&nbsp;&nbsp;&nbsp;&nbsp;&nbsp;&nbsp;&nbsp;&nbsp;<u>INFORMACJE STA\u0141E<\/u><\/strong><\/p>\n<p><strong>\/LIPIEC&nbsp; I SIERPIE\u0143\/<\/strong><\/p>\n<ol start=\"8\">\n<li><strong> W lipcu i w sierpniu zmienione godziny odprawiania Mszy \u015bw. w niedziele i dni powszednie oraz zmienione godziny urz\u0119dowania Biura Parafialnego. W lipcu i sierpniu msza \u015bw. niedzielna o godz. 8.00, 9,30, 11.15 i 18.00. Nie ma mszy \u015bw. o godz. 12.30. W dni powszednie msza \u015bw. o godz. 8.00 w poniedzia\u0142ek, \u015brod\u0119 i pi\u0105tek, a o godz.18.00 we wtorek, czwartek i sobot\u0119.<\/strong><\/li>\n<li><strong> Biuro Parafialne: poniedzia\u0142ek godz. 9.00 do 10.30, czwartek godz. 16.00 do 17.3 i sobota godz. 19.00 do 20.00. Sprawy pilne prosimy za\u0142atwia\u0107 w godzinach zbli\u017conych do godziny odprawiania mszy \u015bw.<\/strong><\/li>\n<li><strong> Spowied\u017a \u015bw. p\u00f3\u0142 godziny przed Msz\u0105 \u015bw. i w sobot\u0119 od godz. 16.00 -18.00. <\/strong><\/li>\n<li><strong> Msza \u015bw. niedzielna w godzinach p\u00f3\u017aniejszych w najbli\u017cszych parafiach: Parafia Pierwszych Polskich M\u0119czennik\u00f3w, os. Tysi\u0105clecia &#8211; godz. 20.00 i Parafia \u015bw. \u0141ukasza, os. Rusa &#8211; godz. 20.30<\/strong><\/li>\n<\/ol>\n<p><strong>&nbsp;<\/strong><\/p>\n","protected":false},"excerpt":{"rendered":"<p>OG\u0141OSZENIA DUSZPASTERSKIE NIEDZIELA&nbsp; XIV ZWYK\u0141A 9 lipca 2023 r. Kalendarz liturgiczny: wtorek \u2013 \u015bw. Benedykta, patrona Europy, \u015broda &#8211; \u015bw. Brunona Bonifacego z Kwerfurtu, czwartek &#8211; \u015bw. pustelnik\u00f3w Andrzeja \u015awierada i Benedykta, pi\u0105tek \u2013 \u015bw. Kamila de Lellis i \u015bw. Henryka, sobota \u2013 \u015bw. Bonawentury, niedziela (16.7.) &#8211; Naj\u015bwi\u0119tszej Maryi Panny z G\u00f3ry Karmel. W &#8230; <span class=\"more\"><a class=\"more-link\" href=\"https:\/\/www.chnk.pl\/?p=3833\">czytaj wi\u0119cej<\/a><\/span><\/p>\n","protected":false},"author":3,"featured_media":0,"comment_status":"open","ping_status":"open","sticky":false,"template":"","format":"standard","meta":{"ngg_post_thumbnail":0,"footnotes":""},"categories":[1],"tags":[],"_links":{"self":[{"href":"https:\/\/www.chnk.pl\/index.php?rest_route=\/wp\/v2\/posts\/3833"}],"collection":[{"href":"https:\/\/www.chnk.pl\/index.php?rest_route=\/wp\/v2\/posts"}],"about":[{"href":"https:\/\/www.chnk.pl\/index.php?rest_route=\/wp\/v2\/types\/post"}],"author":[{"embeddable":true,"href":"https:\/\/www.chnk.pl\/index.php?rest_route=\/wp\/v2\/users\/3"}],"replies":[{"embeddable":true,"href":"https:\/\/www.chnk.pl\/index.php?rest_route=%2Fwp%2Fv2%2Fcomments&post=3833"}],"version-history":[{"count":1,"href":"https:\/\/www.chnk.pl\/index.php?rest_route=\/wp\/v2\/posts\/3833\/revisions"}],"predecessor-version":[{"id":3834,"href":"https:\/\/www.chnk.pl\/index.php?rest_route=\/wp\/v2\/posts\/3833\/revisions\/3834"}],"wp:attachment":[{"href":"https:\/\/www.chnk.pl\/index.php?rest_route=%2Fwp%2Fv2%2Fmedia&parent=3833"}],"wp:term":[{"taxonomy":"category","embeddable":true,"href":"https:\/\/www.chnk.pl\/index.php?rest_route=%2Fwp%2Fv2%2Fcategories&post=3833"},{"taxonomy":"post_tag","embeddable":true,"href":"https:\/\/www.chnk.pl\/index.php?rest_route=%2Fwp%2Fv2%2Ftags&post=3833"}],"curies":[{"name":"wp","href":"https:\/\/api.w.org\/{rel}","templated":true}]}}