{"id":3828,"date":"2023-07-01T15:17:49","date_gmt":"2023-07-01T15:17:49","guid":{"rendered":"http:\/\/www.chnk.pl\/?p=3828"},"modified":"2023-07-01T18:21:36","modified_gmt":"2023-07-01T18:21:36","slug":"13-niedziela-zwykla-6","status":"publish","type":"post","link":"https:\/\/www.chnk.pl\/?p=3828","title":{"rendered":"13 Niedziela Zwyk\u0142a"},"content":{"rendered":"<p><strong>OG\u0141OSZENIA DUSZPASTERSKIE<\/strong><\/p>\n<p><strong>NIEDZIELA XIII ZWYK\u0141A<\/strong><\/p>\n<p><strong>2 lipca 2023 r.<\/strong><\/p>\n<p><strong>1.<\/strong>Kalendarz liturgiczny: poniedzia\u0142ek \u2013 \u015bw. Tomasza aposto\u0142a, wtorek \u2013 \u015bw. El\u017cbiety Portugalskiej, \u015broda \u2013 \u015bw. Marii Goretti i \u015bw.&nbsp; Antoniego Zaccarii, czwartek \u2013 b\u0142. Marii Teresy Led\u00f3chowskiej, sobota \u2013 \u015bw. Jana z Dukli.<\/p>\n<ol start=\"2\">\n<li>W czwartek, pierwszy w miesi\u0105cu, adoracja Naj\u015bwi\u0119tszego Sakramentu od godz. 17.00 do 18.00 w intencji poszanowania \u017cycia ludzkiego, godno\u015bci jego przekazywania i kszta\u0142tuj\u0105cych opini\u0119 spo\u0142eczn\u0105 na ten temat. Zapraszamy na r\u00f3\u017caniec wszystkich, kt\u00f3rzy podj\u0119li duchow\u0105 adopcj\u0119 dziecka nienarodzonego. Adoracja w intencji zachowania i uproszenie nowych powo\u0142a\u0144 kap\u0142a\u0144skich, zakonnych i misyjnych po wieczornej mszy \u015bw. do godz. 21.00. W pierwszy pi\u0105tekcmiesi\u0105ca msza \u015bw. rano i wieczorem. Okazja do spowiedzi \u015bw. od godz. 15.00 do 18.00. Komunia \u015bw. pierwszopi\u0105tkowa dla dzieci o godz. 16.30. Odwiedziny chorych wed\u0142ug sta\u0142ego porz\u0105dku.<\/li>\n<li>Parafia organizuje pielgrzymk\u0119 do Smolic na uroczysto\u015b\u0107 koronacji Obrazu Matki Bo\u017cej Uzdrowienia Chorych. Uroczysto\u015b\u0107 odb\u0119dzie si\u0119 w sobot\u0119, 9 wrze\u015bnia br. Zapisy dla parafian w zakrystii.<\/li>\n<li>B\u00f3g zap\u0142a\u0107 za ofiary na utrzymanie naszego ko\u015bcio\u0142a. B\u00f3g za ofiary na Stolic\u0119 \u015awi\u0119t\u0105 z\u0142o\u017cone w uroczysto\u015b\u0107 \u015bw. Aposto\u0142\u00f3w Piotra i Paw\u0142a, na KUL,Wydzia\u0142 Teologiczny. B\u00f3g zap\u0142a\u0107 za udzia\u0142 w sumie odpustowej w Katedrze.<\/li>\n<li><strong>5<\/strong><strong>. <\/strong>Grupa Anonimowych Alkoholik\u00f3w spotyka si\u0119 w ka\u017cdy wtorek o godz. 19.00 i jest otwarta na wszystkich, kt\u00f3rzy szukaj\u0105 pomocy do \u017cycia w trze\u017awo\u015bci.<\/li>\n<li>M\u00f3dlmy si\u0119 za zmar\u0142ych Parafian. Za dusz\u0119 \u015bp. Apolonii Freudenreich, os. Lecha 126. Msza \u015bw. pogrzebowa w \u015brod\u0119 w ko\u015bciele na Staro\u0142\u0119ce o godz. 13.00. Wieczny odpoczynek racz zmar\u0142ym da\u0107 Panie.<\/li>\n<\/ol>\n<p>&#8230;&#8230;&#8230;&#8230;&#8230;&#8230;&#8230;&#8230;&#8230;&#8230;&#8230;&#8230;&#8230;&#8230;&#8230;&#8230;&#8230;&#8230;&#8230;&#8230;&#8230;&#8230;&#8230;&#8230;&#8230;&#8230;&#8230;&#8230;&#8230;&#8230;&#8230;&#8230;&#8230;&#8230;&#8230;&#8230;&#8230;&#8230;&#8230;&#8230;&#8230;&#8230;&#8230;&#8230;..\u2026..<\/p>\n<p><u>&nbsp;<\/u><\/p>\n<p>&nbsp;&nbsp;&nbsp;&nbsp;&nbsp;&nbsp;&nbsp;&nbsp;&nbsp;&nbsp;&nbsp;&nbsp;&nbsp;&nbsp;&nbsp;&nbsp;&nbsp;&nbsp;&nbsp;&nbsp;&nbsp;&nbsp;&nbsp;&nbsp;&nbsp;&nbsp;&nbsp;&nbsp;&nbsp;&nbsp;&nbsp;&nbsp;&nbsp;&nbsp;&nbsp;&nbsp;&nbsp;&nbsp;&nbsp;&nbsp;&nbsp;&nbsp;&nbsp;&nbsp;&nbsp;&nbsp;&nbsp;&nbsp; <strong>&nbsp;&nbsp;&nbsp;<u>INFORMACJE STA\u0141E<\/u><\/strong><\/p>\n<p><strong>\/LIPIEC&nbsp; I SIERPIE\u0143\/<\/strong><\/p>\n<ol start=\"8\">\n<li><strong> W lipcu i sierpniu msza \u015bw. niedzielna o godz. 8.00, 9,30, 11.15 i 18.00. Nie ma mszy \u015bw. o godz. 12.30. W dni powszednie msza \u015bw. o godz. 8.00 w poniedzia\u0142ek, \u015brod\u0119 i pi\u0105tek, a o godz.18.00 we wtorek, czwartek i sobot\u0119.<\/strong><\/li>\n<li><strong> Biuro Parafialne: poniedzia\u0142ek godz. 9.00 do 10.30, czwartek godz. 16.00 do 17.30 i sobota godz. 19.00 do 20.00. Sprawy pilne prosimy za\u0142atwia\u0107 w godzinach zbli\u017conych do godziny odprawiania mszy \u015bw.<\/strong><\/li>\n<li><strong> Spowied\u017a \u015bw. p\u00f3\u0142 godziny przed Msz\u0105 \u015bw. i w sobot\u0119 od godz. 16.00 -18.00. <\/strong><\/li>\n<li><strong> Msza \u015bw. niedzielna w godzinach p\u00f3\u017aniejszych w najbli\u017cszych parafiach: Parafia Pierwszych Polskich M\u0119czennik\u00f3w, os. Tysi\u0105clecia &#8211; godz. 20.00 i Parafia \u015bw. \u0141ukasza, os. Rusa &#8211; godz. 20.30<\/strong><\/li>\n<li><strong> Prosimy o podawanie intencji mszalnych, uprzednio zarezerwowanych, na lipiec i sierpie\u0144. Mo\u017cna to uczyni\u0107 w niedziel\u0119, po mszy \u015bw., w zakrystii.<\/strong><\/li>\n<li><strong> Spowied\u017a \u015bw. p\u00f3\u0142 godziny przed Msz\u0105 \u015bw. i w sobot\u0119 od godz. 16.00-18.00. <\/strong><\/li>\n<\/ol>\n<p><strong>&nbsp;<\/strong><\/p>\n<p>&nbsp;<\/p>\n<p>&nbsp;<\/p>\n<p>&nbsp;<\/p>\n<p>&nbsp;<\/p>\n<p>&nbsp;<\/p>\n<p>&nbsp;<\/p>\n<p>&nbsp;<\/p>\n<p>&nbsp;<\/p>\n<p>&nbsp;<\/p>\n<p>&nbsp;<\/p>\n<p>&nbsp;<\/p>\n<p>&nbsp;<\/p>\n<p>&nbsp;<\/p>\n<p>&nbsp;<\/p>\n<p>&nbsp;<\/p>\n<p>&nbsp;<\/p>\n<p>&nbsp;<\/p>\n<p>&nbsp;<\/p>\n<p>&nbsp;<\/p>\n<p>&nbsp;<\/p>\n<p>&nbsp;<\/p>\n<p>&nbsp;<\/p>\n<p>&nbsp;<\/p>\n<p>&nbsp;<\/p>\n<p>&nbsp;<\/p>\n<p>&nbsp;<\/p>\n<p>&nbsp;<\/p>\n<p>&nbsp;<\/p>\n<p>&nbsp;<\/p>\n<p>&nbsp;<\/p>\n<p>&nbsp;<\/p>\n<p>&nbsp;<\/p>\n<p>&nbsp;<\/p>\n<p>&nbsp;<\/p>\n<p>&nbsp;<\/p>\n","protected":false},"excerpt":{"rendered":"<p>OG\u0141OSZENIA DUSZPASTERSKIE NIEDZIELA XIII ZWYK\u0141A 2 lipca 2023 r. 1.Kalendarz liturgiczny: poniedzia\u0142ek \u2013 \u015bw. Tomasza aposto\u0142a, wtorek \u2013 \u015bw. El\u017cbiety Portugalskiej, \u015broda \u2013 \u015bw. Marii Goretti i \u015bw.&nbsp; Antoniego Zaccarii, czwartek \u2013 b\u0142. Marii Teresy Led\u00f3chowskiej, sobota \u2013 \u015bw. Jana z Dukli. W czwartek, pierwszy w miesi\u0105cu, adoracja Naj\u015bwi\u0119tszego Sakramentu od godz. 17.00 do 18.00 &#8230; <span class=\"more\"><a class=\"more-link\" href=\"https:\/\/www.chnk.pl\/?p=3828\">czytaj wi\u0119cej<\/a><\/span><\/p>\n","protected":false},"author":3,"featured_media":0,"comment_status":"open","ping_status":"open","sticky":false,"template":"","format":"standard","meta":{"ngg_post_thumbnail":0,"footnotes":""},"categories":[1],"tags":[],"_links":{"self":[{"href":"https:\/\/www.chnk.pl\/index.php?rest_route=\/wp\/v2\/posts\/3828"}],"collection":[{"href":"https:\/\/www.chnk.pl\/index.php?rest_route=\/wp\/v2\/posts"}],"about":[{"href":"https:\/\/www.chnk.pl\/index.php?rest_route=\/wp\/v2\/types\/post"}],"author":[{"embeddable":true,"href":"https:\/\/www.chnk.pl\/index.php?rest_route=\/wp\/v2\/users\/3"}],"replies":[{"embeddable":true,"href":"https:\/\/www.chnk.pl\/index.php?rest_route=%2Fwp%2Fv2%2Fcomments&post=3828"}],"version-history":[{"count":3,"href":"https:\/\/www.chnk.pl\/index.php?rest_route=\/wp\/v2\/posts\/3828\/revisions"}],"predecessor-version":[{"id":3832,"href":"https:\/\/www.chnk.pl\/index.php?rest_route=\/wp\/v2\/posts\/3828\/revisions\/3832"}],"wp:attachment":[{"href":"https:\/\/www.chnk.pl\/index.php?rest_route=%2Fwp%2Fv2%2Fmedia&parent=3828"}],"wp:term":[{"taxonomy":"category","embeddable":true,"href":"https:\/\/www.chnk.pl\/index.php?rest_route=%2Fwp%2Fv2%2Fcategories&post=3828"},{"taxonomy":"post_tag","embeddable":true,"href":"https:\/\/www.chnk.pl\/index.php?rest_route=%2Fwp%2Fv2%2Ftags&post=3828"}],"curies":[{"name":"wp","href":"https:\/\/api.w.org\/{rel}","templated":true}]}}