{"id":3818,"date":"2023-06-17T20:49:29","date_gmt":"2023-06-17T20:49:29","guid":{"rendered":"http:\/\/www.chnk.pl\/?p=3818"},"modified":"2023-06-17T20:49:29","modified_gmt":"2023-06-17T20:49:29","slug":"11-niedziela-zwykla-2","status":"publish","type":"post","link":"https:\/\/www.chnk.pl\/?p=3818","title":{"rendered":"11 Niedziela Zwyk\u0142a"},"content":{"rendered":"<p>&nbsp;<\/p>\n<p>&nbsp;<\/p>\n<p>OG\u0141OSZENIA DUSZPASTERSKIE<\/p>\n<p>NIEDZIELA XI ZWYK\u0141A<\/p>\n<p>18 czerwca 2023 r.<\/p>\n<p>1. Dnia 20 czerwca 2023 roku mija 40 lat od wizyty \u015bw. Jana Paw\u0142a II w Poznaniu (1983 rok). W zwi\u0105zku z tym we wtorek, 20 czerwca 2023 roku o godz. 18.00 uroczysta Eucharystia dzi\u0119kczynna w Katedrze Pozna\u0144skiej pod przewodnictwem Ksi\u0119dza Arcybiskupa Stanis\u0142awa G\u0105deckiego. O godz. 20.50 uroczysty Apel Papieski przy krzy\u017cu na placu przy \u0141\u0119gach D\u0119bi\u0144skich pod przewodnictwem Ksi\u0119dza Biskupa Jana Glapiaka.<\/p>\n<p>2. W poniedzia\u0142ek, 19 dzie\u0144 miesi\u0105ca, w naszej Parafii Dzie\u0144 Salety\u0144ski. R\u00f3\u017caniec salety\u0144ski o godz. 7.30 i procesja po mszy \u015bw. porannej do figury Matki Bo\u017cej z La Salette.<\/p>\n<p>3. Msza \u015bw. na zako\u0144czenie roku szkolnego w czwartek o godz. 11.00. Prosimy, aby dzieci przysz\u0142y na t\u0119 msz\u0119 \u015bw. od\u015bwi\u0119tnie ubrane.<\/p>\n<p>4. Msza \u015bw. z modlitw\u0105 o uzdrowienie w czwartek o godz. 19.15. Zapisane intencje b\u0119dzie mo\u017cna sk\u0142ada\u0107 do koszyka pod ch\u00f3rem.<\/p>\n<p>5. Zapraszamy dzieci na zaj\u0119cia wakacyjne w dniach od 8 do 11 sierpnia, w godz. 9:00-15:00. Dziecko mo\u017ce uczestniczy\u0107 w 1, 2, 3 lub 4 spo\u015br\u00f3d tych dni. Ka\u017cdego dnia planowane jest wyj\u015bcie, a na zako\u0144czenie przek\u0105ska na ciep\u0142o, np. pizza. Koszt: 50 z\u0142 lub 45 z\u0142 za dzie\u0144 w zale\u017cno\u015bci od ilo\u015bci dni. Szczeg\u00f3\u0142y i deklaracje zg\u0142oszenia do zabrania ze stolika z pras\u0105. Zapisy z wype\u0142nionymi deklaracjami (na ka\u017cdy dzie\u0144 osobna deklaracja) i p\u0142atno\u015bci\u0105 b\u0119d\u0105 przyjmowane w salce parafialnej: w poniedzia\u0142ek 19.06. i we wtorek 20.06 w godz. od 19.00 do 20.00.<\/p>\n<p>6. Caritas Archidiecezji Pozna\u0144skiej organizuje Festyn rodzinny, kt\u00f3ry odb\u0119dzie si\u0119 25 czerwca w godzinach 13:00 do 18:00 na Terenie Mi\u0119dzynarodowych Targ\u00f3w Pozna\u0144skich. Wydarzenie skierowane jest do rodzin polskich i ukrai\u0144skich, kt\u00f3re go\u015bcimy w naszym regionie. Celem jest zapewnienie rozrywki, zar\u00f3wno dzieciom jak i doros\u0142ym. Na wszystkich go\u015bci b\u0119dzie czeka\u0142a szeroka gama gier i zabaw, dmuchane zamki, stanowiska sportowe, pokazy stra\u017cackie, strefa gastronomiczna, darmowe badania i wiele atrakcji.<\/p>\n<p>7. W lipcu i sierpniu (plan og\u00f3lny) zmienione godziny odprawiania Mszy \u015bw. w dni powszednie i niedziele oraz zmienione godziny urz\u0119dowania Biura Parafialnego. W niedziele wakacyjne nie ma mszy \u015bw. o godz. 12.30. Msza \u015bw. o godz. 8.00: w poniedzia\u0142ki, \u015brody i pi\u0105tki, a o godz.18.00 we wtorki, czwartki i soboty. Nowenna do Matki Bo\u017cej Nieustaj\u0105cej Pomocy w \u015brod\u0119 o godz. 8.00. R\u00f3\u017caniec do Matki Bo\u017cej Patronki Dobrej \u015amierci we wtorki o godz. 17.30. Biuro Parafialne: poniedzia\u0142ek rano od godz. 9.00 do 10.30, czwartek po po\u0142udniu godz. 16.00 do 17.30, sobota godz. 19.00 do 20.00. Spowied\u017a \u015bw. p\u00f3\u0142 godziny przed msz\u0105 \u015bw. i w sobot\u0119 od godz. 16.00 -18.00.<\/p>\n<p>8. B\u00f3g zap\u0142a\u0107 parafianom, za udzia\u0142 w oktawie Bo\u017cego Cia\u0142a. Szczere podzi\u0119kowania dziewczynkom sypi\u0105cych kwiaty i ich mamom, podzi\u0119kowania za przynoszone p\u0142atki kwiat\u00f3w. B\u00f3g zap\u0142a\u0107 parafianom, za udzia\u0142 w og\u00f3lnomiejskiej uroczysto\u015bci Naj\u015bwi\u0119tszego Serca Pana Jezusa. B\u00f3g zap\u0142a\u0107 za ofiary na KUL i Wydzia\u0142 Teologiczny oraz utrzymanie naszego ko\u015bcio\u0142a.<\/p>\n<p>9. Zach\u0119camy do czytania prasy religijnej. Przy zakrystii: Przewodnik Katolicki, Ma\u0142y Przewodnik Katolicki, Go\u015b\u0107 Niedzielny i gazeta parafialna.<\/p>\n<p>10. M\u00f3dlmy si\u0119 za zmar\u0142ych Parafian. Za dusz\u0119 \u015bp. Lucyny G\u00f3reckiej, os. Lecha 15 (msza \u015bw. pogrzebowa w \u015brod\u0119 o godz. 11.45) i \u015bp. Janusza \u017burawskiego, os. Lecha 128. Wieczny odpoczynek racz zmar\u0142ym da\u0107 Panie.<\/p>\n<p>LIPIEC I SIERPIE\u0143<\/p>\n<p>W niedziele wakacyjne nie ma mszy \u015bw. o godz. 12.30.<\/p>\n<p>W dni powszednie<\/p>\n<p>Msza \u015bw. o godz. 8.00 w poniedzia\u0142ek, \u015brod\u0119 i pi\u0105tek<\/p>\n<p>&nbsp; &nbsp; &nbsp; &nbsp; &nbsp; &nbsp; &nbsp; &nbsp; o godz.18.00 we wtorek, czwartek i sobot\u0119.<\/p>\n<p>Nowenna do Matki Bo\u017cej Nieustaj\u0105cej Pomocy<\/p>\n<p>w \u015brod\u0119 o godz. 8.00.<\/p>\n<p>R\u00f3\u017caniec do Matki Bo\u017cej Patronki Dobrej \u015amierci<\/p>\n<p>i Nowenna do \u015bw. J\u00f3zefa we wtorek o godz. 17.30.<\/p>\n<p>Biuro Parafialne: poniedzia\u0142ek godz. 9.00 do 10.30,<\/p>\n<p>&nbsp; czwartek godz. 16.00 do 17.30,<\/p>\n<p>&nbsp; sobota godz. 19.00 do 20.00.<\/p>\n<p>Spowied\u017a \u015bw. p\u00f3\u0142 godziny przed msz\u0105 \u015bw. i w sobot\u0119 od godz. 16.00 -18.00.<\/p>\n<p>Msza \u015bw. niedzielna w godzinach p\u00f3\u017aniejszych w najbli\u017cszych parafiach.<\/p>\n<p>Parafia Pierwszych Polskich M\u0119czennik\u00f3w, os. Tysi\u0105clecia &#8211; godz. 20.00,<\/p>\n<p>Parafia \u015bw. \u0141ukasza, os. Rusa &#8211; godz. 20.30<\/p>\n<p>&nbsp;<\/p>\n<p>&nbsp;<\/p>\n<p>&nbsp;<\/p>\n<p>&nbsp;<\/p>\n<p>&nbsp;<\/p>\n<p>&nbsp;<\/p>\n<p>&nbsp;<\/p>\n<p>&nbsp;<\/p>\n<p>&nbsp;<\/p>\n<p>&nbsp;<\/p>\n<p>&nbsp;<\/p>\n<p>&nbsp;<\/p>\n<p>&nbsp;<\/p>\n<p>&nbsp;<\/p>\n<p>&nbsp;<\/p>\n","protected":false},"excerpt":{"rendered":"<p>&nbsp; &nbsp; OG\u0141OSZENIA DUSZPASTERSKIE NIEDZIELA XI ZWYK\u0141A 18 czerwca 2023 r. 1. Dnia 20 czerwca 2023 roku mija 40 lat od wizyty \u015bw. Jana Paw\u0142a II w Poznaniu (1983 rok). W zwi\u0105zku z tym we wtorek, 20 czerwca 2023 roku o godz. 18.00 uroczysta Eucharystia dzi\u0119kczynna w Katedrze Pozna\u0144skiej pod przewodnictwem Ksi\u0119dza Arcybiskupa Stanis\u0142awa G\u0105deckiego. &#8230; <span class=\"more\"><a class=\"more-link\" href=\"https:\/\/www.chnk.pl\/?p=3818\">czytaj wi\u0119cej<\/a><\/span><\/p>\n","protected":false},"author":3,"featured_media":0,"comment_status":"open","ping_status":"open","sticky":false,"template":"","format":"standard","meta":{"ngg_post_thumbnail":0,"footnotes":""},"categories":[1],"tags":[],"_links":{"self":[{"href":"https:\/\/www.chnk.pl\/index.php?rest_route=\/wp\/v2\/posts\/3818"}],"collection":[{"href":"https:\/\/www.chnk.pl\/index.php?rest_route=\/wp\/v2\/posts"}],"about":[{"href":"https:\/\/www.chnk.pl\/index.php?rest_route=\/wp\/v2\/types\/post"}],"author":[{"embeddable":true,"href":"https:\/\/www.chnk.pl\/index.php?rest_route=\/wp\/v2\/users\/3"}],"replies":[{"embeddable":true,"href":"https:\/\/www.chnk.pl\/index.php?rest_route=%2Fwp%2Fv2%2Fcomments&post=3818"}],"version-history":[{"count":1,"href":"https:\/\/www.chnk.pl\/index.php?rest_route=\/wp\/v2\/posts\/3818\/revisions"}],"predecessor-version":[{"id":3819,"href":"https:\/\/www.chnk.pl\/index.php?rest_route=\/wp\/v2\/posts\/3818\/revisions\/3819"}],"wp:attachment":[{"href":"https:\/\/www.chnk.pl\/index.php?rest_route=%2Fwp%2Fv2%2Fmedia&parent=3818"}],"wp:term":[{"taxonomy":"category","embeddable":true,"href":"https:\/\/www.chnk.pl\/index.php?rest_route=%2Fwp%2Fv2%2Fcategories&post=3818"},{"taxonomy":"post_tag","embeddable":true,"href":"https:\/\/www.chnk.pl\/index.php?rest_route=%2Fwp%2Fv2%2Ftags&post=3818"}],"curies":[{"name":"wp","href":"https:\/\/api.w.org\/{rel}","templated":true}]}}