{"id":3812,"date":"2023-06-10T17:40:40","date_gmt":"2023-06-10T17:40:40","guid":{"rendered":"http:\/\/www.chnk.pl\/?p=3812"},"modified":"2023-06-10T17:40:40","modified_gmt":"2023-06-10T17:40:40","slug":"10-niedziela-zwykla-3","status":"publish","type":"post","link":"https:\/\/www.chnk.pl\/?p=3812","title":{"rendered":"10 Niedziela Zwyk\u0142a"},"content":{"rendered":"<p><strong>&nbsp;<\/strong><\/p>\n<p><strong>OG\u0141OSZENIA DUSZPASTERSKIE<\/strong><\/p>\n<p><strong>NIEDZIELA X ZWYK\u0141A<\/strong><\/p>\n<p><strong>11 czerwca 2023 r.<\/strong><\/p>\n<ol>\n<li>Kalendarz liturgiczny: poniedzia\u0142ek \u2013 b\u0142. mm. Dachau, wtorek \u2013 \u015bw. Antoniego Padewskiego, \u015broda \u2013 \u015bw. Micha\u0142a Kozala, pi\u0105tek \u2013 uroczysto\u015b\u0107 Naj\u015bwi\u0119tszego Serca Pana Jezusa, sobota \u2013 \u015bwi\u0119to Niepokalanego Serca NMP<\/li>\n<li>Uroczysta procesja ku czci Naj\u015bwi\u0119tszego Serca Pana Jezusa wyruszy w pi\u0105tek, 16 czerwca br. po mszy \u015bw., odprawianej o godzinie 19.00 z ko\u015bcio\u0142a Naj\u015bwi\u0119tszego Serca Pana Jezusa na Je\u017cycach i przejdzie na plac Mickiewicza, gdzie nast\u0105pi odnowienie Aktu zawierzenia i oddania Narodu Polskiego Naj\u015bwi\u0119tszemu Sercu Pana Jezusa. W naszej parafii odm\u00f3wimy Akt zawierzenia na mszy \u015bw. o godz. 8.00 i 18.00. Z racji Uroczysto\u015bci nie obowi\u0105zuje post. Stolica Apostolska ustanowi\u0142a uroczysto\u015b\u0107 Naj\u015bwi\u0119tszego Serca Jezusowego dniem modlitw wiernych o \u015bwi\u0119to\u015b\u0107 kap\u0142an\u00f3w.<\/li>\n<li>B\u00f3g zap\u0142a\u0107 za udzia\u0142 w uroczysto\u015bciach odpustowych i mszy \u015bw. z okazji \u015bwi\u0119ce\u0144 kap\u0142a\u0144skich \u2013 rocznik 1975. B\u00f3g zap\u0142a\u0107 parafianom za udzia\u0142 w uroczysto\u015bci Bo\u017cego Cia\u0142a. B\u00f3g zap\u0142a\u0107 dziewczynkom sypi\u0105cym kwiaty i ich mamom, s\u0142u\u017cbie liturgicznej i scholi,&nbsp;&nbsp; panom przygotowuj\u0105cym konstrukcje o\u0142tarzy i nios\u0105cym baldachim, paniom za dekoracje o\u0142tarzy, za dekoracje okien i balkon\u00f3w, za&nbsp; p\u0142atki kwiat\u00f3w. Trwa oktawa tego \u015bwi\u0119ta, zach\u0119camy do licznego udzia\u0142u we mszy \u015bw. wieczornej i procesji eucharystycznej.<\/li>\n<li>Archidiecezjalnym Marszu dla \u017bycia odb\u0119dzie si\u0119 niedziel\u0119 18 czerwca w Poznaniu. Zapraszamy wszystkich, kt\u00f3rzy chc\u0105 za\u015bwiadczy\u0107 o warto\u015bci ludzkiego \u017cycia. Zapraszamy rodziny z dzie\u0107mi oraz opiekun\u00f3w os\u00f3b niepe\u0142nosprawnych wraz ze swoimi podopiecznymi. Program Marszu: Rozpocz\u0119cie na dziedzi\u0144cu oo. Dominikan\u00f3w o godz. 15.00 i przemarsz do Katedry. Tam piknik rodzinny.<\/li>\n<li>Parafia organizuje zaj\u0119cia wakacyjne w dniach od 8 do 11 sierpnia. Program, koszt i deklaracje zg\u0142oszeniowe b\u0119d\u0105 dost\u0119pne od \u015brody wiecz\u00f3ra w kaplicy. Zapisy po kolejnej niedzieli.<\/li>\n<li>Spotkanie duszpasterstwa m\u0142odzie\u017cy w pi\u0105tek o 19:15 w salce.<\/li>\n<li>Archidiecezjalna Pielgrzymka M\u0119\u017cczyzn do Tulec w niedziel\u0119 18 czerwca. Spotkanie m\u0119\u017cczyzn u Matki Bo\u017cej Tuleckiej uka\u017ce jak r\u00f3\u017cnorodny i silny jest Ko\u015bci\u00f3\u0142 dzi\u0119ki m\u0119\u017cczyznom. Pielgrzymuj\u0105c do tego Sanktuarium zawierzamy Panu Bogu przez Maryj\u0119 wszystko, z czym zmagaj\u0105 si\u0119 m\u0119\u017cczy\u017ani i m\u0142odzie\u017c m\u0119sk\u0105. O godz. 11.20 R\u00f3\u017caniec, a o 12:00 msza \u015bw. pod przewodnictwem Ks. Abpa Stanis\u0142awa G\u0105deckiego. Zbi\u00f3rka przy naszym ko\u015bciele o godz. 11.00. Prosz\u0119 zg\u0142asza\u0107 wolne miejsca w swoich samochodach.<\/li>\n<li>8<strong>. <\/strong>W lipcu i sierpniu nie b\u0119dzie mszy \u015bw. w niedziel\u0119 o godz. 12.30. Zostan\u0105 zmienione tak\u017ce godziny odprawiania mszy \u015bw. w dni powszednie i godziny urz\u0119dowania biura parafialnego.<\/li>\n<li>Przed ko\u015bcio\u0142em, mo\u017cliwo\u015b\u0107 z\u0142o\u017cenia ofiary na KUL i Wydzia\u0142 Teologiczny<\/li>\n<li>Prosimy Parafian zamawiaj\u0105cych intencje mszalne, aby przed msz\u0105 \u015bw. sprawdzali na tablicy og\u0142osze\u0144 poprawno\u015b\u0107 zapisanej intencji i zg\u0142aszali ewentualne nie\u015bcis\u0142o\u015bci.<\/li>\n<li><strong>11<\/strong><strong>. <\/strong>Zach\u0119camy do czytania prasy katolickiej. Przy zakrystii: \u201ePrzewodnik Katolicki\u201d , \u201eGo\u015b\u0107 Niedzielny\u201d, \u201eMa\u0142y Przewodnik Katolicki\u201d i \u201eZiarno\u201d.<\/li>\n<\/ol>\n<p>&nbsp;&nbsp;&nbsp;&nbsp;&nbsp;&nbsp;&nbsp;&nbsp;&nbsp;&nbsp;&nbsp;&nbsp;&nbsp;&nbsp;&nbsp;&nbsp;&nbsp;&nbsp;&nbsp;&nbsp;&nbsp;&nbsp;&nbsp;&nbsp;&nbsp;&nbsp;&nbsp;&nbsp;&nbsp;&nbsp;&nbsp;&nbsp;&nbsp;&nbsp;&nbsp;&nbsp;&nbsp;&nbsp;&nbsp;&nbsp;&nbsp;&nbsp;&nbsp;&nbsp;&nbsp;&nbsp;&nbsp;&nbsp;&nbsp;&nbsp;&nbsp;&nbsp;&nbsp;&nbsp;&nbsp;&nbsp;&nbsp;&nbsp;&nbsp;&nbsp;&nbsp;&nbsp;&nbsp;&nbsp;&nbsp;&nbsp;&nbsp;&nbsp;&nbsp;&nbsp;&nbsp;&nbsp;&nbsp;&nbsp;&nbsp;&nbsp;&nbsp;&nbsp;&nbsp;&nbsp;&nbsp;<\/p>\n","protected":false},"excerpt":{"rendered":"<p>&nbsp; OG\u0141OSZENIA DUSZPASTERSKIE NIEDZIELA X ZWYK\u0141A 11 czerwca 2023 r. Kalendarz liturgiczny: poniedzia\u0142ek \u2013 b\u0142. mm. Dachau, wtorek \u2013 \u015bw. Antoniego Padewskiego, \u015broda \u2013 \u015bw. Micha\u0142a Kozala, pi\u0105tek \u2013 uroczysto\u015b\u0107 Naj\u015bwi\u0119tszego Serca Pana Jezusa, sobota \u2013 \u015bwi\u0119to Niepokalanego Serca NMP Uroczysta procesja ku czci Naj\u015bwi\u0119tszego Serca Pana Jezusa wyruszy w pi\u0105tek, 16 czerwca br. po &#8230; <span class=\"more\"><a class=\"more-link\" href=\"https:\/\/www.chnk.pl\/?p=3812\">czytaj wi\u0119cej<\/a><\/span><\/p>\n","protected":false},"author":3,"featured_media":0,"comment_status":"open","ping_status":"open","sticky":false,"template":"","format":"standard","meta":{"ngg_post_thumbnail":0,"footnotes":""},"categories":[1],"tags":[],"_links":{"self":[{"href":"https:\/\/www.chnk.pl\/index.php?rest_route=\/wp\/v2\/posts\/3812"}],"collection":[{"href":"https:\/\/www.chnk.pl\/index.php?rest_route=\/wp\/v2\/posts"}],"about":[{"href":"https:\/\/www.chnk.pl\/index.php?rest_route=\/wp\/v2\/types\/post"}],"author":[{"embeddable":true,"href":"https:\/\/www.chnk.pl\/index.php?rest_route=\/wp\/v2\/users\/3"}],"replies":[{"embeddable":true,"href":"https:\/\/www.chnk.pl\/index.php?rest_route=%2Fwp%2Fv2%2Fcomments&post=3812"}],"version-history":[{"count":1,"href":"https:\/\/www.chnk.pl\/index.php?rest_route=\/wp\/v2\/posts\/3812\/revisions"}],"predecessor-version":[{"id":3813,"href":"https:\/\/www.chnk.pl\/index.php?rest_route=\/wp\/v2\/posts\/3812\/revisions\/3813"}],"wp:attachment":[{"href":"https:\/\/www.chnk.pl\/index.php?rest_route=%2Fwp%2Fv2%2Fmedia&parent=3812"}],"wp:term":[{"taxonomy":"category","embeddable":true,"href":"https:\/\/www.chnk.pl\/index.php?rest_route=%2Fwp%2Fv2%2Fcategories&post=3812"},{"taxonomy":"post_tag","embeddable":true,"href":"https:\/\/www.chnk.pl\/index.php?rest_route=%2Fwp%2Fv2%2Ftags&post=3812"}],"curies":[{"name":"wp","href":"https:\/\/api.w.org\/{rel}","templated":true}]}}