{"id":3801,"date":"2023-06-03T14:20:43","date_gmt":"2023-06-03T14:20:43","guid":{"rendered":"http:\/\/www.chnk.pl\/?p=3801"},"modified":"2023-06-03T14:20:43","modified_gmt":"2023-06-03T14:20:43","slug":"zaproszenie-uroczystosc-zlotego-jubileuszu-kaplanstwa-jego-ekscelencji-ksiedza-arcybiskupa-metropolity-stanislawa-gadeckiego","status":"publish","type":"post","link":"https:\/\/www.chnk.pl\/?p=3801","title":{"rendered":"Zaproszenie uroczysto\u015b\u0107 Z\u0142otego Jubileuszu Kap\u0142a\u0144stwa  Jego Ekscelencji Ksi\u0119dza Arcybiskupa Metropolity Stanis\u0142awa G\u0105deckiego"},"content":{"rendered":"<p>&nbsp;<\/p>\n<p>&nbsp;<\/p>\n<p>Z A P R O S Z E N I E<\/p>\n<p>na uroczysto\u015b\u0107 Z\u0142otego Jubileuszu Kap\u0142a\u0144stwa<\/p>\n<p>Jego Ekscelencji Ksi\u0119dza Arcybiskupa Metropolity Stanis\u0142awa G\u0105deckiego<\/p>\n<p>&nbsp;Przed pi\u0119\u0107dziesi\u0119ciu laty, 9 czerwca 1973 roku, Ksi\u0105dz Arcybiskup Metropolita Stanis\u0142aw G\u0105decki, w Bazylice Archikatedralnej w Gnie\u017anie, zosta\u0142 wy\u015bwi\u0119cony na kap\u0142ana przez b\u0142. kardyna\u0142a Stefana Wyszy\u0144skiego. Archidiecezjalne uroczysto\u015bci jubileuszowe odb\u0119d\u0105 si\u0119 w Katedrze Pozna\u0144skiej w sobot\u0119, dnia 10 czerwca br. o godz. 11.<\/p>\n<p>&nbsp;Do udzia\u0142u w uroczysto\u015bci bardzo serdecznie zapraszamy kap\u0142an\u00f3w, osoby \u017cycia konsekrowanego oraz wiernych \u015bwieckich. Jako wsp\u00f3lnota Ko\u015bcio\u0142a Pozna\u0144skiego pragniemy otoczy\u0107 Najdostojniejszego Jubilata i razem z nim dzi\u0119kowa\u0107 Bogu za \u0142ask\u0119 uczestnictwa w kap\u0142a\u0144stwie Jezusa Chrystusa. Pragniemy te\u017c okaza\u0107 serdeczn\u0105 wdzi\u0119czno\u015b\u0107 Ksi\u0119dzu Arcybiskupowi za to co czyni dla naszej Archidiecezji, dla Ko\u015bcio\u0142a w Polsce i Ko\u015bcio\u0142a Powszechnego oraz prosi\u0107 w modlitwie o \u0142aski i Bo\u017ce moce potrzebne do wype\u0142niania na\u0142o\u017conych na niego obowi\u0105zk\u00f3w.<\/p>\n<p>&nbsp;<\/p>\n<p>&nbsp;<\/p>\n<p>&nbsp;<\/p>\n","protected":false},"excerpt":{"rendered":"<p>&nbsp; &nbsp; Z A P R O S Z E N I E na uroczysto\u015b\u0107 Z\u0142otego Jubileuszu Kap\u0142a\u0144stwa Jego Ekscelencji Ksi\u0119dza Arcybiskupa Metropolity Stanis\u0142awa G\u0105deckiego &nbsp;Przed pi\u0119\u0107dziesi\u0119ciu laty, 9 czerwca 1973 roku, Ksi\u0105dz Arcybiskup Metropolita Stanis\u0142aw G\u0105decki, w Bazylice Archikatedralnej w Gnie\u017anie, zosta\u0142 wy\u015bwi\u0119cony na kap\u0142ana przez b\u0142. kardyna\u0142a Stefana Wyszy\u0144skiego. Archidiecezjalne uroczysto\u015bci jubileuszowe odb\u0119d\u0105 &#8230; <span class=\"more\"><a class=\"more-link\" href=\"https:\/\/www.chnk.pl\/?p=3801\">czytaj wi\u0119cej<\/a><\/span><\/p>\n","protected":false},"author":3,"featured_media":0,"comment_status":"open","ping_status":"open","sticky":false,"template":"","format":"standard","meta":{"ngg_post_thumbnail":0,"footnotes":""},"categories":[1],"tags":[],"_links":{"self":[{"href":"https:\/\/www.chnk.pl\/index.php?rest_route=\/wp\/v2\/posts\/3801"}],"collection":[{"href":"https:\/\/www.chnk.pl\/index.php?rest_route=\/wp\/v2\/posts"}],"about":[{"href":"https:\/\/www.chnk.pl\/index.php?rest_route=\/wp\/v2\/types\/post"}],"author":[{"embeddable":true,"href":"https:\/\/www.chnk.pl\/index.php?rest_route=\/wp\/v2\/users\/3"}],"replies":[{"embeddable":true,"href":"https:\/\/www.chnk.pl\/index.php?rest_route=%2Fwp%2Fv2%2Fcomments&post=3801"}],"version-history":[{"count":1,"href":"https:\/\/www.chnk.pl\/index.php?rest_route=\/wp\/v2\/posts\/3801\/revisions"}],"predecessor-version":[{"id":3802,"href":"https:\/\/www.chnk.pl\/index.php?rest_route=\/wp\/v2\/posts\/3801\/revisions\/3802"}],"wp:attachment":[{"href":"https:\/\/www.chnk.pl\/index.php?rest_route=%2Fwp%2Fv2%2Fmedia&parent=3801"}],"wp:term":[{"taxonomy":"category","embeddable":true,"href":"https:\/\/www.chnk.pl\/index.php?rest_route=%2Fwp%2Fv2%2Fcategories&post=3801"},{"taxonomy":"post_tag","embeddable":true,"href":"https:\/\/www.chnk.pl\/index.php?rest_route=%2Fwp%2Fv2%2Ftags&post=3801"}],"curies":[{"name":"wp","href":"https:\/\/api.w.org\/{rel}","templated":true}]}}