{"id":3796,"date":"2023-06-03T14:16:39","date_gmt":"2023-06-03T14:16:39","guid":{"rendered":"http:\/\/www.chnk.pl\/?p=3796"},"modified":"2023-06-03T14:16:58","modified_gmt":"2023-06-03T14:16:58","slug":"niedziela-trojcy-swietej-3","status":"publish","type":"post","link":"https:\/\/www.chnk.pl\/?p=3796","title":{"rendered":"Niedziela Tr\u00f3jcy \u015awi\u0119tej"},"content":{"rendered":"<p><strong>&nbsp;<\/strong><\/p>\n<p><strong>OG\u0141OSZENIA DUSZPASTERSKIE<\/strong><\/p>\n<p><strong>NIEDZIELA NAJ\u015aWI\u0118TSZEJ TR\u00d3JCY<\/strong><\/p>\n<p><strong>&nbsp;4 czerwca 2023 r.<\/strong><\/p>\n<p>&nbsp;<\/p>\n<ol>\n<li>W czwartek, Uroczysto\u015b\u0107 Naj\u015bwi\u0119tszego Cia\u0142a i Krwi Chrystusa (Bo\u017ce Cia\u0142o). Centralna procesja rozpocznie si\u0119 msz\u0105 \u015bw. w Parafii Bo\u017cego Cia\u0142a o godz. 10.00 i przejdzie do Katedry. Bo\u017ce Cia\u0142o jest publicznym wyznaniem wiary w Boga obecnego w Eucharystii, dajmy temu wyraz uczestnicz\u0105c w procesji og\u00f3lnomiejskiej. Msza \u015bw. w naszej Parafii w \u015brod\u0119 o godz. 18.00 (ju\u017c \u015bwi\u0105teczna) i w Bo\u017ce Cia\u0142o o godz. 8.00, 9.30, 11.15, 15.00 i po procesji oko\u0142o 16.30. Nie b\u0119dzie Mszy \u015bw. o godz. 12.30 i 18.00. Prosimy o udekorowanie okien i balkon\u00f3w, prosimy o to tak\u017ce tych parafian, kt\u00f3rzy wyje\u017cd\u017caj\u0105. W \u015brod\u0119 okazja do spowiedzi \u015bw. od godz. 16.30 do 18.00. W oktawie Bo\u017cego Cia\u0142a w dni powszednie msza \u015bw. o godz. 18.00 z procesj\u0105, a w niedziel\u0119 po mszy \u015bw. o godz. 9.30. Dziewczynki (zw\u0142aszcza pierwszokomunijne) prosimy o sypanie kwiat\u00f3w w Bo\u017ce Cia\u0142o i w oktaw\u0119. Pr\u00f3ba sypania kwiat\u00f3w w \u015brod\u0119, przy ko\u015bciele, o godz. 17.00. Prosimy o przynoszenie p\u0142atk\u00f3w kwiat\u00f3w i zostawianie ich przy zakrystii oraz zb\u0119dnych koszyczk\u00f3w do sypania kwiat\u00f3w.<\/li>\n<li>OKTAWA BO\u017bEGO CIA\u0141A: pi\u0105tek i sobota: godz. 17.30 r\u00f3\u017caniec, godz.18.00 &#8211; nieszpory, msza \u015bw., Litania do Serca Pana Jezusa i procesja. Niedziela, 11.06: godz. 9.30 \u2013 msza \u015bw., Litania do Serca Pana Jezusa i procesja. Poniedzia\u0142ek, wtorek, \u015broda i czwartek: godz. 17.30 \u2013 r\u00f3\u017caniec, godz.18.00 &#8211; nieszpory, msza \u015bw., Litania do Serca Pana Jezusa i procesja.<\/li>\n<li>Spotkanie duszpasterstwa m\u0142odzie\u017cy w pi\u0105tek o 19:15 w salce.<\/li>\n<li>W niedziel\u0119 18 czerwca odb\u0119dzie si\u0119 VIII Piesza&nbsp;Pielgrzymka M\u0119\u017cczyzn z J\u00f3zefem do Maryi &#8211; z Sanktuarium \u015bw. J\u00f3zefa w Poznaniu do Sanktuarium Narodzenia NMP w Tulcach, w tym roku pod has\u0142em: \u015aw. J\u00f3zef &#8211; trudne ojcostwo. Zbi\u00f3rka o godzinie 7:00 rano w Bazylice \u015bw. J\u00f3zefa u Karmelit\u00f3w Bosych przy ul. Dzia\u0142owej 25. Szczeg\u00f3\u0142y na stronie Sanktuarium \u015bw. J\u00f3zefa: <a href=\"http:\/\/poznan.karmelicibosi.pl\/\"><strong>poznan.karmelicibosi.pl<\/strong><\/a>. Organizatorem pielgrzymki jest Bractwo \u015bw. J\u00f3zefa przy Klasztorze Karmelit\u00f3w Bosych.<\/li>\n<li>Ksi\u0105dz Arcybiskup Metropolita Pozna\u0144ski Stanis\u0142aw G\u0105decki udzieli\u0142 dyspensy od obowi\u0105zku zachowania wstrzemi\u0119\u017aliwo\u015bci od pokarm\u00f3w mi\u0119snych na dzie\u0144 9 czerwca 2023 roku (pi\u0105tek).<\/li>\n<li>W przysz\u0142\u0105 niedziel\u0119, przed ko\u015bcio\u0142em, kwesta na KUL i Wydzia\u0142 Teologiczny.<\/li>\n<li><strong>7<\/strong><strong>. <\/strong>Zach\u0119camy do czytania prasy katolickiej. Przy zakrystii: <em>Przewodnik Katolicki, Go\u015b\u0107 Niedzielny, Ma\u0142y Przewodnik Katolicki, <\/em>gazeta parafialna.<\/li>\n<li>M\u00f3dlmy si\u0119 za zmar\u0142ych parafian. Za dusz\u0119 \u015bp. Eugeniusza Drewniaka, os. Lecha 128. Wieczny odpoczynek racz zmar\u0142ym da\u0107 Panie.<\/li>\n<\/ol>\n<p>&nbsp;<\/p>\n<p>&nbsp;<\/p>\n<p><strong>&nbsp;<\/strong><\/p>\n<p><strong>&nbsp;<\/strong><\/p>\n<p><strong>&nbsp;<\/strong><\/p>\n<p><strong>&nbsp;<\/strong><\/p>\n<p><strong>&nbsp;<\/strong><\/p>\n<p><strong>&nbsp;<\/strong><\/p>\n<p><strong>UROCZYSTO\u015a\u0106 BO\u017bEGO CIA\u0141A I OKTAWA<\/strong><\/p>\n<p>&nbsp;<\/p>\n<p>&nbsp;<\/p>\n<p><strong>BO\u017bE CIA\u0141O 8.06.2023 r. Msza \u015bw.:<\/strong><\/p>\n<p>(w przeddzie\u0144) \u015broda: godz. 17.30 r\u00f3\u017caniec, 18.00 &#8211; msza \u015bw.,<\/p>\n<p>czwartek: 8.00,&nbsp; 9.30,&nbsp; 11.15,&nbsp; 15.00,&nbsp; 16.30 (po procesji) Nie ma mszy \u015bw. o godz. 12.30 i 18.00<\/p>\n<p>&nbsp;<\/p>\n<p><strong>OKTAWA BO\u017bEGO CIA\u0141A<\/strong>&nbsp;<\/p>\n<p><u>&nbsp;<\/u><\/p>\n<p><u>pi\u0105tek,<\/u> 9 .6. godz. 17.30 r\u00f3\u017caniec, godz.18.00 &#8211; nieszpory, msza \u015bw., Litania do Serca Pana Jezusa i procesja.<\/p>\n<p><u>&nbsp;<\/u><\/p>\n<p><u>Sobota<\/u>, 10. 6. godz. 17.30 r\u00f3\u017caniec, godz. 18.00 &#8211; nieszpory, msza \u015bw., Litania do Serca Pana Jezusa i procesja<\/p>\n<p><u>&nbsp;<\/u><\/p>\n<p><u>niedziela<\/u>, 11. 6.&nbsp; godz.&nbsp; 9.30 \u2013 msza \u015bw., Litania do Serca Pana Jezusa&nbsp;&nbsp;&nbsp;&nbsp;&nbsp;&nbsp;&nbsp;&nbsp;&nbsp;&nbsp;&nbsp;&nbsp;&nbsp;&nbsp;&nbsp;&nbsp;&nbsp;&nbsp;&nbsp;&nbsp; i procesja, godz. 17.25 \u2013 r\u00f3\u017caniec w intencji rodzin,&nbsp;&nbsp;&nbsp;&nbsp;<\/p>\n<p><u>&nbsp;<\/u><\/p>\n<p><u>poniedzia\u0142ek<\/u>, 12. 6. godz. 17.30 &#8211; r\u00f3\u017caniec, godz.18.00 &#8211; nieszpory,msza \u015bw., Litania do Serca Pana Jezusa i procesja<\/p>\n<p><u>&nbsp;<\/u><\/p>\n<p><u>wtorek <\/u>, 13. 6. godz.17.30 r\u00f3\u017caniec, godz. 18.00 &#8211; nieszpory, msza \u015bw., Litania do Serca Pana Jezusa i procesja<\/p>\n<p><u>&nbsp;<\/u><\/p>\n<p><u>\u015broda<\/u>, 14. 6. godz.18.00 &#8211; nieszpory, msza \u015bw.,&nbsp; Litania do Serca Pana Jezusa i procesja<\/p>\n<p><u>&nbsp;<\/u><\/p>\n<p><u>czwartek<\/u>, 15. 6. godz.17.30 r\u00f3\u017caniec, godz. 18.00 &#8211; nieszpory, msza \u015bw., Litania do Serca Pana Jezusa i procesja<\/p>\n<p>&nbsp;<\/p>\n<p>&nbsp;<\/p>\n<p>&nbsp;<\/p>\n<p>&nbsp;<\/p>\n<p>&nbsp;<\/p>\n<p>&nbsp;<\/p>\n<p>&nbsp;<\/p>\n<p>&nbsp;<\/p>\n<p>&nbsp;<\/p>\n<p>&nbsp;<\/p>\n<p>&nbsp;<\/p>\n<p>&nbsp;<\/p>\n<p>&nbsp;<\/p>\n<p>&nbsp;<\/p>\n<p>&nbsp;<\/p>\n<p>&nbsp;<\/p>\n<p>&nbsp;<\/p>\n<p>&nbsp;<\/p>\n<p>&nbsp;<\/p>\n<p>&nbsp;<\/p>\n<p>&nbsp;<\/p>\n<p>&nbsp;<\/p>\n<p>&nbsp;<\/p>\n<p>&nbsp;<\/p>\n<p>&nbsp;&nbsp;&nbsp;&nbsp;&nbsp;&nbsp;&nbsp;&nbsp;&nbsp;&nbsp;&nbsp;&nbsp;&nbsp;&nbsp;&nbsp;&nbsp;&nbsp;&nbsp;&nbsp;&nbsp;&nbsp;&nbsp;&nbsp;&nbsp;&nbsp;&nbsp;&nbsp;&nbsp;&nbsp;&nbsp;&nbsp;&nbsp;&nbsp;&nbsp;&nbsp;&nbsp;&nbsp;&nbsp;&nbsp;&nbsp;&nbsp;&nbsp;&nbsp;&nbsp;&nbsp;&nbsp;&nbsp;&nbsp;&nbsp;&nbsp;&nbsp;&nbsp;&nbsp;&nbsp;&nbsp;&nbsp;&nbsp;&nbsp;&nbsp;&nbsp;&nbsp;&nbsp;&nbsp;&nbsp;&nbsp;&nbsp;&nbsp;&nbsp;&nbsp;&nbsp;&nbsp;&nbsp;&nbsp;&nbsp;&nbsp;&nbsp;&nbsp;&nbsp;&nbsp;&nbsp;&nbsp;&nbsp;&nbsp;&nbsp;&nbsp;&nbsp;&nbsp;&nbsp;<\/p>\n<p>&nbsp;<\/p>\n<p>&nbsp;<\/p>\n","protected":false},"excerpt":{"rendered":"<p>&nbsp; OG\u0141OSZENIA DUSZPASTERSKIE NIEDZIELA NAJ\u015aWI\u0118TSZEJ TR\u00d3JCY &nbsp;4 czerwca 2023 r. &nbsp; W czwartek, Uroczysto\u015b\u0107 Naj\u015bwi\u0119tszego Cia\u0142a i Krwi Chrystusa (Bo\u017ce Cia\u0142o). Centralna procesja rozpocznie si\u0119 msz\u0105 \u015bw. w Parafii Bo\u017cego Cia\u0142a o godz. 10.00 i przejdzie do Katedry. Bo\u017ce Cia\u0142o jest publicznym wyznaniem wiary w Boga obecnego w Eucharystii, dajmy temu wyraz uczestnicz\u0105c w procesji &#8230; <span class=\"more\"><a class=\"more-link\" href=\"https:\/\/www.chnk.pl\/?p=3796\">czytaj wi\u0119cej<\/a><\/span><\/p>\n","protected":false},"author":3,"featured_media":0,"comment_status":"open","ping_status":"open","sticky":false,"template":"","format":"standard","meta":{"ngg_post_thumbnail":0,"footnotes":""},"categories":[1],"tags":[],"_links":{"self":[{"href":"https:\/\/www.chnk.pl\/index.php?rest_route=\/wp\/v2\/posts\/3796"}],"collection":[{"href":"https:\/\/www.chnk.pl\/index.php?rest_route=\/wp\/v2\/posts"}],"about":[{"href":"https:\/\/www.chnk.pl\/index.php?rest_route=\/wp\/v2\/types\/post"}],"author":[{"embeddable":true,"href":"https:\/\/www.chnk.pl\/index.php?rest_route=\/wp\/v2\/users\/3"}],"replies":[{"embeddable":true,"href":"https:\/\/www.chnk.pl\/index.php?rest_route=%2Fwp%2Fv2%2Fcomments&post=3796"}],"version-history":[{"count":1,"href":"https:\/\/www.chnk.pl\/index.php?rest_route=\/wp\/v2\/posts\/3796\/revisions"}],"predecessor-version":[{"id":3797,"href":"https:\/\/www.chnk.pl\/index.php?rest_route=\/wp\/v2\/posts\/3796\/revisions\/3797"}],"wp:attachment":[{"href":"https:\/\/www.chnk.pl\/index.php?rest_route=%2Fwp%2Fv2%2Fmedia&parent=3796"}],"wp:term":[{"taxonomy":"category","embeddable":true,"href":"https:\/\/www.chnk.pl\/index.php?rest_route=%2Fwp%2Fv2%2Fcategories&post=3796"},{"taxonomy":"post_tag","embeddable":true,"href":"https:\/\/www.chnk.pl\/index.php?rest_route=%2Fwp%2Fv2%2Ftags&post=3796"}],"curies":[{"name":"wp","href":"https:\/\/api.w.org\/{rel}","templated":true}]}}