{"id":3793,"date":"2023-05-27T15:26:36","date_gmt":"2023-05-27T15:26:36","guid":{"rendered":"http:\/\/www.chnk.pl\/?p=3793"},"modified":"2023-05-27T15:26:36","modified_gmt":"2023-05-27T15:26:36","slug":"3793","status":"publish","type":"post","link":"https:\/\/www.chnk.pl\/?p=3793","title":{"rendered":""},"content":{"rendered":"<p>&nbsp;<\/p>\n<p>&nbsp;<\/p>\n<p>OG\u0141OSZENIA DUSZPASTERSKIE<\/p>\n<p>ZES\u0141ANIE DUCHA \u015aWI\u0118TEGO<\/p>\n<p>28 maja 2023 r.<\/p>\n<p>1. Kalendarz liturgiczny: poniedzia\u0142ek \u2013 NMP Matki Ko\u015bcio\u0142a, wtorek \u2013 \u015bw. Jana Sankandra, \u015broda \u2013 \u015bw. Nawiedzenie NMP, czwartek \u2013 \u015bwi\u0119to Jezusa Chrystusa Najwy\u017cszego i Wiecznego Kap\u0142an, pi\u0105tek \u2013 \u015bw. Marcelina i Piotra, sobota \u2013 \u015bw. Karola Lwangi i tow.<\/p>\n<p>2. W poniedzia\u0142ek, II \u015bwi\u0119to Zielonych \u015awi\u0105t, \u015awi\u0119to Naj\u015bwi\u0119tszej Maryi Panny Matki Ko\u015bcio\u0142a. Zapraszamy na msz\u0119 \u015bw. o godz.: 8.00 i 18.00.<\/p>\n<p>3. Nabo\u017ce\u0144stwo czerwcowe, do Naj\u015bwi\u0119tszego Serca Pana Jezusa, po wieczornej mszy \u015bw.<\/p>\n<p>4. Spotkanie wsp\u00f3lnoty r\u00f3\u017ca\u0144cowej w \u015brod\u0119 po wieczornej mszy \u015bw. w ko\u015bciele.<\/p>\n<p>5. Zbi\u00f3rka ministrant\u00f3w, przed Odpustem i Bo\u017cym Cia\u0142em, w \u015brod\u0119 o godz. 19.00.<\/p>\n<p>6. Odpust w naszej Parafii. Ojciec \u015bw. Benedykt XVI ustanowi\u0142 \u015bwi\u0119to Jezusa Chrystusa Najwy\u017cszego i Wiecznego Kap\u0142ana. Odpust w naszej parafii w najbli\u017cszy czwartek. O godz. 12.00 msza \u015bw. w rocznic\u0119 \u015bwi\u0119ce\u0144 kap\u0142a\u0144skich, rocznik 1975. Wieczorem adoracja Naj\u015bwi\u0119tszego Sakramentu o godz. 18.00 w intencji Ojca \u015bw. Franciszka i o powo\u0142ania kap\u0142a\u0144skie. Suma odpustowa o godz. 19.00. Sum\u0119 odprawi ks. Rados\u0142aw Rakowski, proboszcz Parafii pw. Imienia Jezus, na \u0141acinie. W darze dla organizuj\u0105cej si\u0119 Parafii przeka\u017cemy ofiary z tej mszy \u015bw.<\/p>\n<p>7. W tym tygodniu: I czwartek, I pi\u0105tek, i I sobota miesi\u0105ca. Comiesi\u0119czna spowied\u017a i komunia \u015bw. dla klas: 4, 5, 6, 7 i 8 w pi\u0105tek od godz. 15.00, Komunia \u015bw. dla dzieci o godz. 16.30. msza \u015bw. pierwszopi\u0105tkowa o godz. 18.00. Odwiedzimy chorych z sakramentami \u015bw. w pi\u0105tek i w sobot\u0119. Nowe zg\u0142oszenia w zakrystii. Nabo\u017ce\u0144stwo pierwszosobotnie, do Niepokalanego Serca Matki Bo\u017cej w sobot\u0119: r\u00f3\u017caniec o godz. 7.15 i msza \u015bw. Spotkanie wsp\u00f3lnoty rodzin w sobot\u0119, o godz. 19.00 w ko\u015bciele. Zapraszamy osoby w ka\u017cdym wieku i w ka\u017cdym stanie \u017cycia.<\/p>\n<p>8. Spotkanie duszpasterstwa m\u0142odzie\u017cy w pi\u0105tek o 19:15 w salce.<\/p>\n<p>9. W przysz\u0142\u0105 niedziel\u0119, Tr\u00f3jcy \u015awi\u0119tej, ko\u0144czy si\u0119 czas spowiedzi \u015bw. wielkanocnej.<\/p>\n<p>10. Podzi\u0119kowanie rodzicom dzieci pierwszokomunijnych za przygotowanie ko\u015bcio\u0142a na uroczysto\u015b\u0107 pierwszokomunijn\u0105 i za udzia\u0142 w Bia\u0142ym Tygodniu. Prosimy tych rodzic\u00f3w o przygotowanie o\u0142tarza na procesj\u0119 Bo\u017cego Cia\u0142a. Spotkanie w sprawie o\u0142tarzy na Bo\u017ce Cia\u0142o dla wszystkich przygotowuj\u0105cych o\u0142tarze w pi\u0105tek o godz. 18.45 w salce parafialnej.<\/p>\n<p>11. Odpust w Parafii Nawiedzenia NMP w \u015brod\u0119. Suma odpustowa o godz. 18.30.<\/p>\n<p>12. Ch\u00f3r Ch\u0142opi\u0119cy i M\u0119ski Filharmonii Pozna\u0144skiej &#8222;Pozna\u0144skie S\u0142owiki&#8221; zaprasza nowych \u015bpiewak\u00f3w do g\u0142os\u00f3w ch\u0142opi\u0119cych: do sopran\u00f3w i alt\u00f3w. Zg\u0142oszenia i informacje mo\u017cna uzyka\u0107 telefonicznie w biurze ch\u00f3ru albo na stronie internetowej: www.slowiki.poznan.pl Serdecznie zapraszamy!<\/p>\n<p>13. Marsz dla \u017bycia przejdzie ulicami Poznania w niedziel\u0119, 18 czerwca. W zwi\u0105zku z tym organizujemy w naszej parafii akcj\u0119 \u201cPieluszka dla Maluszka\u201d. W niedziel\u0119, 4 czerwca, zbiera\u0107 b\u0119dziemy pieluchy oraz pieluchomajtki. Zostawia\u0107 je mo\u017cna pod ch\u00f3rem. Prosimy unika\u0107 pieluch w rozmiarze 3, nie zeramy zabawek. Pieluchy zostan\u0105 przekazane Siostrom Serafitkom oraz potrzebuj\u0105cym rodzinom z naszej parafii. Zach\u0119camy do w\u0142\u0105czenia si\u0119 w akcj\u0119!<\/p>\n<p>14. Zach\u0119camy do czytania Przewodnika Katolickiego. Prosimy dzieci, aby zabiera\u0142y Ziarno z niedzieln\u0105 Ewangeli\u0105 i odczyta\u0142y j\u0105 w rodzinie przed wsp\u00f3lnym posi\u0142kiem, albo w czasie wieczornego pacierza.<\/p>\n<p>&nbsp;<\/p>\n<p>&nbsp;<\/p>\n<p>&nbsp;<\/p>\n<p>&nbsp;<\/p>\n<p>&nbsp;<\/p>\n<p>&nbsp;<\/p>\n<p>&nbsp;<\/p>\n<p>&nbsp;<\/p>\n<p>&nbsp;<\/p>\n<p>&nbsp;<\/p>\n<p>&nbsp;<\/p>\n<p>&nbsp;<\/p>\n<p>&nbsp;<\/p>\n<p>&nbsp;<\/p>\n<p>&nbsp;<\/p>\n<p>&nbsp;<\/p>\n<p>&nbsp;<\/p>\n<p>&nbsp;<\/p>\n","protected":false},"excerpt":{"rendered":"<p>&nbsp; &nbsp; OG\u0141OSZENIA DUSZPASTERSKIE ZES\u0141ANIE DUCHA \u015aWI\u0118TEGO 28 maja 2023 r. 1. Kalendarz liturgiczny: poniedzia\u0142ek \u2013 NMP Matki Ko\u015bcio\u0142a, wtorek \u2013 \u015bw. Jana Sankandra, \u015broda \u2013 \u015bw. Nawiedzenie NMP, czwartek \u2013 \u015bwi\u0119to Jezusa Chrystusa Najwy\u017cszego i Wiecznego Kap\u0142an, pi\u0105tek \u2013 \u015bw. Marcelina i Piotra, sobota \u2013 \u015bw. Karola Lwangi i tow. 2. W poniedzia\u0142ek, II &#8230; <span class=\"more\"><a class=\"more-link\" href=\"https:\/\/www.chnk.pl\/?p=3793\">czytaj wi\u0119cej<\/a><\/span><\/p>\n","protected":false},"author":3,"featured_media":0,"comment_status":"open","ping_status":"open","sticky":false,"template":"","format":"standard","meta":{"ngg_post_thumbnail":0,"footnotes":""},"categories":[1],"tags":[],"_links":{"self":[{"href":"https:\/\/www.chnk.pl\/index.php?rest_route=\/wp\/v2\/posts\/3793"}],"collection":[{"href":"https:\/\/www.chnk.pl\/index.php?rest_route=\/wp\/v2\/posts"}],"about":[{"href":"https:\/\/www.chnk.pl\/index.php?rest_route=\/wp\/v2\/types\/post"}],"author":[{"embeddable":true,"href":"https:\/\/www.chnk.pl\/index.php?rest_route=\/wp\/v2\/users\/3"}],"replies":[{"embeddable":true,"href":"https:\/\/www.chnk.pl\/index.php?rest_route=%2Fwp%2Fv2%2Fcomments&post=3793"}],"version-history":[{"count":1,"href":"https:\/\/www.chnk.pl\/index.php?rest_route=\/wp\/v2\/posts\/3793\/revisions"}],"predecessor-version":[{"id":3794,"href":"https:\/\/www.chnk.pl\/index.php?rest_route=\/wp\/v2\/posts\/3793\/revisions\/3794"}],"wp:attachment":[{"href":"https:\/\/www.chnk.pl\/index.php?rest_route=%2Fwp%2Fv2%2Fmedia&parent=3793"}],"wp:term":[{"taxonomy":"category","embeddable":true,"href":"https:\/\/www.chnk.pl\/index.php?rest_route=%2Fwp%2Fv2%2Fcategories&post=3793"},{"taxonomy":"post_tag","embeddable":true,"href":"https:\/\/www.chnk.pl\/index.php?rest_route=%2Fwp%2Fv2%2Ftags&post=3793"}],"curies":[{"name":"wp","href":"https:\/\/api.w.org\/{rel}","templated":true}]}}