{"id":3781,"date":"2023-05-20T15:27:53","date_gmt":"2023-05-20T15:27:53","guid":{"rendered":"http:\/\/www.chnk.pl\/?p=3781"},"modified":"2023-05-20T15:28:21","modified_gmt":"2023-05-20T15:28:21","slug":"wniebowstapienie-panskie-2","status":"publish","type":"post","link":"https:\/\/www.chnk.pl\/?p=3781","title":{"rendered":"WNIEBOWSTAPIENIE PA\u0143SKIE"},"content":{"rendered":"<p>&nbsp;<\/p>\n<p><strong>OG\u0141OSZENIA DUSZPASTERSKIE<\/strong><\/p>\n<p><strong>NIEDZIELA VII WIELKANOCY<\/strong><\/p>\n<p><strong><em>WNIEBOWST\u0104PIENIE PA\u0143SKIE<\/em><\/strong><\/p>\n<p><strong>&nbsp;&nbsp;&nbsp;&nbsp;&nbsp;&nbsp;&nbsp;&nbsp;&nbsp;&nbsp;&nbsp;&nbsp;&nbsp;&nbsp;&nbsp;&nbsp;&nbsp;&nbsp;&nbsp;&nbsp;&nbsp;&nbsp;&nbsp;&nbsp;&nbsp;&nbsp;&nbsp;&nbsp;&nbsp;&nbsp;&nbsp;&nbsp;&nbsp;&nbsp;&nbsp;&nbsp;&nbsp;&nbsp;&nbsp;&nbsp;&nbsp;&nbsp;&nbsp;&nbsp;&nbsp;&nbsp;&nbsp;&nbsp;&nbsp;&nbsp;&nbsp;&nbsp;&nbsp;&nbsp;&nbsp;&nbsp;&nbsp;&nbsp;&nbsp;&nbsp;&nbsp;&nbsp;&nbsp;&nbsp;&nbsp;&nbsp;&nbsp;&nbsp;&nbsp;&nbsp;&nbsp;&nbsp;&nbsp;&nbsp;&nbsp;&nbsp;&nbsp;&nbsp;&nbsp;&nbsp; 21 maja 2023 r.<\/strong><\/p>\n<ol>\n<li>Kalendarz liturgiczny: poniedzia\u0142ek \u2013 \u015bw. Rity, \u015broda \u2013 NMP Wspomo\u017cycielki Wiernych, czwartek \u2013 \u015bw. Bedy Czcigodnego, pi\u0105tek \u2013 \u015bw. Filipa Nereusza, sobota \u2013 \u015bw. Augustyna z Canterbury<\/li>\n<\/ol>\n<p>&nbsp;<\/p>\n<ol start=\"2\">\n<li>Bia\u0142y Tydzie\u0144 od poniedzia\u0142ku do pi\u0105tku o godz. 18.00.<\/li>\n<\/ol>\n<p>&nbsp;<\/p>\n<ol start=\"3\">\n<li>Rocznica I Komunii \u015bw. w poniedzia\u0142ek, 22 maja br., na mszy \u015bw. o godz. 19.15. Dzieci uczestnicz\u0105 w strojach pierwszokomunijnych lub innych od\u015bwi\u0119tnych. Na t\u0119 uroczyst\u0105 msz\u0119 \u015bw. dzieci przynosz\u0105 ksi\u0105\u017ceczki pierwszopi\u0105tkowe. Okazja do spowiedzi \u015bw. dla tych dzieci jeszcze dzisiaj, w niedziel\u0119, od godz. 16.30 do 17.30.<\/li>\n<\/ol>\n<p>&nbsp;<\/p>\n<ol start=\"4\">\n<li>Kr\u0105g Biblijny w \u015brod\u0119 o godz. 18.45 w salce parafialnej (po wieczornej mszy \u015bw.)<\/li>\n<\/ol>\n<p>&nbsp;<\/p>\n<ol start=\"5\">\n<li>W \u015brod\u0119 Dzie\u0144 Powszechnej Modlitwy za Ko\u015bci\u00f3\u0142 w Chinach.<\/li>\n<\/ol>\n<p>&nbsp;<\/p>\n<ol start=\"6\">\n<li>W pi\u0105tek Dzie\u0144 Matki, b\u0119dziemy zatem modli\u0107 si\u0119 w intencji naszych Matek \u2013 \u017cyj\u0105cych i zmar\u0142ych.<\/li>\n<\/ol>\n<p>&nbsp;<\/p>\n<ol start=\"7\">\n<li>Nie ma pi\u0105tkowego spotkania duszpasterstwa m\u0142odzie\u017cy<\/li>\n<\/ol>\n<p>&nbsp;<\/p>\n<ol start=\"8\">\n<li>Zapraszamy na czuwanie modlitewne w Wigili\u0119 Zes\u0142ania Ducha \u015awi\u0119tego w sobot\u0119, 27 maja w godz. 19:30 do 21:00.<\/li>\n<\/ol>\n<p>&nbsp;<\/p>\n<ol start=\"9\">\n<li>W niedziel\u0119 4 czerwca ju\u017c 7-my raz odb\u0119dzie si\u0119 piesza Pielgrzymka Kobiet od Maryi do J\u00f3zefa &#8211; z Sanktuarium Narodzenia NMP w Tulcach do Sanktuarium \u015bw. J\u00f3zefa w Poznaniu, w tym roku pod has\u0142em: Kobieta wyzwolona. Zbi\u00f3rka o godzinie 7:00 rano w Tulcach. Szczeg\u00f3\u0142y na stronie Sanktuarium \u015bw. J\u00f3zefa: poznan.karmelicibosi.pl oraz na mediach spo\u0142eczno\u015bciowych Duszpasterstwa Kobiet. Organizatorem pielgrzymki s\u0105 Karmelici Bosi.<\/li>\n<\/ol>\n<p>&nbsp;<\/p>\n<ol start=\"10\">\n<li>Archidiecezja Pozna\u0144ska organizuje pielgrzymk\u0119 do Ziemi \u015awi\u0119tej w dniach od 2 do 9 marca 2024 r. Szczeg\u00f3\u0142y w zakrystii i Biurze Parafialnym<\/li>\n<\/ol>\n<p>&nbsp;<\/p>\n<ol start=\"11\">\n<li>Zbli\u017ca si\u0119 Uroczysto\u015b\u0107 Bo\u017cego Cia\u0142a. Prosimy, aby o\u0142tarze przygotowali: I &#8211; Rodzice dzieci klas trzecich. II &#8211; Rodzice ministrant\u00f3w III &#8211; M\u0142odzie\u017c i m\u0142ode ma\u0142\u017ce\u0144stwa, IV &#8211; Wsp\u00f3lnoty R\u00f3\u017ca\u0144cowe.<\/li>\n<\/ol>\n<p>&nbsp;<\/p>\n<ol start=\"12\">\n<li>Zach\u0119camy do czytania prasy katolickiej. Przy zakrystii: Przewodnik Katolicki, Ma\u0142y Przewodnik Katolicki, Go\u015b\u0107 Niedzielny, Ziarno, gazetka parafialna.<\/li>\n<\/ol>\n<p>&nbsp;<\/p>\n<ol start=\"13\">\n<li>M\u00f3dlmy si\u0119 za zmar\u0142ych. Za dusz\u0119 \u015bp. Tadeusza Koszarka, d\u0142ugoletniego organisty w Parafii \u015bw. \u0141ukasza na os. Rusa (msza \u015bw. pogrzebowa w tamtejszym ko\u015bciele o godz. 10.00, pogrzeb na cmentarzu staro\u0142\u0119ckim o godz. 12.00) i za dusz\u0119 \u015bp. Jolanty Hoppel z d. Adamczak (msza \u015bw. pogrzebowa w Szczepankowie o godz. 11.00, pogrzeb na cmentarzu sp\u0142awskim o godz. 12.00). Wieczny odpoczynek raz zmar\u0142ym da\u0107 Panie.<\/li>\n<\/ol>\n<p>&nbsp;<\/p>\n<p>&nbsp;<\/p>\n<p>&nbsp;<\/p>\n<p><strong>&nbsp;&nbsp; ARCYBISKUP METROPOLITA &nbsp;&nbsp;&nbsp;&nbsp;&nbsp;&nbsp;&nbsp;&nbsp;&nbsp;&nbsp;&nbsp;&nbsp;&nbsp;&nbsp;&nbsp;&nbsp;&nbsp;&nbsp;&nbsp;&nbsp;&nbsp;&nbsp;&nbsp; &nbsp;&nbsp;&nbsp;&nbsp;&nbsp;&nbsp;&nbsp;&nbsp;&nbsp;&nbsp;&nbsp;&nbsp;&nbsp;&nbsp;&nbsp;&nbsp;&nbsp;&nbsp;&nbsp;&nbsp;&nbsp;&nbsp;&nbsp; &nbsp;&nbsp;&nbsp;&nbsp;&nbsp; <\/strong>Pozna\u0144, dnia 5 maja 2023 roku<\/p>\n<p><strong>&nbsp;&nbsp;&nbsp; POZNA\u0143SKI<\/strong> &nbsp;&nbsp;&nbsp;&nbsp;&nbsp;&nbsp; N. 2110 \/2023<\/p>\n<p><strong>&nbsp;<\/strong><\/p>\n<p><strong>&nbsp;<\/strong><\/p>\n<p>&nbsp;<\/p>\n<p>&nbsp;&nbsp;&nbsp;&nbsp;&nbsp;&nbsp;&nbsp;&nbsp;&nbsp;&nbsp;&nbsp;&nbsp;&nbsp; Umi\u0142owani Diecezjanie!<\/p>\n<p>Z rado\u015bci\u0105 powiadamiam was, \u017ce w sobot\u0119 27 maja br. o godz. 10<sup>00<\/sup> w Katedrze Pozna\u0144skiej udziel\u0119 o\u015bmiu Diakonom \u015bwi\u0119ce\u0144 kap\u0142a\u0144skich. Oto ich nazwiska i parafie pochodzenia:<\/p>\n<ul>\n<li>Mateusz Danielewicz z par. pw. Matki Bo\u017cej Pocieszenia w Poznaniu<\/li>\n<li>Micha\u0142 Dziedzic z par. pw. Matki Bo\u017cej Gromnicznej w Ko\u017cuchowie<\/li>\n<li>Krzysztof Karwatka z par. pw. \u015bw. Micha\u0142a Archanio\u0142a w Siedlcu<\/li>\n<li>Mateusz Kufel z par. pw. Matki Bo\u017cej Pocieszenia w Poznaniu<\/li>\n<li>Andrzej Marciniak z par. pw. \u015bw. Jana Paw\u0142a II w Kaliszu<\/li>\n<li>Adrian Paczkowski z par. pw. \u015bw. Jana Kantego w Poznaniu<\/li>\n<li>Patryk Tomczak z par. pw. Narodzenia NMP w Tulcach<\/li>\n<li>Maciej Zajdowicz z par. pw. \u015bw. Marii Magdaleny w Wielichowie<\/li>\n<\/ul>\n<p>Zapraszaj\u0105c na uroczysto\u015b\u0107 polecam ich modlitwom wszystkich Diecezjan, zw\u0142aszcza prosz\u0119 o ni\u0105 chorych i&nbsp;cierpi\u0105cych. Jednocze\u015bnie dzi\u0119kuj\u0119 za nieustanne wspieranie dzie\u0142a powo\u0142a\u0144 i ofiarno\u015b\u0107 na rzecz naszego Seminarium.<\/p>\n<p>&nbsp;&nbsp;&nbsp;&nbsp;&nbsp;&nbsp;&nbsp;&nbsp;&nbsp;&nbsp;&nbsp; &nbsp;&nbsp;&nbsp;&nbsp;&nbsp;&nbsp;&nbsp;&nbsp;&nbsp;&nbsp;&nbsp;&nbsp;&nbsp;&nbsp;&nbsp;&nbsp;&nbsp;&nbsp;&nbsp;&nbsp;&nbsp;&nbsp;&nbsp;&nbsp;&nbsp;&nbsp;&nbsp;&nbsp;&nbsp;&nbsp;&nbsp;&nbsp;&nbsp;&nbsp;&nbsp;&nbsp;&nbsp;&nbsp;&nbsp;&nbsp;&nbsp;&nbsp;&nbsp;&nbsp;&nbsp;&nbsp;&nbsp;&nbsp;&nbsp;&nbsp;&nbsp;&nbsp;&nbsp;&nbsp;&nbsp;&nbsp;&nbsp;&nbsp;&nbsp;&nbsp;&nbsp;&nbsp;Z serca Wam&nbsp; b \u0142 o g o s \u0142 a w i \u0119&nbsp;&nbsp;&nbsp;&nbsp;&nbsp;&nbsp;&nbsp;&nbsp;&nbsp;&nbsp;&nbsp;&nbsp;&nbsp;&nbsp;&nbsp;&nbsp;&nbsp;&nbsp;&nbsp;&nbsp;&nbsp;&nbsp;&nbsp;&nbsp;&nbsp;&nbsp;&nbsp;&nbsp;&nbsp;&nbsp;&nbsp;&nbsp;&nbsp;&nbsp;&nbsp;&nbsp;&nbsp;&nbsp;&nbsp;&nbsp;&nbsp;&nbsp;&nbsp;&nbsp;&nbsp;&nbsp;&nbsp;&nbsp;&nbsp;&nbsp;&nbsp;&nbsp;&nbsp;&nbsp;&nbsp;&nbsp;&nbsp;&nbsp;&nbsp;&nbsp;&nbsp;&nbsp;&nbsp;&nbsp;&nbsp;&nbsp;&nbsp;&nbsp;&nbsp;&nbsp;&nbsp;&nbsp;&nbsp;&nbsp;&nbsp;&nbsp;&nbsp;&nbsp;&nbsp;&nbsp;&nbsp;&nbsp;&nbsp;&nbsp;&nbsp;&nbsp;&nbsp;&nbsp;&nbsp;&nbsp;&nbsp;&nbsp;&nbsp;&nbsp;&nbsp;&nbsp;&nbsp;&nbsp;&nbsp;&nbsp;&nbsp;&nbsp;&nbsp;&nbsp;&nbsp;&nbsp;&nbsp;&nbsp;&nbsp;&nbsp;&nbsp;&nbsp;&nbsp;&nbsp;&nbsp;&nbsp;&nbsp;&nbsp;&nbsp;&nbsp;&nbsp;&nbsp;&nbsp;&nbsp;&nbsp;&nbsp;&nbsp;&nbsp;&nbsp;&nbsp;&nbsp;&nbsp;&nbsp;&nbsp;&nbsp;&nbsp;&nbsp;&nbsp;&nbsp;&nbsp;&nbsp;&nbsp;&nbsp;&nbsp;&nbsp;&nbsp;&nbsp;&nbsp;&nbsp;&nbsp;&nbsp;&nbsp;&nbsp;&nbsp;&nbsp;&nbsp;&nbsp;&nbsp;&nbsp; &nbsp;&nbsp;&nbsp;&nbsp;&nbsp;&nbsp;&nbsp;&nbsp;&nbsp;&nbsp;&nbsp;&nbsp;&nbsp;&nbsp;&nbsp;&nbsp;&nbsp;&nbsp;&nbsp;&nbsp;&nbsp;&nbsp;&nbsp;&nbsp;&nbsp;&nbsp;&nbsp;&nbsp;&nbsp;&nbsp;&nbsp;&nbsp;&nbsp;&nbsp;&nbsp;&nbsp;&nbsp;&nbsp;&nbsp;&nbsp;&nbsp;&nbsp;&nbsp;&nbsp;&nbsp;&nbsp;&nbsp;&nbsp;&nbsp;&nbsp;&nbsp;&nbsp;&nbsp;&nbsp;&nbsp;\u2020 Stanis\u0142aw G\u0105decki&nbsp;&nbsp;&nbsp;&nbsp;<\/p>\n<p>Arcybiskup Metropolita Pozna\u0144ski<\/p>\n<p><strong>&nbsp;&nbsp;&nbsp;&nbsp;&nbsp;&nbsp;&nbsp;&nbsp;&nbsp;&nbsp;&nbsp;&nbsp;&nbsp;&nbsp;&nbsp;&nbsp;&nbsp;&nbsp;&nbsp;&nbsp;&nbsp;&nbsp;&nbsp; <\/strong><\/p>\n<p><strong>&nbsp;<\/strong><\/p>\n<p><strong>&nbsp;<\/strong><\/p>\n<p><strong>&nbsp;<\/strong><\/p>\n<p><strong>&nbsp;<\/strong><\/p>\n<p><strong>&nbsp;<\/strong><\/p>\n<p>&nbsp;<\/p>\n","protected":false},"excerpt":{"rendered":"<p>&nbsp; OG\u0141OSZENIA DUSZPASTERSKIE NIEDZIELA VII WIELKANOCY WNIEBOWST\u0104PIENIE PA\u0143SKIE &nbsp;&nbsp;&nbsp;&nbsp;&nbsp;&nbsp;&nbsp;&nbsp;&nbsp;&nbsp;&nbsp;&nbsp;&nbsp;&nbsp;&nbsp;&nbsp;&nbsp;&nbsp;&nbsp;&nbsp;&nbsp;&nbsp;&nbsp;&nbsp;&nbsp;&nbsp;&nbsp;&nbsp;&nbsp;&nbsp;&nbsp;&nbsp;&nbsp;&nbsp;&nbsp;&nbsp;&nbsp;&nbsp;&nbsp;&nbsp;&nbsp;&nbsp;&nbsp;&nbsp;&nbsp;&nbsp;&nbsp;&nbsp;&nbsp;&nbsp;&nbsp;&nbsp;&nbsp;&nbsp;&nbsp;&nbsp;&nbsp;&nbsp;&nbsp;&nbsp;&nbsp;&nbsp;&nbsp;&nbsp;&nbsp;&nbsp;&nbsp;&nbsp;&nbsp;&nbsp;&nbsp;&nbsp;&nbsp;&nbsp;&nbsp;&nbsp;&nbsp;&nbsp;&nbsp;&nbsp; 21 maja 2023 r. Kalendarz liturgiczny: poniedzia\u0142ek \u2013 \u015bw. Rity, \u015broda \u2013 NMP Wspomo\u017cycielki Wiernych, czwartek \u2013 \u015bw. Bedy Czcigodnego, pi\u0105tek \u2013 \u015bw. Filipa Nereusza, sobota \u2013 \u015bw. Augustyna z Canterbury &nbsp; Bia\u0142y Tydzie\u0144 od poniedzia\u0142ku do pi\u0105tku o godz. 18.00. &nbsp; Rocznica I Komunii \u015bw. &#8230; <span class=\"more\"><a class=\"more-link\" href=\"https:\/\/www.chnk.pl\/?p=3781\">czytaj wi\u0119cej<\/a><\/span><\/p>\n","protected":false},"author":3,"featured_media":0,"comment_status":"open","ping_status":"open","sticky":false,"template":"","format":"standard","meta":{"ngg_post_thumbnail":0,"footnotes":""},"categories":[1],"tags":[],"_links":{"self":[{"href":"https:\/\/www.chnk.pl\/index.php?rest_route=\/wp\/v2\/posts\/3781"}],"collection":[{"href":"https:\/\/www.chnk.pl\/index.php?rest_route=\/wp\/v2\/posts"}],"about":[{"href":"https:\/\/www.chnk.pl\/index.php?rest_route=\/wp\/v2\/types\/post"}],"author":[{"embeddable":true,"href":"https:\/\/www.chnk.pl\/index.php?rest_route=\/wp\/v2\/users\/3"}],"replies":[{"embeddable":true,"href":"https:\/\/www.chnk.pl\/index.php?rest_route=%2Fwp%2Fv2%2Fcomments&post=3781"}],"version-history":[{"count":1,"href":"https:\/\/www.chnk.pl\/index.php?rest_route=\/wp\/v2\/posts\/3781\/revisions"}],"predecessor-version":[{"id":3782,"href":"https:\/\/www.chnk.pl\/index.php?rest_route=\/wp\/v2\/posts\/3781\/revisions\/3782"}],"wp:attachment":[{"href":"https:\/\/www.chnk.pl\/index.php?rest_route=%2Fwp%2Fv2%2Fmedia&parent=3781"}],"wp:term":[{"taxonomy":"category","embeddable":true,"href":"https:\/\/www.chnk.pl\/index.php?rest_route=%2Fwp%2Fv2%2Fcategories&post=3781"},{"taxonomy":"post_tag","embeddable":true,"href":"https:\/\/www.chnk.pl\/index.php?rest_route=%2Fwp%2Fv2%2Ftags&post=3781"}],"curies":[{"name":"wp","href":"https:\/\/api.w.org\/{rel}","templated":true}]}}