{"id":3777,"date":"2023-05-13T14:39:17","date_gmt":"2023-05-13T14:39:17","guid":{"rendered":"http:\/\/www.chnk.pl\/?p=3777"},"modified":"2023-05-13T14:39:26","modified_gmt":"2023-05-13T14:39:26","slug":"6-niedziela-wielkanocna-6","status":"publish","type":"post","link":"https:\/\/www.chnk.pl\/?p=3777","title":{"rendered":"6 Niedziela Wielkanocna"},"content":{"rendered":"<p>&nbsp;<\/p>\n<p><strong>&nbsp;<\/strong><\/p>\n<p><strong>&nbsp;<\/strong><\/p>\n<p><strong>OG\u0141OSZENIA DUSZPASTERSKIE<\/strong><\/p>\n<p><strong>NIEDZIELA VI WIELKANOCNA<\/strong><\/p>\n<p><strong>14 maja 2023 r.<\/strong><\/p>\n<ol>\n<li>Kalendarz liturgiczny: wtorek \u2013 \u015bw. Andrzeja Boboli, czwartek \u2013 \u015bw. Jana I, papie\u017ca i m\u0119czennik, sobota \u2013 \u015bw. Bernardyna ze Sieny<\/li>\n<li>Zapraszamy na RATAJSKI MARSZ PAPIESKI w czwartek, 18 maja, w 103 rocznic\u0119 urodzin \u015bw. Jana Paw\u0142a II. Marsz rozpocznie si\u0119 msz\u0105 \u015bw. o godz. 18.30 w ko\u015bciele na os. Stare \u017begrze, a nast\u0119pnie przejdzie pod krzy\u017c papieski przy ko\u015bciele na os. Bohater\u00f3w II Wojny \u015awiatowej, gdzie zostanie odprawione nabo\u017ce\u0144stwo majowe i Apel Jasnog\u00f3rski. Na Marsz mo\u017cna uda\u0107 si\u0119 indywidualnie. Proponujemy te\u017c wsp\u00f3lne, piesze wyj\u015bcie na \u017begrze, z naszej parafii, po mszy \u015bw. wieczornej. Wtedy zbi\u00f3rka przy ko\u015bciele o godz. 18.40. Udzia\u0142 w Marszu niech b\u0119dzie okazaniem wdzi\u0119czno\u015bci \u015bw. Janowi Paw\u0142owi II za Jego pos\u0142ug\u0119 wobec Ko\u015bcio\u0142a i naszej Ojczyzny oraz okazj\u0105 do uproszenia potrzebnych \u0142ask na nasze czasy za wstawiennictwem \u015bw. Jana Paw\u0142a II.<\/li>\n<li>Nabo\u017ce\u0144stwa majowe o godz. 17.30. \u015arodowa nowenna do Matki Bo\u017cej Nieustaj\u0105cej Pomocy w \u0142\u0105czno\u015bci z majowym nabo\u017ce\u0144stwem.<\/li>\n<li>W poniedzia\u0142ek, wtorek i \u015brod\u0119 kwartalne dni modlitwy o dobre urodzaje i za kraje g\u0142oduj\u0105ce. We wtorek po mszy \u015bw. porannej procesja b\u0142agalna do krzy\u017ca z litani\u0105 do \u015awi\u0119tych Pa\u0144skich.<\/li>\n<li>Rocznica I Komunii \u015bw. w poniedzia\u0142ek, 22 maja, na mszy \u015bw. o godz. 19.15. Zebranie rodzic\u00f3w tych dzieci w najbli\u017cszy poniedzia\u0142ek, 15 maja, o godz. 19.00 w ko\u015bciele.<\/li>\n<li>Kr\u0105g Biblijny w \u015brod\u0119 o godz. 18.45 (po mszy \u015bw.) w salce parafialnej.<\/li>\n<li>Zapraszamy na msz\u0119 \u015bw. z modlitw\u0105 o uzdrowienie, <u>wyj\u0105tkowo<\/u> w \u015brod\u0119, o 19:15. Intencje prosimy z\u0142o\u017cy\u0107 do koszyka pod ch\u00f3rem. Intencj\u0105 mszy \u015bw. b\u0119dzie te\u017c modlitwa za \u00f3smoklasist\u00f3w, kt\u00f3rym \u2013 na czas egzamin\u00f3w \u2013 \u017cyczymy Bo\u017cego b\u0142ogos\u0142awie\u0144stwa.<\/li>\n<li>8. W pi\u0105tek 19 dzie\u0144 miesi\u0105ca, w naszej Parafii Dzie\u0144 Salety\u0144ski. Zapraszamy na msz\u0119 \u015bw. wieczorn\u0105 i procesj\u0119 do figury Matki Bo\u017cej z La Salette.<\/li>\n<li>W przysz\u0142\u0105 niedziel\u0119, w uroczysto\u015b\u0107 Wniebowst\u0105pienia Pa\u0144skiego, o godz. 11.00, dzieci przyst\u0105pi\u0105 do I Komunii \u015bw. Prosimy wszystkich zwykle uczestnicz\u0105cych we mszy \u015bw. o godz. 11.15, aby w przysz\u0142\u0105 niedziel\u0119 wybrali inn\u0105 godzin\u0119.<\/li>\n<li>Dzieci pierwszokomunijne \u2013 pr\u00f3by liturgiczne w czwartek i w pi\u0105tek o godz. 16.00, rozpocz\u0119cie przy krzy\u017cu. Spowied\u017a \u015bw. dzieci w sobot\u0119: ch\u0142opcy o godz. 9.00, dziewczynki o godz. 9.45. Spowied\u017a \u015bw. dla rodzin w sobot\u0119 od godz. 7.15 do 8.00 i od 16.00 do 18.00. Dekorowanie ko\u015bcio\u0142a przez rodzic\u00f3w tylko w pi\u0105tek o godz. 19.00.<\/li>\n<li>Spotkanie duszpasterstwa m\u0142odzie\u017cy w pi\u0105tek o 19:15 w salce.<\/li>\n<\/ol>\n<h1>12. B\u00f3g zap\u0142a\u0107 za ofiary na danin\u0119 diecezjaln\u0105, na nasze Seminarium Duchowne i cele parafialne.<\/h1>\n<ol start=\"13\">\n<li><strong>13<\/strong>. Zach\u0119camy do czytania prasy religijnej. Przy zakrystii: Przewodnik Katolicki, Ma\u0142y Przewodnik Katolicki, Go\u015b\u0107 Niedzielny i gazeta parafialna.<\/li>\n<li>M\u00f3dlmy si\u0119 za zmar\u0142ych Parafian. Za dusz\u0119 \u015bp. Aliny Fr\u0105tczak, os. Lecha 18 ( msza \u015bw. i pogrzeb na cmentarzu przy ul Bluszczowej w \u015brod\u0119 o godz. 12.00) i dusz\u0119 \u015bp. Grzegorza Perza, os. Lecha 20 ( msza \u015bw. i pogrzeb na Nowinie w czwartek o godz. 10.30). Wieczny odpoczynek racz zmar\u0142ym da\u0107 Panie.<\/li>\n<\/ol>\n<p>&nbsp;<\/p>\n<p>&nbsp;<\/p>\n<p>&nbsp;<\/p>\n<p>&nbsp;<\/p>\n<p>&nbsp;<\/p>\n<p>&nbsp;<\/p>\n<p>&nbsp;<\/p>\n<p>W LIPCU I SIERPNIU<\/p>\n<p>NIE B\u0118DZIE<\/p>\n<p>MSZY \u015aW. NIEDZIELNEJ<\/p>\n<p>O GODZ. 12.30.<\/p>\n<p>&nbsp;<\/p>\n<p>&nbsp;<\/p>\n<p>W LIPCU I SIERPNIU<\/p>\n<p>CHRZEST NA MSZY \u015aW. O GODZ. 11.15<\/p>\n<p>W DRUG\u0104 I CZWART\u0104 NIEDZIEL\u0118 MIESI\u0104CA<\/p>\n<p>&nbsp;<\/p>\n","protected":false},"excerpt":{"rendered":"<p>&nbsp; &nbsp; &nbsp; OG\u0141OSZENIA DUSZPASTERSKIE NIEDZIELA VI WIELKANOCNA 14 maja 2023 r. Kalendarz liturgiczny: wtorek \u2013 \u015bw. Andrzeja Boboli, czwartek \u2013 \u015bw. Jana I, papie\u017ca i m\u0119czennik, sobota \u2013 \u015bw. Bernardyna ze Sieny Zapraszamy na RATAJSKI MARSZ PAPIESKI w czwartek, 18 maja, w 103 rocznic\u0119 urodzin \u015bw. Jana Paw\u0142a II. Marsz rozpocznie si\u0119 msz\u0105 \u015bw. &#8230; <span class=\"more\"><a class=\"more-link\" href=\"https:\/\/www.chnk.pl\/?p=3777\">czytaj wi\u0119cej<\/a><\/span><\/p>\n","protected":false},"author":3,"featured_media":0,"comment_status":"open","ping_status":"open","sticky":false,"template":"","format":"standard","meta":{"ngg_post_thumbnail":0,"footnotes":""},"categories":[1],"tags":[],"_links":{"self":[{"href":"https:\/\/www.chnk.pl\/index.php?rest_route=\/wp\/v2\/posts\/3777"}],"collection":[{"href":"https:\/\/www.chnk.pl\/index.php?rest_route=\/wp\/v2\/posts"}],"about":[{"href":"https:\/\/www.chnk.pl\/index.php?rest_route=\/wp\/v2\/types\/post"}],"author":[{"embeddable":true,"href":"https:\/\/www.chnk.pl\/index.php?rest_route=\/wp\/v2\/users\/3"}],"replies":[{"embeddable":true,"href":"https:\/\/www.chnk.pl\/index.php?rest_route=%2Fwp%2Fv2%2Fcomments&post=3777"}],"version-history":[{"count":1,"href":"https:\/\/www.chnk.pl\/index.php?rest_route=\/wp\/v2\/posts\/3777\/revisions"}],"predecessor-version":[{"id":3778,"href":"https:\/\/www.chnk.pl\/index.php?rest_route=\/wp\/v2\/posts\/3777\/revisions\/3778"}],"wp:attachment":[{"href":"https:\/\/www.chnk.pl\/index.php?rest_route=%2Fwp%2Fv2%2Fmedia&parent=3777"}],"wp:term":[{"taxonomy":"category","embeddable":true,"href":"https:\/\/www.chnk.pl\/index.php?rest_route=%2Fwp%2Fv2%2Fcategories&post=3777"},{"taxonomy":"post_tag","embeddable":true,"href":"https:\/\/www.chnk.pl\/index.php?rest_route=%2Fwp%2Fv2%2Ftags&post=3777"}],"curies":[{"name":"wp","href":"https:\/\/api.w.org\/{rel}","templated":true}]}}