{"id":3767,"date":"2023-05-06T15:43:39","date_gmt":"2023-05-06T15:43:39","guid":{"rendered":"http:\/\/www.chnk.pl\/?p=3767"},"modified":"2023-05-06T15:44:23","modified_gmt":"2023-05-06T15:44:23","slug":"konferencja-ku-trzezwosci-narodu-wezwani-do-dzialani","status":"publish","type":"post","link":"https:\/\/www.chnk.pl\/?p=3767","title":{"rendered":"Konferencja KU TRZE\u0179WO\u015aCI NARODU \u00a0\u00a0\u00a0\u00a0\u00a0\u00a0\u00a0\u00a0\u00a0\u00a0\u00a0\u00a0\u00a0\u00a0\u00a0\u00a0\u00a0\u00a0\u00a0\u00a0\u00a0\u00a0\u00a0\u2013 WEZWANI DO DZIA\u0141ANIA"},"content":{"rendered":"<p>&nbsp;<\/p>\n<p style=\"text-align: right;\">Serdecznie zapraszamy na Konferencj\u0119 <strong>KU TRZE\u0179WO\u015aCI NARODU &nbsp;&nbsp;&nbsp;&nbsp;&nbsp;&nbsp;&nbsp;&nbsp;&nbsp;&nbsp;&nbsp;&nbsp;&nbsp;&nbsp;&nbsp;&nbsp;&nbsp;&nbsp;&nbsp;&nbsp;&nbsp;&nbsp;&nbsp;\u2013 WEZWANI DO DZIA\u0141ANIA<\/strong> organizowan\u0105 przez Archidiecezj\u0119 Pozna\u0144sk\u0105, Krucjat\u0119 Wyzwolenia Cz\u0142owieka oraz Duszpasterstwo Apostolstwa Trze\u017awo\u015bci Archidiecezji Pozna\u0144skiej.<\/p>\n<p>Konferencja odb\u0119dzie si\u0119 w Poznaniu 10 maja 2023 r.<\/p>\n<p>Tematyka wyk\u0142ad\u00f3w dotyczy Narodowego Programu Trze\u017awo\u015bci, roli rodziny, samorz\u0105du i pa\u0144stwa w kszta\u0142towaniu trze\u017awego spo\u0142ecze\u0144stwa. Do udzia\u0142u zapraszamy wszystkich, kt\u00f3rym przy\u015bwieca idea\u0142 trze\u017awo\u015bci, pokonania na\u0142ogu alkoholizmu w narodzie polskim, dla kt\u00f3rych wa\u017cna jest godno\u015b\u0107 i wolno\u015b\u0107 cz\u0142owieka.<\/p>\n<p>Na konferencj\u0119 zapraszamy \u015brodowiska trze\u017awo\u015bciowe, cz\u0142onk\u00f3w, kandydat\u00f3w &nbsp;&nbsp;&nbsp;i sympatyk\u00f3w Krucjaty Wyzwolenia Cz\u0142owieka i Apostolatu Trze\u017awo\u015bci, cz\u0142onk\u00f3w&nbsp; gminnych komisji rozwi\u0105zywania problem\u00f3w&nbsp; alkoholowych, nauczycieli i pedagog\u00f3w, katechet\u00f3w.<\/p>\n<p>Msz\u0119 \u015awi\u0119t\u0105 rozpoczynaj\u0105c\u0105 konferencj\u0119 odprawi o godzinie 9.00 w Katedrze Pozna\u0144skiej ks. abp. Stanis\u0142aw G\u0105decki, Metropolita Pozna\u0144ski, Przewodnicz\u0105cy KEP. O godzinie 10:00 rozpocznie si\u0119 konferencja w Sali Towarzystwa Chrystusowc\u00f3w przy ul. Panny Marii na Ostrowie Tumskim w Poznaniu.<\/p>\n<p>Prosimy o wzi\u0119cie udzia\u0142u w konferencji i potwierdzenie jej udzia\u0142u pod adresem: mjozwiakets@wp.pl. Wszelkie pytania zwi\u0105zane z konferencj\u0105 kierujemy pod numerem telefonu: 660416036.<\/p>\n<p><a href=\"http:\/\/www.chnk.pl\/wp-content\/uploads\/2023\/05\/Konferencja-_Ku-trzezwosci._-10.05.2023-Poznan.doc\">Konferencja _Ku trze\u017awo\u015bci&#8230;_ 10.05.2023 Poznan<\/a><\/p>\n<p><strong><u>KONFERENCJA\u2013 10.05.2023<\/u><\/strong><\/p>\n<p><strong><u>NARODOWY PROGRAM TRZE\u0179WO\u015aCI \u2013 WEZWANI DO DZIA\u0141ANIA<\/u><\/strong><\/p>\n<p>09:00 Msza \u015awi\u0119ta pod przewodnictwem ks. abp Stanis\u0142awa G\u0105deckiego Metropolity Pozna\u0144skiego, Przewodnicz\u0105cego KEP \u2013 <strong>Katedra Pozna\u0144ska<\/strong><\/p>\n<p>10:00 Rozpocz\u0119cie konferencji i powitanie przyby\u0142ych go\u015bci &nbsp;&nbsp;&nbsp;&nbsp;&nbsp;&nbsp;&nbsp;&nbsp;&nbsp;&nbsp;&nbsp;&nbsp;&nbsp;&nbsp;&nbsp;&nbsp;&nbsp;&nbsp;&nbsp;&nbsp;&nbsp;&nbsp;&nbsp;&nbsp;&nbsp;&nbsp;&nbsp;&nbsp;&nbsp;&nbsp;&nbsp;&nbsp;&nbsp;&nbsp;&nbsp;&nbsp;&nbsp;\u2013 <strong>Aula TChr ul. Panny Marii 4 w Poznaniu<\/strong><\/p>\n<p>&#8211; S\u0142owo powitania ks. dr Jaros\u0142aw B\u0142a\u017cejak, Krajowy Moderator KWC<\/p>\n<p>&#8211; S\u0142owo wst\u0119pne: ks. abp &nbsp;Stanis\u0142aw G\u0105decki, Metropolita Pozna\u0144ski<\/p>\n<p>&#8211; S\u0142owo wst\u0119pne: Micha\u0142 Zieli\u0144ski Wojewoda Wielkopolski<\/p>\n<p><u>TEMATY I PRELEGENCI<\/u><\/p>\n<ol>\n<li>Dlaczego Narodowy Program Trze\u017awo\u015bci?&nbsp; &#8211; ks. bp Tadeusz Bronakowski<\/li>\n<li>Narodowy Program Trze\u017awo\u015bci w parafii &#8211; ks. dr Jaros\u0142aw B\u0142a\u017cejak<\/li>\n<li>Ekonomiczne konsekwencje spo\u017cywania alkoholu &#8211; prof. SWWS Krzysztof Wojcieszek<\/li>\n<li>Straty Spo\u0142eczne nadu\u017cywania alkoholu &#8211; Marlena Mal\u0105g, Minister Rodziny, Pracy i Polityki Spo\u0142ecznej<\/li>\n<li>Odpowiedzialno\u015b\u0107 samorz\u0105du lokalnego za trze\u017awo\u015b\u0107 \u2013 Henryk Kowalczyk Wicepremier RP<\/li>\n<li>Jakie relacje w rodzinie umacniaj\u0105 trze\u017awo\u015b\u0107 &#8211; Ma\u0142gorzata Nawrocka, pisarka<\/li>\n<li>25 lat Apostolatu Trze\u017awo\u015bci w Archidiecezji Pozna\u0144skiej &#8211; ks. Pawe\u0142 Pawlicki, Diecezjalny Moderator Apostolatu Trze\u017awo\u015bci<\/li>\n<li>Nowa Kultura &#8211; wyzwania i zagro\u017cenia &#8211; ks. Piotr Derda, Moderator Diecezjalny KWC<\/li>\n<li>Zadania i dzia\u0142ania KWC w \u015brodowisku lokalnym &#8211; Maciej J\u00f3\u017awiak, Centralna Diakonia Wyzwolenia \u2013 Krucjata Wyzwolenia Cz\u0142owieka<\/li>\n<li>Wolne g\u0142osy<\/li>\n<\/ol>\n<p>Zako\u0144czenie konferencji \u2013 godzina 16:00<\/p>\n<p>&nbsp;<\/p>\n<p>&nbsp;<\/p>\n","protected":false},"excerpt":{"rendered":"<p>&nbsp; Serdecznie zapraszamy na Konferencj\u0119 KU TRZE\u0179WO\u015aCI NARODU &nbsp;&nbsp;&nbsp;&nbsp;&nbsp;&nbsp;&nbsp;&nbsp;&nbsp;&nbsp;&nbsp;&nbsp;&nbsp;&nbsp;&nbsp;&nbsp;&nbsp;&nbsp;&nbsp;&nbsp;&nbsp;&nbsp;&nbsp;\u2013 WEZWANI DO DZIA\u0141ANIA organizowan\u0105 przez Archidiecezj\u0119 Pozna\u0144sk\u0105, Krucjat\u0119 Wyzwolenia Cz\u0142owieka oraz Duszpasterstwo Apostolstwa Trze\u017awo\u015bci Archidiecezji Pozna\u0144skiej. Konferencja odb\u0119dzie si\u0119 w Poznaniu 10 maja 2023 r. Tematyka wyk\u0142ad\u00f3w dotyczy Narodowego Programu Trze\u017awo\u015bci, roli rodziny, samorz\u0105du i pa\u0144stwa w kszta\u0142towaniu trze\u017awego spo\u0142ecze\u0144stwa. Do udzia\u0142u zapraszamy wszystkich, kt\u00f3rym przy\u015bwieca &#8230; <span class=\"more\"><a class=\"more-link\" href=\"https:\/\/www.chnk.pl\/?p=3767\">czytaj wi\u0119cej<\/a><\/span><\/p>\n","protected":false},"author":3,"featured_media":0,"comment_status":"open","ping_status":"open","sticky":false,"template":"","format":"standard","meta":{"ngg_post_thumbnail":0,"footnotes":""},"categories":[1],"tags":[],"_links":{"self":[{"href":"https:\/\/www.chnk.pl\/index.php?rest_route=\/wp\/v2\/posts\/3767"}],"collection":[{"href":"https:\/\/www.chnk.pl\/index.php?rest_route=\/wp\/v2\/posts"}],"about":[{"href":"https:\/\/www.chnk.pl\/index.php?rest_route=\/wp\/v2\/types\/post"}],"author":[{"embeddable":true,"href":"https:\/\/www.chnk.pl\/index.php?rest_route=\/wp\/v2\/users\/3"}],"replies":[{"embeddable":true,"href":"https:\/\/www.chnk.pl\/index.php?rest_route=%2Fwp%2Fv2%2Fcomments&post=3767"}],"version-history":[{"count":1,"href":"https:\/\/www.chnk.pl\/index.php?rest_route=\/wp\/v2\/posts\/3767\/revisions"}],"predecessor-version":[{"id":3769,"href":"https:\/\/www.chnk.pl\/index.php?rest_route=\/wp\/v2\/posts\/3767\/revisions\/3769"}],"wp:attachment":[{"href":"https:\/\/www.chnk.pl\/index.php?rest_route=%2Fwp%2Fv2%2Fmedia&parent=3767"}],"wp:term":[{"taxonomy":"category","embeddable":true,"href":"https:\/\/www.chnk.pl\/index.php?rest_route=%2Fwp%2Fv2%2Fcategories&post=3767"},{"taxonomy":"post_tag","embeddable":true,"href":"https:\/\/www.chnk.pl\/index.php?rest_route=%2Fwp%2Fv2%2Ftags&post=3767"}],"curies":[{"name":"wp","href":"https:\/\/api.w.org\/{rel}","templated":true}]}}