{"id":3761,"date":"2023-05-06T15:37:32","date_gmt":"2023-05-06T15:37:32","guid":{"rendered":"http:\/\/www.chnk.pl\/?p=3761"},"modified":"2023-05-06T15:37:32","modified_gmt":"2023-05-06T15:37:32","slug":"5-niedziela-wielkanocna-6","status":"publish","type":"post","link":"https:\/\/www.chnk.pl\/?p=3761","title":{"rendered":"5 Niedziela Wielkanocna"},"content":{"rendered":"<p>&nbsp;<\/p>\n<p><strong>OG\u0141OSZENIA DUSZPASTERSKIE<\/strong><\/p>\n<p><strong>NIEDZIELA V WIELKANOCNA<\/strong><\/p>\n<p><strong>7 maja 2023 r.<\/strong><\/p>\n<ol>\n<li>Kalendarz liturgiczny:<\/li>\n<\/ol>\n<p>poniedzia\u0142ek<strong> \u2013 <\/strong>\u015bw. Stanis\u0142awa, bp. i m. g\u0142\u00f3wnego patrona Polski i Archidiecezji,<\/p>\n<p>\u015broda &#8211; \u015bw. Jana&nbsp; z Avili,<\/p>\n<p>pi\u0105tek \u2013 \u015bw. Nereusza i Achillesa, a tak\u017ce \u015bw. Pankracego<\/p>\n<p>sobota \u2013 NMP z Fatimy<\/p>\n<p>&nbsp;<\/p>\n<ol start=\"2\">\n<li>Zapraszamy wszystkich do uczestnictwa w RATAJSKIM MARSZU PAPIESKIM w czwartek, 18 maja. Marsz rozpocznie si\u0119 msz\u0105 \u015bw. o godz. 18.30 w ko\u015bciele na os. Stare \u017begrze, a nast\u0119pnie przejdzie pod krzy\u017c papieski przy ko\u015bciele na os. Bohater\u00f3w II Wojny \u015awiatowej, gdzie zostanie odprawione nabo\u017ce\u0144stwo majowe i Apel Jasnog\u00f3rski. Szczeg\u00f3\u0142y za tydzie\u0144.<\/li>\n<\/ol>\n<p>&nbsp;<\/p>\n<ol start=\"3\">\n<li>Nabo\u017ce\u0144stwa majowe codziennie o godz. 17.30. W \u015brod\u0119 nowenna do Matki Bo\u017cej Nieustaj\u0105cej Pomocy w \u0142\u0105czno\u015bci z majowym nabo\u017ce\u0144stwem.<\/li>\n<\/ol>\n<p>&nbsp;<\/p>\n<ol start=\"4\">\n<li>Zapraszamy na Kr\u0105g Biblijny w \u015brod\u0119 o godz. 18.45 (po wieczornej mszy \u015bw.) do salki parafialnej.<\/li>\n<\/ol>\n<p>&nbsp;<\/p>\n<ol start=\"5\">\n<li>W najbli\u017cszy czwartek spotkanie dzieci przygotowuj\u0105cych si\u0119 do I Komunii \u015bw. Spotkanie dla wszystkich tych dzieci o godz. 16.45 w salce.<\/li>\n<\/ol>\n<p>&nbsp;<\/p>\n<ol start=\"6\">\n<li>Spotkanie dla m\u0142odzie\u017cy przygotowuj\u0105cej si\u0119 do bierzmowania w czwartek o godz. 19.00 w salce parafialnej.<\/li>\n<\/ol>\n<p>&nbsp;<\/p>\n<ol start=\"7\">\n<li>Spotkanie dla m\u0142odzie\u017cy w pi\u0105tek o godz. 19.15 w salce parafialnej.<\/li>\n<\/ol>\n<p>&nbsp;<\/p>\n<ol start=\"8\">\n<li>Rocznica I Komunii \u015bw. w poniedzia\u0142ek, 22 maja na mszy \u015bw. o godz. 19.15. Zebranie rodzic\u00f3w tych dzieci w poniedzia\u0142ek, 16 maja o godz. 19.00 w ko\u015bciele.<\/li>\n<\/ol>\n<p>&nbsp;<\/p>\n<ol start=\"9\">\n<li>Zapraszamy na spektakl o Eucharystii pt &#8222;Wszystko&#8221;, kt\u00f3ry grany b\u0119dzie 13 i 14 maja, o godz. 19.00 w Galerii u Jezuit\u00f3w w Poznaniu (ul. Dominika\u0144ska 8). Spektakl realizowany jest we wsp\u00f3\u0142pracy ze Wsp\u00f3lnot\u0105 Ukrai\u0144sk\u0105 (wyst\u0105pi m.in. ukrai\u0144ski ch\u00f3r). Wej\u015bci\u00f3wk\u0119 mo\u017cna naby\u0107 p\u00f3\u0142 godziny przed spektaklem w kwocie 25 z\u0142., doch\u00f3d przeznaczony jest na rozw\u00f3j ukrai\u0144skiej poradni psychologicznej oraz Galerii u Jezuit\u00f3w jako kolejnego miejsca rozwoju kultury chrze\u015bcija\u0144skiej w naszym mie\u015bcie.<\/li>\n<li><strong>10<\/strong><strong>.<\/strong> B\u00f3g zap\u0142a\u0107 za ofiary na danin\u0119 diecezjaln\u0105 i na potrzeby naszego ko\u015bcio\u0142a. Dzisiaj, przed ko\u015bcio\u0142em, kwesta na potrzeby naszego Seminarium Duchownego.<\/li>\n<li><strong>11<\/strong><strong>. <\/strong>Zach\u0119camy do czytania prasy katolickiej. Przy zakrystii: <em>Przewodnik Katolicki, Ma\u0142y Przewodnik Katolicki, Go\u015b\u0107 Niedzielny, Ziarno,<\/em> gazeta parafialna.<\/li>\n<li>M\u00f3dlmy si\u0119 o pok\u00f3j na Ukrainie. &nbsp;\u015awi\u0119ty Bo\u017ce, \u015awi\u0119ty Mocny, \u015awi\u0119ty a Nie\u015bmiertelny. Zmi\u0142uj si\u0119 nad nami.<\/li>\n<\/ol>\n<p><strong>&nbsp;<\/strong><\/p>\n<p>&nbsp;<\/p>\n<p>&nbsp;<\/p>\n<p>&nbsp;<\/p>\n<p>&nbsp;<\/p>\n<p>&nbsp;<\/p>\n<p>&nbsp;<\/p>\n<p>&nbsp;<\/p>\n<p>&nbsp;<\/p>\n<p>&nbsp;<\/p>\n<p>&nbsp;<\/p>\n<p>&nbsp;<\/p>\n<p>&nbsp;<\/p>\n<p>&nbsp;<\/p>\n<p>&nbsp;<\/p>\n<p>&nbsp;<\/p>\n<p>&nbsp;<\/p>\n<p>&nbsp;<\/p>\n<p>&nbsp;<\/p>\n<p>&nbsp;<\/p>\n<p>&nbsp;<\/p>\n<p>&nbsp;<\/p>\n<p>&nbsp;<\/p>\n<p>&nbsp;<\/p>\n<p>&nbsp;<\/p>\n<p>&nbsp;<\/p>\n<p>&nbsp;<\/p>\n<p>&nbsp;<\/p>\n<p>&nbsp;<\/p>\n<p>&nbsp;<\/p>\n<p>&nbsp;<\/p>\n<p>&nbsp;<\/p>\n<p>&nbsp;<\/p>\n<p>&nbsp;<\/p>\n<p>&nbsp;<\/p>\n<p>&nbsp;<\/p>\n<p>&nbsp;&nbsp;&nbsp;&nbsp;&nbsp;&nbsp;&nbsp;&nbsp;&nbsp;&nbsp;&nbsp;&nbsp;&nbsp;&nbsp;&nbsp;&nbsp;&nbsp;&nbsp;&nbsp;&nbsp;&nbsp;&nbsp;&nbsp;&nbsp;&nbsp;&nbsp;&nbsp;&nbsp;&nbsp;&nbsp;&nbsp;&nbsp;&nbsp;&nbsp;&nbsp;&nbsp;&nbsp;&nbsp;&nbsp;&nbsp;&nbsp;&nbsp;&nbsp;&nbsp;&nbsp;&nbsp;&nbsp;&nbsp;&nbsp;&nbsp;&nbsp;&nbsp;&nbsp;&nbsp;&nbsp;&nbsp;&nbsp;&nbsp;&nbsp;&nbsp;&nbsp;&nbsp;&nbsp; &nbsp;&nbsp;&nbsp;&nbsp;&nbsp;&nbsp;&nbsp;&nbsp;&nbsp;&nbsp;&nbsp;&nbsp;&nbsp;&nbsp;&nbsp;&nbsp;&nbsp;&nbsp;&nbsp;&nbsp;&nbsp;&nbsp;&nbsp;&nbsp;&nbsp;&nbsp;&nbsp;&nbsp;&nbsp;&nbsp;&nbsp;&nbsp;&nbsp;&nbsp;&nbsp;&nbsp;&nbsp;&nbsp;&nbsp;&nbsp;&nbsp;&nbsp;&nbsp;&nbsp;&nbsp;&nbsp;&nbsp;&nbsp;&nbsp;&nbsp;&nbsp;&nbsp;&nbsp;&nbsp;&nbsp;&nbsp;&nbsp;&nbsp;&nbsp;&nbsp;&nbsp;&nbsp;&nbsp;&nbsp;&nbsp;&nbsp;&nbsp;&nbsp;&nbsp;&nbsp;&nbsp;&nbsp;&nbsp;&nbsp;&nbsp;&nbsp;&nbsp;&nbsp;&nbsp;&nbsp;&nbsp;&nbsp;&nbsp;&nbsp;&nbsp;&nbsp;&nbsp;&nbsp;&nbsp;&nbsp;&nbsp;&nbsp;&nbsp;&nbsp;&nbsp;&nbsp;&nbsp;&nbsp;&nbsp;&nbsp;&nbsp;&nbsp;&nbsp;&nbsp;&nbsp;&nbsp;&nbsp;&nbsp;&nbsp;&nbsp;&nbsp;&nbsp;&nbsp;&nbsp;&nbsp;&nbsp;&nbsp;&nbsp;&nbsp;&nbsp;&nbsp;&nbsp;&nbsp;&nbsp;&nbsp;&nbsp;&nbsp;&nbsp;&nbsp;&nbsp;&nbsp;&nbsp;&nbsp;&nbsp;&nbsp;&nbsp;&nbsp;&nbsp;&nbsp;&nbsp;&nbsp;&nbsp;&nbsp;&nbsp;&nbsp;&nbsp;&nbsp;&nbsp;&nbsp;&nbsp;&nbsp;&nbsp;&nbsp;&nbsp;&nbsp;&nbsp;&nbsp;&nbsp;&nbsp;&nbsp;&nbsp;&nbsp;&nbsp;&nbsp;&nbsp;&nbsp;&nbsp;&nbsp;&nbsp;&nbsp;&nbsp;&nbsp;&nbsp;&nbsp;&nbsp;&nbsp;&nbsp;&nbsp;&nbsp;&nbsp;&nbsp;&nbsp;&nbsp;&nbsp;&nbsp;&nbsp;&nbsp;&nbsp;&nbsp;&nbsp;&nbsp;&nbsp;&nbsp;&nbsp;&nbsp;&nbsp;&nbsp;&nbsp;&nbsp;&nbsp;&nbsp;&nbsp;&nbsp;&nbsp;&nbsp;&nbsp;&nbsp;&nbsp;&nbsp;&nbsp;&nbsp;&nbsp;&nbsp;&nbsp;&nbsp;&nbsp;&nbsp;&nbsp;&nbsp;&nbsp;&nbsp;&nbsp;&nbsp;&nbsp;&nbsp;&nbsp;&nbsp;&nbsp;&nbsp;&nbsp;&nbsp;&nbsp;&nbsp;<\/p>\n","protected":false},"excerpt":{"rendered":"<p>&nbsp; OG\u0141OSZENIA DUSZPASTERSKIE NIEDZIELA V WIELKANOCNA 7 maja 2023 r. Kalendarz liturgiczny: poniedzia\u0142ek \u2013 \u015bw. Stanis\u0142awa, bp. i m. g\u0142\u00f3wnego patrona Polski i Archidiecezji, \u015broda &#8211; \u015bw. Jana&nbsp; z Avili, pi\u0105tek \u2013 \u015bw. Nereusza i Achillesa, a tak\u017ce \u015bw. Pankracego sobota \u2013 NMP z Fatimy &nbsp; Zapraszamy wszystkich do uczestnictwa w RATAJSKIM MARSZU PAPIESKIM w &#8230; <span class=\"more\"><a class=\"more-link\" href=\"https:\/\/www.chnk.pl\/?p=3761\">czytaj wi\u0119cej<\/a><\/span><\/p>\n","protected":false},"author":3,"featured_media":0,"comment_status":"open","ping_status":"open","sticky":false,"template":"","format":"standard","meta":{"ngg_post_thumbnail":0,"footnotes":""},"categories":[1],"tags":[],"_links":{"self":[{"href":"https:\/\/www.chnk.pl\/index.php?rest_route=\/wp\/v2\/posts\/3761"}],"collection":[{"href":"https:\/\/www.chnk.pl\/index.php?rest_route=\/wp\/v2\/posts"}],"about":[{"href":"https:\/\/www.chnk.pl\/index.php?rest_route=\/wp\/v2\/types\/post"}],"author":[{"embeddable":true,"href":"https:\/\/www.chnk.pl\/index.php?rest_route=\/wp\/v2\/users\/3"}],"replies":[{"embeddable":true,"href":"https:\/\/www.chnk.pl\/index.php?rest_route=%2Fwp%2Fv2%2Fcomments&post=3761"}],"version-history":[{"count":1,"href":"https:\/\/www.chnk.pl\/index.php?rest_route=\/wp\/v2\/posts\/3761\/revisions"}],"predecessor-version":[{"id":3762,"href":"https:\/\/www.chnk.pl\/index.php?rest_route=\/wp\/v2\/posts\/3761\/revisions\/3762"}],"wp:attachment":[{"href":"https:\/\/www.chnk.pl\/index.php?rest_route=%2Fwp%2Fv2%2Fmedia&parent=3761"}],"wp:term":[{"taxonomy":"category","embeddable":true,"href":"https:\/\/www.chnk.pl\/index.php?rest_route=%2Fwp%2Fv2%2Fcategories&post=3761"},{"taxonomy":"post_tag","embeddable":true,"href":"https:\/\/www.chnk.pl\/index.php?rest_route=%2Fwp%2Fv2%2Ftags&post=3761"}],"curies":[{"name":"wp","href":"https:\/\/api.w.org\/{rel}","templated":true}]}}