{"id":3739,"date":"2023-05-01T17:25:01","date_gmt":"2023-05-01T17:25:01","guid":{"rendered":"http:\/\/www.chnk.pl\/?p=3739"},"modified":"2023-05-01T17:25:01","modified_gmt":"2023-05-01T17:25:01","slug":"4-niedziela-wielkanocna-6","status":"publish","type":"post","link":"https:\/\/www.chnk.pl\/?p=3739","title":{"rendered":"4 Niedziela Wielkanocna"},"content":{"rendered":"<p><strong>OG\u0141OSZENIA DUSZPASTERSKIE<\/strong><\/p>\n<p><strong>NIEDZIELA IV WIELKANOCNA<\/strong><\/p>\n<p><strong>30 kwietnia 2023 r.<\/strong><\/p>\n<ol>\n<li>Kalendarz liturgiczny: poniedzia\u0142ek \u2013 \u015bw. J\u00f3zefa Rzemie\u015blnika, wtorek \u2013 \u015bw. Atanazego , \u015broda \u2013 NMP Kr\u00f3lowej Polski g\u0142\u00f3wnej patronki Polski, czwartek \u2013 \u015bw. Floriana, pi\u0105tek \u2013 \u015bw. Stanis\u0142awa Ka\u017amierczyka, sobota, sobota \u2013 \u015bw. app Filipa i Jakuba.<\/li>\n<\/ol>\n<p>&nbsp;<\/p>\n<ol start=\"2\">\n<li>Dzisiaj, Niedziel\u0105 Dobrego Pasterza\u201d rozpoczynamy \u015awiatowy Tydzie\u0144 Modlitw o Powo\u0142ania. Za przyczyn\u0105 Kr\u00f3lowej Aposto\u0142\u00f3w prosimy Pana Jezusa o nowe, \u015bwi\u0119te powo\u0142ania do kap\u0142a\u0144stwa i \u017cycia konsekrowanego. Modli\u0107 si\u0119 b\u0119dziemy w tej intencji na nabo\u017ce\u0144stwach majowych o godz. 17.30. W przysz\u0142\u0105 niedziel\u0119, przed ko\u015bcio\u0142em, kwesta na nasze Seminarium Duchowne.<\/li>\n<\/ol>\n<p>&nbsp;<\/p>\n<ol start=\"3\">\n<li>Od poniedzia\u0142ku rozpoczynamy nabo\u017ce\u0144stwa majowe, codziennie o godz. 17.30. \u015arodowa nowenna do Matki Bo\u017cej Nieustaj\u0105cej Pomocy razem z majowym nabo\u017ce\u0144stwem. Modlimy si\u0119 tak\u017ce o pok\u00f3j w Ukrainie.<\/li>\n<\/ol>\n<p>&nbsp;<\/p>\n<ol start=\"4\">\n<li>W poniedzia\u0142ek, 1 maja, Biuro Parafialne nieczynne.<\/li>\n<\/ol>\n<p>&nbsp;<\/p>\n<ol start=\"5\">\n<li>W \u015brod\u0119 uroczysto\u015b\u0107 Matki Bo\u017cej Kr\u00f3lowej Polski. Msza \u015bw. w naszej parafii wed\u0142ug porz\u0105dku niedzielnego.<\/li>\n<\/ol>\n<p>&nbsp;<\/p>\n<ol start=\"6\">\n<li>W najbli\u017cszy czwartek nie b\u0119dzie<strong> s<\/strong>potkania dzieci pierwszokomunijnych. Nast\u0119pne spotkanie w czwartek, 11 maja br. Spotkanie dla wszystkich tych dzieci o godz. 16.45 w salce.<\/li>\n<\/ol>\n<p>&nbsp;<\/p>\n<ol start=\"7\">\n<li>W tym tygodniu: I czwartek, I pi\u0105tek, i I sobota miesi\u0105ca. Adoracja Naj\u015bwi\u0119t\u00adszego Sakra\u00admentu w czwartek od godz. 17.00 do 18.00 w intencji poszanowania \u017cycia ludzkiego. Zapraszamy na r\u00f3\u017caniec wszystkich, kt\u00f3rzy podj\u0119li duchow\u0105 adopcj\u0119 dziecka nienarodzonego. Adoracja w intencji zachowania i uproszenie nowych powo\u0142a\u0144 kap\u0142a\u0144skich, zakonnych i misyjnych po wieczornej mszy \u015bw. do godz. 21.00. Odwiedzimy chorych z sakramentami \u015bw. w pi\u0105tek i w sobot\u0119. Nowe zg\u0142oszenia w zakrystii. Nabo\u017ce\u0144stwo pierwszosobotnie, do Niepokalanego Serca Matki Bo\u017cej, w sobot\u0119 : r\u00f3\u017caniec o godz. 7.15 i msza \u015bw. Spotkanie wsp\u00f3lnoty ma\u0142\u017ce\u0144stw w sobot\u0119 o godz. 19.00 w ko\u015bciele.<\/li>\n<\/ol>\n<p>&nbsp;<\/p>\n<ol start=\"8\">\n<li>Spotkanie duszpasterstwa m\u0142odzie\u017cy w pi\u0105tek o g.19.15 w salce parafialnej.<\/li>\n<\/ol>\n<p>&nbsp;<\/p>\n<ol start=\"9\">\n<li>Zapraszamy doros\u0142ych do scholi parafialnej. Pr\u00f3by w pi\u0105tki o godz. 19.00<\/li>\n<\/ol>\n<p>&nbsp;<\/p>\n<ol start=\"10\">\n<li>W dniach od 20 do 21 maja odb\u0119dzie si\u0119 99 Og\u00f3lnopolska Pielgrzymka S\u0142u\u017cby Zdrowia na Jasn\u0105 G\u00f3r\u0119. Program pielgrzymki na tablicy og\u0142osze\u0144.<\/li>\n<\/ol>\n<p>&nbsp;<\/p>\n<ol start=\"11\">\n<li>Zach\u0119camy do czytania prasy katolickiej. Przy zakrystii: <em>Przewodnik Katolicki (<\/em>z modlitewnikiem na maj<em>)<\/em><em>, <\/em><em>Ma\u0142y Przewodnik Katolicki (<\/em>majowy<em>), Go\u015b\u0107 Niedzielny<\/em><em>, Ziarno, gazeta parafialna.<\/em><\/li>\n<\/ol>\n<p><strong>&nbsp;<\/strong><\/p>\n<ol start=\"12\">\n<li>M\u00f3dlmy si\u0119 o pok\u00f3j na Ukrainie. &nbsp;\u015awi\u0119ty Bo\u017ce, \u015awi\u0119ty a Nie\u015bmiertelny. Zmi\u0142uj si\u0119 nad nami.<\/li>\n<\/ol>\n<p>&nbsp;<\/p>\n<p>&nbsp;<\/p>\n<p>&nbsp;<\/p>\n<p>&nbsp;<\/p>\n<p>&nbsp;<\/p>\n<p>&nbsp;<\/p>\n<p>&nbsp;&nbsp;&nbsp;&nbsp;&nbsp;&nbsp;&nbsp;&nbsp;&nbsp;&nbsp;&nbsp;&nbsp;&nbsp;&nbsp;&nbsp;&nbsp;&nbsp;&nbsp;&nbsp;&nbsp;&nbsp;&nbsp;&nbsp;&nbsp;&nbsp;&nbsp;&nbsp;&nbsp;&nbsp;&nbsp;&nbsp;&nbsp;&nbsp;&nbsp;&nbsp;&nbsp;&nbsp;&nbsp;&nbsp;&nbsp;&nbsp;&nbsp;&nbsp;&nbsp;&nbsp;&nbsp;&nbsp;&nbsp;&nbsp; &nbsp;&nbsp;&nbsp;&nbsp;&nbsp;&nbsp;&nbsp;&nbsp;&nbsp;&nbsp;&nbsp;&nbsp;&nbsp;&nbsp;&nbsp;&nbsp;&nbsp;&nbsp;&nbsp;&nbsp;&nbsp;&nbsp;&nbsp;&nbsp;&nbsp;&nbsp;&nbsp;&nbsp;&nbsp;&nbsp;&nbsp;&nbsp;&nbsp;&nbsp;&nbsp;&nbsp;&nbsp;&nbsp;&nbsp;&nbsp;&nbsp;&nbsp;&nbsp;&nbsp;&nbsp;&nbsp;&nbsp;&nbsp;&nbsp;&nbsp;&nbsp;&nbsp;&nbsp;&nbsp;&nbsp;&nbsp;&nbsp;&nbsp;&nbsp;&nbsp;&nbsp;&nbsp;&nbsp;&nbsp;&nbsp;&nbsp;&nbsp;&nbsp;&nbsp;&nbsp;&nbsp;&nbsp;&nbsp;&nbsp;&nbsp;&nbsp;&nbsp;&nbsp;&nbsp;&nbsp;&nbsp;&nbsp;&nbsp;&nbsp;&nbsp;&nbsp;&nbsp;&nbsp;&nbsp;&nbsp;&nbsp;&nbsp;&nbsp;&nbsp;&nbsp;&nbsp;&nbsp;&nbsp;&nbsp;&nbsp;&nbsp;&nbsp;&nbsp;&nbsp;&nbsp;&nbsp;&nbsp;&nbsp;&nbsp;&nbsp;&nbsp;&nbsp;&nbsp;&nbsp;&nbsp;&nbsp;&nbsp;&nbsp;&nbsp;&nbsp;&nbsp;&nbsp;&nbsp;&nbsp;&nbsp;&nbsp;&nbsp;&nbsp;&nbsp;&nbsp;&nbsp;&nbsp;&nbsp;&nbsp;&nbsp;&nbsp;&nbsp;&nbsp;&nbsp;&nbsp;&nbsp;&nbsp;&nbsp;&nbsp;&nbsp;&nbsp;&nbsp;&nbsp;&nbsp;&nbsp;&nbsp;&nbsp;&nbsp;&nbsp;&nbsp;&nbsp;&nbsp;&nbsp;&nbsp;&nbsp;&nbsp;&nbsp;&nbsp;&nbsp;&nbsp;&nbsp;&nbsp;&nbsp;&nbsp;&nbsp;&nbsp;&nbsp;&nbsp;&nbsp;&nbsp;&nbsp;&nbsp;&nbsp;&nbsp;&nbsp;&nbsp;&nbsp;&nbsp;&nbsp;&nbsp;&nbsp;&nbsp;&nbsp;&nbsp;&nbsp;&nbsp;&nbsp;&nbsp;&nbsp;&nbsp;&nbsp;&nbsp;&nbsp;&nbsp;&nbsp;&nbsp;&nbsp;&nbsp;&nbsp;&nbsp;&nbsp;&nbsp;&nbsp;&nbsp;&nbsp;&nbsp;&nbsp;&nbsp;&nbsp;&nbsp;&nbsp;&nbsp;&nbsp;&nbsp;&nbsp;&nbsp;&nbsp;&nbsp;&nbsp;&nbsp;&nbsp;&nbsp;&nbsp;&nbsp;&nbsp;&nbsp;&nbsp;&nbsp;&nbsp;&nbsp;&nbsp;&nbsp;&nbsp;&nbsp;&nbsp;&nbsp;&nbsp;&nbsp;&nbsp;&nbsp;&nbsp;&nbsp;&nbsp;<\/p>\n","protected":false},"excerpt":{"rendered":"<p>OG\u0141OSZENIA DUSZPASTERSKIE NIEDZIELA IV WIELKANOCNA 30 kwietnia 2023 r. Kalendarz liturgiczny: poniedzia\u0142ek \u2013 \u015bw. J\u00f3zefa Rzemie\u015blnika, wtorek \u2013 \u015bw. Atanazego , \u015broda \u2013 NMP Kr\u00f3lowej Polski g\u0142\u00f3wnej patronki Polski, czwartek \u2013 \u015bw. Floriana, pi\u0105tek \u2013 \u015bw. Stanis\u0142awa Ka\u017amierczyka, sobota, sobota \u2013 \u015bw. app Filipa i Jakuba. &nbsp; Dzisiaj, Niedziel\u0105 Dobrego Pasterza\u201d rozpoczynamy \u015awiatowy Tydzie\u0144 Modlitw &#8230; <span class=\"more\"><a class=\"more-link\" href=\"https:\/\/www.chnk.pl\/?p=3739\">czytaj wi\u0119cej<\/a><\/span><\/p>\n","protected":false},"author":3,"featured_media":0,"comment_status":"open","ping_status":"open","sticky":false,"template":"","format":"standard","meta":{"ngg_post_thumbnail":0,"footnotes":""},"categories":[1],"tags":[],"_links":{"self":[{"href":"https:\/\/www.chnk.pl\/index.php?rest_route=\/wp\/v2\/posts\/3739"}],"collection":[{"href":"https:\/\/www.chnk.pl\/index.php?rest_route=\/wp\/v2\/posts"}],"about":[{"href":"https:\/\/www.chnk.pl\/index.php?rest_route=\/wp\/v2\/types\/post"}],"author":[{"embeddable":true,"href":"https:\/\/www.chnk.pl\/index.php?rest_route=\/wp\/v2\/users\/3"}],"replies":[{"embeddable":true,"href":"https:\/\/www.chnk.pl\/index.php?rest_route=%2Fwp%2Fv2%2Fcomments&post=3739"}],"version-history":[{"count":1,"href":"https:\/\/www.chnk.pl\/index.php?rest_route=\/wp\/v2\/posts\/3739\/revisions"}],"predecessor-version":[{"id":3740,"href":"https:\/\/www.chnk.pl\/index.php?rest_route=\/wp\/v2\/posts\/3739\/revisions\/3740"}],"wp:attachment":[{"href":"https:\/\/www.chnk.pl\/index.php?rest_route=%2Fwp%2Fv2%2Fmedia&parent=3739"}],"wp:term":[{"taxonomy":"category","embeddable":true,"href":"https:\/\/www.chnk.pl\/index.php?rest_route=%2Fwp%2Fv2%2Fcategories&post=3739"},{"taxonomy":"post_tag","embeddable":true,"href":"https:\/\/www.chnk.pl\/index.php?rest_route=%2Fwp%2Fv2%2Ftags&post=3739"}],"curies":[{"name":"wp","href":"https:\/\/api.w.org\/{rel}","templated":true}]}}