{"id":3735,"date":"2023-04-24T09:04:33","date_gmt":"2023-04-24T09:04:33","guid":{"rendered":"http:\/\/www.chnk.pl\/?p=3735"},"modified":"2023-04-24T09:06:15","modified_gmt":"2023-04-24T09:06:15","slug":"2-niedziela-wielkanocna-2","status":"publish","type":"post","link":"https:\/\/www.chnk.pl\/?p=3735","title":{"rendered":"3 Niedziela Wielkanocna"},"content":{"rendered":"<p><strong>&nbsp;<\/strong><\/p>\n<p><strong>OG\u0141OSZENIA DUSZPASTERSKIE<\/strong><\/p>\n<p><strong>NIEDZIELA III WIELKANOCNA<\/strong><\/p>\n<p><strong>&nbsp;23 kwietnia 2023 r.<\/strong><\/p>\n<ol>\n<li>Kalendarz liturgiczny: poniedzia\u0142ek \u2013 \u015bw. Wojciecha i \u015bw. Jerzego, wtorek \u2013 \u015bw. Marka ewangelisty,pi\u0105tek \u2013 \u015bw. Ludwika Marii Grignion de Montfort, sobota \u2013 \u015bw. Katarzyny ze Sieny, patronki Europy.<\/li>\n<\/ol>\n<p>&nbsp;<\/p>\n<ol start=\"2\">\n<li>Odpust \u015bw. Marka w Parafii na os. Czecha. Msza \u015bw. odpustowa we wtorek o godz.18.00<\/li>\n<\/ol>\n<p><strong>&nbsp;<\/strong><\/p>\n<ol start=\"3\">\n<li>Spotkanie wsp\u00f3lnoty r\u00f3\u017ca\u0144cowej w \u015brod\u0119 po wieczornej mszy \u015bw.<\/li>\n<\/ol>\n<p>&nbsp;<\/p>\n<ol start=\"4\">\n<li>Zapraszamy na Kr\u0105g Biblijny w \u015brod\u0119 o godz. 19.00 do salki parafialnej.<\/li>\n<\/ol>\n<p>&nbsp;<\/p>\n<ol start=\"5\">\n<li>W czwartek o godz. 16.45 spotkanie dla dzieci pierwszokomunijnych w salce parafialnej. Dzieci przynosz\u0105 ksi\u0105\u017ceczk\u0119 do nabo\u017ce\u0144stwa.<\/li>\n<\/ol>\n<p>&nbsp;<\/p>\n<ol start=\"6\">\n<li>Msza \u015bw. o uzdrowienie duszy i cia\u0142a oraz w intencji maturzyst\u00f3w w czwartek o godz. 19.15.<\/li>\n<\/ol>\n<p>&nbsp;<\/p>\n<ol start=\"7\">\n<li>Spotkanie m\u0142odzie\u017cy w salce parafialnej w pi\u0105tek o godz. 19.15.<\/li>\n<\/ol>\n<p>&nbsp;<\/p>\n<ol start=\"8\">\n<li>Katedralna Og\u00f3lnokszta\u0142c\u0105ca Szko\u0142a Muzyczna I st. prowadzi zapisy do I klasy. Jest to publiczna, o\u015bmioletnia szko\u0142a podstawowa z&nbsp;przedmiotami og\u00f3lnokszta\u0142c\u0105cymi i muzycznymi. Szko\u0142a przyjmuje dziewczynki i&nbsp;ch\u0142opc\u00f3w posiadaj\u0105cych predyspozycje do kszta\u0142cenia muzycznego. Program wychowawczy oparty jest na warto\u015bciach chrze\u015bcija\u0144skich. Szczeg\u00f3\u0142owe informacje mo\u017cna uzyska\u0107 drog\u0105 mailow\u0105, telefonicznie lub osobi\u015bcie w sekretariacie szko\u0142y, przy ulicy Filipi\u0144skiej 4. tel: 61 877 33 95, e-mail: dyrektor@szkolakatedralna.pl<\/li>\n<\/ol>\n<p><strong>&nbsp;<\/strong><\/p>\n<ol start=\"9\">\n<li>Informujemy, \u017ce ukrai\u0144ska liturgia prawos\u0142awna jest sprawowana w ko\u015bciele oo. Jezuit\u00f3w przy ul. Szewskiej 18. w Poznaniu, w niedziele o godzinie 12.30. Wi\u0119cej informacji na stronie internetowej OO. Jezuit\u00f3w w Poznaniu.<\/li>\n<\/ol>\n<p><strong>&nbsp;<\/strong><\/p>\n<ol start=\"10\">\n<li>B\u00f3g zap\u0142a\u0107 Panom za sprawne rozebranie wielkanocnego wystroju ko\u015bcio\u0142a. B\u00f3g zap\u0142a\u0107 za ofiary na danin\u0119 diecezjaln\u0105 i za ofiary z\u0142o\u017cone na CARITAS w Niedziel\u0119 Mi\u0142osierdzia. CARITAS POZNA\u0143SKA przy pomocy darczy\u0144c\u00f3w ufundowa\u0142a i wys\u0142a\u0142a w tym tygodniu na Ukrain\u0119 dwie karetki pogotowia. Wi\u0119cej informacji na stronie internetowej Archidiecezji Pozna\u0144skiej.<\/li>\n<\/ol>\n<p><strong>&nbsp;<\/strong><\/p>\n<ol start=\"11\">\n<li>Zach\u0119camy do czytania prasy katolickiej. Przy zakrystii: <em>Przewodnik Katolicki Go\u015b\u0107 Niedzielny, Ma\u0142y Przewodnik Katolicki, Ziarno, <\/em>ksi\u0105\u017ceczka na maj pt.<em> 31 dni z Maryj\u0105, <\/em>gazeta parafialna.<\/li>\n<\/ol>\n<p><strong>&nbsp;<\/strong><\/p>\n<ol start=\"12\">\n<li>M\u00f3dlmy si\u0119 za zmar\u0142ych Parafia. Za dusz\u0119 \u015bp. Sylwestra Sobkowiaka, os. Lecha 42 i \u015bp. Jerzego Melocha, os. Lecha 85. Wieczny odpoczynek racz zmar\u0142ym da\u0107 Panie.<\/li>\n<\/ol>\n<p>&nbsp;<\/p>\n<p>&nbsp;<\/p>\n<p>&nbsp;<\/p>\n<p>&nbsp;<\/p>\n<p>&nbsp;<\/p>\n<p>&nbsp;<\/p>\n<p>&nbsp;<\/p>\n<p>&nbsp;<\/p>\n<p>&nbsp;&nbsp;&nbsp;&nbsp;&nbsp;&nbsp;&nbsp;&nbsp;&nbsp;&nbsp;&nbsp;&nbsp;&nbsp;&nbsp;&nbsp;&nbsp;&nbsp;&nbsp;&nbsp;&nbsp;&nbsp;&nbsp;&nbsp;&nbsp;&nbsp;&nbsp;&nbsp;&nbsp;&nbsp;&nbsp;&nbsp;&nbsp;&nbsp;&nbsp;&nbsp;&nbsp;&nbsp;&nbsp;&nbsp;&nbsp;&nbsp;&nbsp;&nbsp;&nbsp;&nbsp;&nbsp;&nbsp;&nbsp;&nbsp;&nbsp;&nbsp;&nbsp;&nbsp;&nbsp;&nbsp;&nbsp;&nbsp;&nbsp;&nbsp;&nbsp;&nbsp;&nbsp;&nbsp;&nbsp;&nbsp;&nbsp;&nbsp;&nbsp;&nbsp;&nbsp;&nbsp;&nbsp;&nbsp;&nbsp;&nbsp;&nbsp;&nbsp;&nbsp;&nbsp;&nbsp;&nbsp;&nbsp;&nbsp;&nbsp;&nbsp;&nbsp;&nbsp;&nbsp;&nbsp;&nbsp;&nbsp;&nbsp;&nbsp;&nbsp;&nbsp;&nbsp;&nbsp;&nbsp;&nbsp;&nbsp;&nbsp;&nbsp;&nbsp;&nbsp;&nbsp;&nbsp;&nbsp;&nbsp;&nbsp;&nbsp;&nbsp;&nbsp;&nbsp;&nbsp;&nbsp;&nbsp;&nbsp;&nbsp;&nbsp;&nbsp;&nbsp; &nbsp;&nbsp;&nbsp;&nbsp;&nbsp;&nbsp;&nbsp;&nbsp;&nbsp;&nbsp;&nbsp;&nbsp;&nbsp;&nbsp;&nbsp;&nbsp;&nbsp;&nbsp;&nbsp;&nbsp;&nbsp;&nbsp;&nbsp;&nbsp;&nbsp;&nbsp;&nbsp;&nbsp;&nbsp;&nbsp;&nbsp;&nbsp;&nbsp;&nbsp;&nbsp;&nbsp;&nbsp;&nbsp;&nbsp;&nbsp;&nbsp;&nbsp;&nbsp;&nbsp;&nbsp;&nbsp;&nbsp;&nbsp;&nbsp;&nbsp;&nbsp;&nbsp;&nbsp;&nbsp;&nbsp;&nbsp;&nbsp;&nbsp;&nbsp;&nbsp;&nbsp;&nbsp;&nbsp;&nbsp;&nbsp;&nbsp;&nbsp;&nbsp;&nbsp;&nbsp;&nbsp;&nbsp;&nbsp;&nbsp;&nbsp;&nbsp;&nbsp;&nbsp;&nbsp;&nbsp;&nbsp;&nbsp;&nbsp;&nbsp;&nbsp;&nbsp;&nbsp;&nbsp;&nbsp;&nbsp;&nbsp;&nbsp;&nbsp;&nbsp;&nbsp;&nbsp;&nbsp;&nbsp;&nbsp;&nbsp;&nbsp;&nbsp;&nbsp;&nbsp;&nbsp;&nbsp;&nbsp;&nbsp;&nbsp;&nbsp;&nbsp;&nbsp;&nbsp;&nbsp;&nbsp;&nbsp;&nbsp;&nbsp;&nbsp;&nbsp;&nbsp;&nbsp;&nbsp;&nbsp;&nbsp;&nbsp;&nbsp;&nbsp;&nbsp;&nbsp;&nbsp;&nbsp;&nbsp;&nbsp;&nbsp;&nbsp;&nbsp;&nbsp;&nbsp;&nbsp;&nbsp;&nbsp;&nbsp;&nbsp;&nbsp;&nbsp;&nbsp;&nbsp;&nbsp;&nbsp;&nbsp;&nbsp;&nbsp;&nbsp;&nbsp;&nbsp;&nbsp;&nbsp;&nbsp;&nbsp;&nbsp;&nbsp;&nbsp;&nbsp;&nbsp;&nbsp;&nbsp;&nbsp;&nbsp;&nbsp;&nbsp;&nbsp;&nbsp;&nbsp;&nbsp;&nbsp;&nbsp;&nbsp;&nbsp;&nbsp;&nbsp;&nbsp;&nbsp;&nbsp;&nbsp;&nbsp;&nbsp;&nbsp;&nbsp;&nbsp;&nbsp;&nbsp;&nbsp;&nbsp;&nbsp;&nbsp;&nbsp;&nbsp;&nbsp;&nbsp;&nbsp;&nbsp;&nbsp;&nbsp;&nbsp;&nbsp;&nbsp;&nbsp;&nbsp;&nbsp;&nbsp;&nbsp;&nbsp;&nbsp;&nbsp;&nbsp;&nbsp;&nbsp;&nbsp;&nbsp;&nbsp;&nbsp;&nbsp;&nbsp;&nbsp;&nbsp;&nbsp;&nbsp;&nbsp;&nbsp;&nbsp;&nbsp;&nbsp;&nbsp;&nbsp;&nbsp;&nbsp;&nbsp;&nbsp;&nbsp;&nbsp;&nbsp;&nbsp;&nbsp;&nbsp;&nbsp;&nbsp;&nbsp;&nbsp;&nbsp;&nbsp;&nbsp;&nbsp;&nbsp;&nbsp;&nbsp;&nbsp;&nbsp;&nbsp;&nbsp;&nbsp;&nbsp;&nbsp;&nbsp;&nbsp;&nbsp;&nbsp;&nbsp;&nbsp;&nbsp;&nbsp;&nbsp;&nbsp;&nbsp;&nbsp;&nbsp;&nbsp;&nbsp;&nbsp;&nbsp;<\/p>\n<p><!--more--><\/p>\n","protected":false},"excerpt":{"rendered":"<p>&nbsp; OG\u0141OSZENIA DUSZPASTERSKIE NIEDZIELA III WIELKANOCNA &nbsp;23 kwietnia 2023 r. Kalendarz liturgiczny: poniedzia\u0142ek \u2013 \u015bw. Wojciecha i \u015bw. Jerzego, wtorek \u2013 \u015bw. Marka ewangelisty,pi\u0105tek \u2013 \u015bw. Ludwika Marii Grignion de Montfort, sobota \u2013 \u015bw. Katarzyny ze Sieny, patronki Europy. &nbsp; Odpust \u015bw. Marka w Parafii na os. Czecha. Msza \u015bw. odpustowa we wtorek o godz.18.00 &#8230; <span class=\"more\"><a class=\"more-link\" href=\"https:\/\/www.chnk.pl\/?p=3735\">czytaj wi\u0119cej<\/a><\/span><\/p>\n","protected":false},"author":3,"featured_media":0,"comment_status":"open","ping_status":"open","sticky":false,"template":"","format":"standard","meta":{"ngg_post_thumbnail":0,"footnotes":""},"categories":[1],"tags":[],"_links":{"self":[{"href":"https:\/\/www.chnk.pl\/index.php?rest_route=\/wp\/v2\/posts\/3735"}],"collection":[{"href":"https:\/\/www.chnk.pl\/index.php?rest_route=\/wp\/v2\/posts"}],"about":[{"href":"https:\/\/www.chnk.pl\/index.php?rest_route=\/wp\/v2\/types\/post"}],"author":[{"embeddable":true,"href":"https:\/\/www.chnk.pl\/index.php?rest_route=\/wp\/v2\/users\/3"}],"replies":[{"embeddable":true,"href":"https:\/\/www.chnk.pl\/index.php?rest_route=%2Fwp%2Fv2%2Fcomments&post=3735"}],"version-history":[{"count":2,"href":"https:\/\/www.chnk.pl\/index.php?rest_route=\/wp\/v2\/posts\/3735\/revisions"}],"predecessor-version":[{"id":3738,"href":"https:\/\/www.chnk.pl\/index.php?rest_route=\/wp\/v2\/posts\/3735\/revisions\/3738"}],"wp:attachment":[{"href":"https:\/\/www.chnk.pl\/index.php?rest_route=%2Fwp%2Fv2%2Fmedia&parent=3735"}],"wp:term":[{"taxonomy":"category","embeddable":true,"href":"https:\/\/www.chnk.pl\/index.php?rest_route=%2Fwp%2Fv2%2Fcategories&post=3735"},{"taxonomy":"post_tag","embeddable":true,"href":"https:\/\/www.chnk.pl\/index.php?rest_route=%2Fwp%2Fv2%2Ftags&post=3735"}],"curies":[{"name":"wp","href":"https:\/\/api.w.org\/{rel}","templated":true}]}}