{"id":3729,"date":"2023-04-15T14:27:17","date_gmt":"2023-04-15T14:27:17","guid":{"rendered":"http:\/\/www.chnk.pl\/?p=3729"},"modified":"2023-04-15T14:27:17","modified_gmt":"2023-04-15T14:27:17","slug":"2-niedziela-wielkanocna","status":"publish","type":"post","link":"https:\/\/www.chnk.pl\/?p=3729","title":{"rendered":"2 Niedziela Wielkanocna"},"content":{"rendered":"<p>&nbsp;<\/p>\n<p>OG\u0141OSZENIA DUSZPASTERSKIE<\/p>\n<p>NIEDZIELA II WIELKANOCNA<\/p>\n<p>&nbsp;&nbsp;&nbsp;&nbsp;&nbsp;&nbsp;&nbsp;&nbsp;&nbsp;&nbsp;&nbsp;&nbsp;&nbsp;&nbsp;&nbsp;&nbsp;&nbsp;&nbsp;&nbsp;&nbsp;&nbsp;&nbsp;&nbsp;&nbsp;&nbsp;&nbsp;&nbsp;&nbsp;&nbsp;&nbsp;&nbsp;&nbsp;&nbsp;&nbsp;&nbsp;&nbsp;&nbsp;&nbsp;&nbsp;&nbsp;&nbsp;&nbsp;&nbsp;&nbsp;&nbsp;&nbsp;&nbsp;&nbsp;&nbsp;&nbsp;&nbsp;&nbsp;&nbsp;&nbsp;&nbsp;&nbsp;&nbsp;&nbsp;&nbsp;&nbsp;&nbsp;&nbsp;&nbsp;&nbsp;&nbsp;&nbsp;&nbsp;&nbsp;&nbsp;&nbsp;&nbsp;&nbsp;&nbsp;&nbsp;&nbsp;&nbsp;&nbsp;&nbsp;&nbsp;&nbsp; MI\u0141OSIERDZIA BO\u017bEGO&nbsp;<\/p>\n<p>16 kwietnia 2023 r.<\/p>\n<p>1. W czwartek 20 kwietnia przypada 21. rocznica ingresu do katedry pozna\u0144skiej abp. Stanis\u0142awa G\u0105deckiego. Tego dnia o godz. 18:00 Metropolita Pozna\u0144ski odprawi w Katedrze Msz\u0119 \u015bw., do uczestnictwa w kt\u00f3rej zaproszeni s\u0105 wszyscy wierni. Pami\u0119tajmy tego dnia w modlitwie o Ksi\u0119dzu Arcybiskupie, prosz\u0105c o si\u0142y, b\u0142ogos\u0142awie\u0144stwo i \u0142ask\u0119 zdrowia dla naszego Pasterza.<\/p>\n<p>2. W \u015brod\u0119 19 dzie\u0144 miesi\u0105ca, dzie\u0144 salety\u0144ski w naszej parafii: r\u00f3\u017caniec salety\u0144ski&nbsp;&nbsp;&nbsp;&nbsp;&nbsp;&nbsp;&nbsp;&nbsp;&nbsp;&nbsp;&nbsp;&nbsp;&nbsp;&nbsp;&nbsp;&nbsp;&nbsp;&nbsp; o godz. 7.30, msza \u015bw. o godz. 8.00 i procesja do figury Matki Bo\u017cej z La Salette. T\u0105 modlitw\u0105, za przyczyn\u0105 Matki Bo\u017cej, wynagradzamy Panu Bogu grzechy niewiary, opuszczone lekkomy\u015blnie msze \u015bw. niedzielne i przekle\u0144stwa.<\/p>\n<p>3.&nbsp; Spotkanie dla rodzic\u00f3w dzieci pierwszokomunijnych, przed pierwsz\u0105 spowiedzi\u0105 \u015bw.,&nbsp; w czwartek, 20 kwietnia, o godz. 19.00 w ko\u015bciele.<\/p>\n<p>4. Kolejne spotkanie dzieci pierwszokomunijnych w czwartek, 20 kwietnia o godz. 15.45&nbsp; i 16.45 w salce parafialnej. Pierwsza spowied\u017a \u015bw. w sobot\u0119, 22 kwietnia: dla ch\u0142opc\u00f3w o godz. 9.00, dla dziewczynek o godz. 9.30.<\/p>\n<p>5. Prosimy pan\u00f3w o pomoc w rozebraniu wielkanocnego wystroju ko\u015bcio\u0142a; spotkanie&nbsp; &nbsp; &nbsp; &nbsp; &nbsp;w \u015brod\u0119 o godz. 18.45 w ko\u015bciele.<\/p>\n<p>6. Spotkanie duszpasterstwa m\u0142odzie\u017cy w pi\u0105tek o 19:15 w salce.<\/p>\n<p>7. W nast\u0119pn\u0105, trzeci\u0105 Niedziel\u0119 Wielkanocn\u0105 obchodzimy Niedziel\u0119 Biblijn\u0105. Przypada ona w okresie Wielkanocnym, poniewa\u017c to Zmartwychwsta\u0142y Pan wyja\u015bnia nam Pisma, tak jak wyja\u015bnia\u0142 uczniom id\u0105cym do Emaus. W przysz\u0142\u0105 niedziel\u0119 prosimy o przyj\u015bcie do ko\u015bcio\u0142a ze swoim Pismem \u015awi\u0119tym, po to, by w czasie przyst\u0119powania do Komunii \u015bw. po\u0142o\u017cy\u0107 je na swoim sercu na znak, \u017ce czytane i rozwa\u017cane S\u0142owo Bo\u017ce, tak jak Eucharystia, jest osobistym spotkaniem z Jezusem Zmartwychwsta\u0142ym.<\/p>\n<p>8. Dzisiaj, przed ko\u015bcio\u0142em, mo\u017cliwo\u015b\u0107 z\u0142o\u017cenia ofiary na CARITAS z okazji Tygodnia Mi\u0142osierdzia. Wojna w Ukrainie nas przera\u017ca, ale w miar\u0119 mo\u017cliwo\u015bci chcemy przyj\u015b\u0107&nbsp;&nbsp;&nbsp;&nbsp;&nbsp;&nbsp;&nbsp;&nbsp;&nbsp;&nbsp;&nbsp;&nbsp; &nbsp;&nbsp;z pomoc\u0105 cierpi\u0105cym. Z okazji swojego \u015bwi\u0119ta patronalnego CARITAS zaprasza dzisiaj&nbsp;&nbsp;&nbsp;&nbsp;&nbsp;&nbsp;&nbsp;&nbsp;&nbsp;&nbsp;&nbsp;&nbsp;&nbsp; o godz.15.00 do ko\u015bcio\u0142a Nawiedzenia NMP na koncert ARKI NOEGO. Wst\u0119p bezp\u0142atny.<\/p>\n<p>9. B\u00f3g zap\u0142a\u0107 za ofiary na kwiaty do Grobu Pa\u0144skiego, za ofiary przy Grobie Pa\u0144skim, za ofiary na danin\u0119 diecezjaln\u0105 i utrzymanie naszego ko\u015bcio\u0142a.<\/p>\n<p>10. Katedralna Og\u00f3lnokszta\u0142c\u0105ca Szko\u0142a Muzyczna 1 stopnia przy ul. Filipi\u0144skiej 4 w Poznaniu prowadzi zapisy do I klasy. Jest to publiczna, o\u015bmioletnia szko\u0142a podstawowa z przedmiotami og\u00f3lnokszta\u0142c\u0105cymi i muzycznymi. Szko\u0142a przyjmuje dziewczynki i ch\u0142opc\u00f3w posiadaj\u0105cych predyspozycje do kszta\u0142cenia muzycznego. Program wychowawczy oparty jest na warto\u015bciach chrze\u015bcija\u0144skich. Szczeg\u00f3\u0142owe informacje: tel.: 61 877 33 95 oraz e-mail: dyrektor@szkolakatedralna.pl<\/p>\n<p>11. Zach\u0119camy do czytania prasy katolickiej. Przy zakrystii: Przewodnik Katolicki, Go\u015b\u0107 Niedzielny, Go\u015b\u0107 Niedzielny Ekstra,&nbsp; Ziarno, ksi\u0105\u017ceczka pt. 31 dni z Maryj\u0105 (teksty b\u0142og. Stefana&nbsp; Wyszy\u0144skiego na maj 23 r.), gazeta parafialna.<\/p>\n<p>12. &nbsp;M\u00f3dlmy si\u0119, pe\u0142ni nadziei, o rych\u0142y pok\u00f3j na Ukrainie. \u015awi\u0119ty Bo\u017ce! \u015awi\u0119ty Mocny! \u015awi\u0119ty Nie\u015bmiertelny! Zmi\u0142uj si\u0119 nad nami! &nbsp;&nbsp;&nbsp;&nbsp;&nbsp;&nbsp;&nbsp;&nbsp;&nbsp;&nbsp;&nbsp;&nbsp;&nbsp;&nbsp;&nbsp;&nbsp;&nbsp;&nbsp;&nbsp;&nbsp;&nbsp;&nbsp;&nbsp;&nbsp;&nbsp;&nbsp;&nbsp;&nbsp;&nbsp;&nbsp;&nbsp;&nbsp;&nbsp;&nbsp;&nbsp;&nbsp;&nbsp;&nbsp;&nbsp;&nbsp;&nbsp;&nbsp;&nbsp;&nbsp;&nbsp;&nbsp;&nbsp;&nbsp;&nbsp;&nbsp;&nbsp;&nbsp;&nbsp;&nbsp;&nbsp;&nbsp;&nbsp;&nbsp;&nbsp;&nbsp;&nbsp;&nbsp;&nbsp;&nbsp;&nbsp;&nbsp;&nbsp;&nbsp;&nbsp;&nbsp;&nbsp;&nbsp;&nbsp;&nbsp;&nbsp;&nbsp;&nbsp;&nbsp;&nbsp;&nbsp;&nbsp;&nbsp;&nbsp;&nbsp;&nbsp;&nbsp;&nbsp;&nbsp;&nbsp;&nbsp;&nbsp;&nbsp;&nbsp;&nbsp;&nbsp;&nbsp;&nbsp;&nbsp;&nbsp;&nbsp;&nbsp;&nbsp;&nbsp;&nbsp;&nbsp;&nbsp;&nbsp;&nbsp;&nbsp;&nbsp;&nbsp;&nbsp;&nbsp;&nbsp;&nbsp;&nbsp;&nbsp;&nbsp;&nbsp;&nbsp;&nbsp;&nbsp;&nbsp;&nbsp;&nbsp;&nbsp;&nbsp;&nbsp;&nbsp;&nbsp;&nbsp;&nbsp;&nbsp;&nbsp;&nbsp;&nbsp;&nbsp;&nbsp;&nbsp;&nbsp;&nbsp;&nbsp;&nbsp;&nbsp;&nbsp;&nbsp;&nbsp;&nbsp;&nbsp;&nbsp;&nbsp;&nbsp;&nbsp;&nbsp;&nbsp;&nbsp;&nbsp;<\/p>\n","protected":false},"excerpt":{"rendered":"<p>&nbsp; OG\u0141OSZENIA DUSZPASTERSKIE NIEDZIELA II WIELKANOCNA &nbsp;&nbsp;&nbsp;&nbsp;&nbsp;&nbsp;&nbsp;&nbsp;&nbsp;&nbsp;&nbsp;&nbsp;&nbsp;&nbsp;&nbsp;&nbsp;&nbsp;&nbsp;&nbsp;&nbsp;&nbsp;&nbsp;&nbsp;&nbsp;&nbsp;&nbsp;&nbsp;&nbsp;&nbsp;&nbsp;&nbsp;&nbsp;&nbsp;&nbsp;&nbsp;&nbsp;&nbsp;&nbsp;&nbsp;&nbsp;&nbsp;&nbsp;&nbsp;&nbsp;&nbsp;&nbsp;&nbsp;&nbsp;&nbsp;&nbsp;&nbsp;&nbsp;&nbsp;&nbsp;&nbsp;&nbsp;&nbsp;&nbsp;&nbsp;&nbsp;&nbsp;&nbsp;&nbsp;&nbsp;&nbsp;&nbsp;&nbsp;&nbsp;&nbsp;&nbsp;&nbsp;&nbsp;&nbsp;&nbsp;&nbsp;&nbsp;&nbsp;&nbsp;&nbsp;&nbsp; MI\u0141OSIERDZIA BO\u017bEGO&nbsp; 16 kwietnia 2023 r. 1. W czwartek 20 kwietnia przypada 21. rocznica ingresu do katedry pozna\u0144skiej abp. Stanis\u0142awa G\u0105deckiego. Tego dnia o godz. 18:00 Metropolita Pozna\u0144ski odprawi w Katedrze Msz\u0119 \u015bw., do uczestnictwa w kt\u00f3rej zaproszeni s\u0105 wszyscy wierni. Pami\u0119tajmy tego dnia w modlitwie o Ksi\u0119dzu &#8230; <span class=\"more\"><a class=\"more-link\" href=\"https:\/\/www.chnk.pl\/?p=3729\">czytaj wi\u0119cej<\/a><\/span><\/p>\n","protected":false},"author":3,"featured_media":0,"comment_status":"open","ping_status":"open","sticky":false,"template":"","format":"standard","meta":{"ngg_post_thumbnail":0,"footnotes":""},"categories":[1],"tags":[],"_links":{"self":[{"href":"https:\/\/www.chnk.pl\/index.php?rest_route=\/wp\/v2\/posts\/3729"}],"collection":[{"href":"https:\/\/www.chnk.pl\/index.php?rest_route=\/wp\/v2\/posts"}],"about":[{"href":"https:\/\/www.chnk.pl\/index.php?rest_route=\/wp\/v2\/types\/post"}],"author":[{"embeddable":true,"href":"https:\/\/www.chnk.pl\/index.php?rest_route=\/wp\/v2\/users\/3"}],"replies":[{"embeddable":true,"href":"https:\/\/www.chnk.pl\/index.php?rest_route=%2Fwp%2Fv2%2Fcomments&post=3729"}],"version-history":[{"count":1,"href":"https:\/\/www.chnk.pl\/index.php?rest_route=\/wp\/v2\/posts\/3729\/revisions"}],"predecessor-version":[{"id":3730,"href":"https:\/\/www.chnk.pl\/index.php?rest_route=\/wp\/v2\/posts\/3729\/revisions\/3730"}],"wp:attachment":[{"href":"https:\/\/www.chnk.pl\/index.php?rest_route=%2Fwp%2Fv2%2Fmedia&parent=3729"}],"wp:term":[{"taxonomy":"category","embeddable":true,"href":"https:\/\/www.chnk.pl\/index.php?rest_route=%2Fwp%2Fv2%2Fcategories&post=3729"},{"taxonomy":"post_tag","embeddable":true,"href":"https:\/\/www.chnk.pl\/index.php?rest_route=%2Fwp%2Fv2%2Ftags&post=3729"}],"curies":[{"name":"wp","href":"https:\/\/api.w.org\/{rel}","templated":true}]}}