{"id":3704,"date":"2023-03-18T15:58:10","date_gmt":"2023-03-18T15:58:10","guid":{"rendered":"http:\/\/www.chnk.pl\/?p=3704"},"modified":"2023-03-18T15:58:32","modified_gmt":"2023-03-18T15:58:32","slug":"4-niedziela-zwykla-7","status":"publish","type":"post","link":"https:\/\/www.chnk.pl\/?p=3704","title":{"rendered":"4 Niedziela Zwyk\u0142a"},"content":{"rendered":"<p style=\"text-align: right;\">&nbsp;<\/p>\n<p>&nbsp;<\/p>\n<p>OG\u0141OSZENIA DUSZPASTERSKIE<\/p>\n<p>NIEDZIELA IV WIELKIEGO POSTU<\/p>\n<p>19 marca 2023 r.<\/p>\n<p>1. Rada Konferencji Episkopat\u00f3w Europy, wyst\u0105pi\u0142a z og\u00f3lnoeuropejsk\u0105 inicjatyw\u0105 modlitewn\u0105 \u201e\u0141a\u0144cuch eucharystyczny\u201d. Ko\u015bci\u00f3\u0142 w Polsce w\u0142\u0105czy si\u0119 w to wydarzenie, dnia 20 marca 2023 roku. Tego dnia Ksi\u0105dz Arcybiskup Metropolita Pozna\u0144ski Stanis\u0142aw G\u0105decki odprawi&nbsp; w intencji pokoju na Ukrainie Eucharysti\u0119 w Katedrze Pozna\u0144skiej o godzinie 18.00. Zapraszamy do modlitwy w tej intencji<\/p>\n<p>&nbsp;<\/p>\n<p>2. Dzisiaj coroczna adoracja Naj\u015bwi\u0119tszego Sakramentu w naszej Parafii. Rozpoczniemy j\u0105&nbsp;&nbsp;&nbsp;&nbsp;&nbsp;&nbsp;&nbsp;&nbsp;&nbsp;&nbsp;&nbsp;&nbsp;&nbsp; o godz. 13.30 i potrwa do godz. 20.00. Plan adoracji na tablicy og\u0142osze\u0144.<\/p>\n<p>&nbsp;<\/p>\n<p>3. We wtorek dzieci z naszej szko\u0142y odprawiaj\u0105 rekolekcje wielkopostne w ko\u015bciele. W czasie trwania nauk prosimy nie wchodzi\u0107 do ko\u015bcio\u0142a, aby u\u0142atwi\u0107 im skupienie.<\/p>\n<p>&nbsp;<\/p>\n<p>4. Msza \u015bw. o uzdrowienie w czwartek o godz. 19.15.<\/p>\n<p>&nbsp;<\/p>\n<p>5. &nbsp;DROGA KRZY\u017bOWA w pi\u0105tki Wielkiego Postu: dla dzieci godz. 16.30, dla doros\u0142ych:&nbsp; po porannej mszy \u015bw. i o godz. 17.30, ulicami osiedla o godz. 19.00 ( w tym tygodniu od wej\u015bcia nr 119, przynosimy ze sob\u0105 \u015bwiece lub znicze). GORZKIE \u017bALE w niedziele o godz. 15.30. Zapraszamy do udzia\u0142u w drodze krzy\u017cowej w obozie hitlerowskim w Luboniu \u2013 \u017babikowie przy ul. Niez\u0142omnych. Zostanie odprawiona we wtorek 28 marca o godzinie 20:00. Natomiast M\u0119ska Doga Krzy\u017cowa ulicami Ostrowa Tumskiego w pi\u0105tek, 24 marca o godz. 19.30. Pocz\u0105tek przy gmachu Seminarium Duchownego.<\/p>\n<p>&nbsp;<\/p>\n<p>6. Spotkanie dla m\u0142odzie\u017cy w pi\u0105tek o godz. 19.15 w salce parafialnej.<\/p>\n<p>&nbsp;<\/p>\n<p>7. W sobot\u0119 25 marca odb\u0119dzie si\u0119 modlitwa \u201eR\u00f3\u017caniec wok\u00f3\u0142 Poznania\u201d w intencji pokoju serca, wiary, pojednania i wszystkich \u0142ask potrzebnych mieszka\u0144com naszego miasta. Modlitwa b\u0119dzie mia\u0142a form\u0119 kr\u00f3tkiej pielgrzymki, w czasie kt\u00f3rej odm\u00f3wimy r\u00f3\u017caniec \u2013 przejdziemy tras\u0119 nr 9 od p\u0119tli tramwajowej na os. Warszawskim do ul. Piwnej na granicy Antoninka i Kobylego Pola. Pocz\u0105tek przemarszu o godz. 11:00. Trasa liczy 4 km i przej\u015bcie jej zajmie ok. 1,5 godz. Osoby ch\u0119tne prosimy o zapisanie si\u0119 w zakrystii.<\/p>\n<p>&nbsp;<\/p>\n<p>8. W przysz\u0142a niedziel\u0119, na mszy \u015bw. o godz. 9.30 podejmiemy duchow\u0105 adopcj\u0119 dziecka nienarodzonego. Jeszcze mo\u017cna zg\u0142asza\u0107 ch\u0119\u0107 przyst\u0105pienie do tej modlitwy. &nbsp;Centralna Msza \u015bw. po\u0142\u0105czona z&nbsp;duchow\u0105 adopcj\u0105 dziecka pocz\u0119tego zostanie odprawiona o&nbsp;godz. 18.00 w&nbsp;Bazylice Archikatedralnej pod przewodnictwem Ks. Arcybiskupa Metropolity Stanis\u0142awa G\u0105deckiego. W zwi\u0105zku z Dniem \u015awi\u0119to\u015bci \u017bycia, przed ko\u015bcio\u0142em zbi\u00f3rka ofiar na Fundusz Obrony \u017bycia.<\/p>\n<p>&nbsp;<\/p>\n<p>9. B\u00f3g zap\u0142a\u0107 za ofiary sk\u0142adane na utrzymanie naszego ko\u015bcio\u0142a.<\/p>\n<p>&nbsp;<\/p>\n<p>10. Przy zakrystii: Przewodnik Katolicki, Ma\u0142y Przewodnik Katolicki, Go\u015b\u0107 Niedzielny oraz&nbsp; paschaliki, koperty na danin\u0119 diecezjaln\u0105 i poczt\u00f3wki wielkanocne.<\/p>\n<p>&nbsp;<\/p>\n<p>&nbsp;<\/p>\n","protected":false},"excerpt":{"rendered":"<p>&nbsp; &nbsp; OG\u0141OSZENIA DUSZPASTERSKIE NIEDZIELA IV WIELKIEGO POSTU 19 marca 2023 r. 1. Rada Konferencji Episkopat\u00f3w Europy, wyst\u0105pi\u0142a z og\u00f3lnoeuropejsk\u0105 inicjatyw\u0105 modlitewn\u0105 \u201e\u0141a\u0144cuch eucharystyczny\u201d. Ko\u015bci\u00f3\u0142 w Polsce w\u0142\u0105czy si\u0119 w to wydarzenie, dnia 20 marca 2023 roku. Tego dnia Ksi\u0105dz Arcybiskup Metropolita Pozna\u0144ski Stanis\u0142aw G\u0105decki odprawi&nbsp; w intencji pokoju na Ukrainie Eucharysti\u0119 w Katedrze Pozna\u0144skiej &#8230; <span class=\"more\"><a class=\"more-link\" href=\"https:\/\/www.chnk.pl\/?p=3704\">czytaj wi\u0119cej<\/a><\/span><\/p>\n","protected":false},"author":3,"featured_media":0,"comment_status":"open","ping_status":"open","sticky":false,"template":"","format":"standard","meta":{"ngg_post_thumbnail":0,"footnotes":""},"categories":[1],"tags":[],"_links":{"self":[{"href":"https:\/\/www.chnk.pl\/index.php?rest_route=\/wp\/v2\/posts\/3704"}],"collection":[{"href":"https:\/\/www.chnk.pl\/index.php?rest_route=\/wp\/v2\/posts"}],"about":[{"href":"https:\/\/www.chnk.pl\/index.php?rest_route=\/wp\/v2\/types\/post"}],"author":[{"embeddable":true,"href":"https:\/\/www.chnk.pl\/index.php?rest_route=\/wp\/v2\/users\/3"}],"replies":[{"embeddable":true,"href":"https:\/\/www.chnk.pl\/index.php?rest_route=%2Fwp%2Fv2%2Fcomments&post=3704"}],"version-history":[{"count":2,"href":"https:\/\/www.chnk.pl\/index.php?rest_route=\/wp\/v2\/posts\/3704\/revisions"}],"predecessor-version":[{"id":3706,"href":"https:\/\/www.chnk.pl\/index.php?rest_route=\/wp\/v2\/posts\/3704\/revisions\/3706"}],"wp:attachment":[{"href":"https:\/\/www.chnk.pl\/index.php?rest_route=%2Fwp%2Fv2%2Fmedia&parent=3704"}],"wp:term":[{"taxonomy":"category","embeddable":true,"href":"https:\/\/www.chnk.pl\/index.php?rest_route=%2Fwp%2Fv2%2Fcategories&post=3704"},{"taxonomy":"post_tag","embeddable":true,"href":"https:\/\/www.chnk.pl\/index.php?rest_route=%2Fwp%2Fv2%2Ftags&post=3704"}],"curies":[{"name":"wp","href":"https:\/\/api.w.org\/{rel}","templated":true}]}}