{"id":3700,"date":"2023-03-11T13:22:26","date_gmt":"2023-03-11T13:22:26","guid":{"rendered":"http:\/\/www.chnk.pl\/?p=3700"},"modified":"2023-03-11T13:22:40","modified_gmt":"2023-03-11T13:22:40","slug":"3-niedziela-wielkiego-postu-5","status":"publish","type":"post","link":"https:\/\/www.chnk.pl\/?p=3700","title":{"rendered":"3 Niedziela Wielkiego Postu"},"content":{"rendered":"<p>&nbsp;<\/p>\n<p><strong>&nbsp;<\/strong><\/p>\n<p><strong>&nbsp;<\/strong><\/p>\n<p><strong>OG\u0141OSZENIA DUSZPASTERSKIE<\/strong><\/p>\n<p><strong>Niedziela III Wielkiego Postu<\/strong><\/p>\n<p><strong>&nbsp;&nbsp;&nbsp;&nbsp;&nbsp;&nbsp;&nbsp;&nbsp;&nbsp;&nbsp;&nbsp;&nbsp;&nbsp;&nbsp;&nbsp;&nbsp;&nbsp;&nbsp;&nbsp;&nbsp;&nbsp;&nbsp;&nbsp;&nbsp;&nbsp;&nbsp;&nbsp;&nbsp;&nbsp;&nbsp;&nbsp;&nbsp;&nbsp;&nbsp;&nbsp;&nbsp;&nbsp;&nbsp;&nbsp;&nbsp;&nbsp;&nbsp;&nbsp;&nbsp;&nbsp;&nbsp;&nbsp;&nbsp;&nbsp;&nbsp;&nbsp;&nbsp;&nbsp;&nbsp;&nbsp;&nbsp;&nbsp;&nbsp;&nbsp;&nbsp;&nbsp;&nbsp;&nbsp;&nbsp;&nbsp;&nbsp;&nbsp;&nbsp;&nbsp;&nbsp;&nbsp;&nbsp;&nbsp;&nbsp;&nbsp;&nbsp;&nbsp;&nbsp;&nbsp;&nbsp;&nbsp;&nbsp;&nbsp;&nbsp;&nbsp;&nbsp;&nbsp;&nbsp;&nbsp; 12 marca 2023 r.<\/strong><\/p>\n<ol>\n<li>Procesja salety\u0144ska w przysz\u0142a niedziel\u0119 po mszy \u015bw. o godz. 9.30.<\/li>\n<li>Coroczna adoracja Naj\u015bwi\u0119tszego Sakramentu w tym roku przypada w niedziel\u0119 19 marca. Rozpoczniemy j\u0105 po mszy \u015bw. o godz. 12.30 i potrwa do godz. 20.00.&nbsp; Proponujemy aby o godz. 13.30 rozpocz\u0119li j\u0105 Parafianie z blok\u00f3w 15 do 20, o godz. 14.30. Parafianie&nbsp;&nbsp; z blok\u00f3w 122 do 129, o godz. 15.30 Gorzkie \u017bale, o godz. 16.30&nbsp; bloki 39, 40, 42, o godz. 17.30 \u017bywy R\u00f3\u017caniec, Parafianie z blok\u00f3w czteropi\u0119trowych, od godz. 19.00 do 20.00. Plan ad\u00adoracji nale\u017cy traktowa\u0107 ramowo. Nie mo\u017cna zlekcewa\u017cy\u0107&nbsp; dnia uroczystej czci oddawanej Panu Jezusowi w Naj\u015bwi\u0119tszym Sakramencie. Plan adoracji na tablicy og\u0142osze\u0144.<\/li>\n<li><strong>3<\/strong><strong>. <\/strong>Spotkanie dzieci pierwszokomunijnych, przygotowuj\u0105ce do spowiedzi \u015bw. odb\u0119dzie si\u0119 w czwartek, 16 marca o godz. 15.45 i 16.45 w salce parafialnej wed\u0142ug ustalonych grup.<\/li>\n<li>Spotkanie kandydat\u00f3w do bierzmowania w czwartek o godz. 19.00. Rozpocznie si\u0119 w ko\u015bciele adoracj\u0105 Naj\u015bwi\u0119tszego Sakramentu i okazj\u0105 do spowiedzi \u015bw. wielkanocnej.<\/li>\n<li><strong> DROGA KRZY\u017bOWA<\/strong> w pi\u0105tki Wielkiego Postu: dla dzieci godz. 16.30, dla doros\u0142ych po porannej mszy \u015bw. i o godz. 17.30 oraz ulicami osiedla o godz. 19.00 od wej\u015bcia 122 (przynosimy lampiony lub znicze).<\/li>\n<li><strong> GORZKIE \u017bALE <\/strong>w niedziele Wielkiego Postu o godz. 15.30.<\/li>\n<li>Spotkanie duszpasterstwa m\u0142odzie\u017cy w pi\u0105tek o godz. 19.00. M\u0142odzie\u017c prowadzi Drog\u0119 Krzy\u017cow\u0105 od wej\u015bcia 122.<\/li>\n<li>W Biurze Parafialnym i w zakrystii zg\u0142oszenia chorych i starszych parafian do komunii \u015bw. wielkanocnej, na sobot\u0119 przed Niedziel\u0105 Palmow\u0105.<\/li>\n<li>Okazja do spowiedzi \u015bw. w soboty od godz. 16.00 do 18.00 i ka\u017cdego dnia p\u00f3\u0142 godziny przed msz\u0105 \u015bw. Trwa ju\u017c czas spowiedzi i komunii \u015bw. wielkanocnej.<\/li>\n<li>Duchowa adopcja dziecka nienarodzonego. W niedziel\u0119 27 marca na mszy \u015bw. o godz. 9.30, grupa parafian podejmie modlitw\u0119 duchowej adopcji dziecka nienarodzonego. Podj\u0119cie modlitwy w tej intencji i do\u0142\u0105czenie do grupy modlitewnej mo\u017cna zadeklarowa\u0107 w tygodniu po mszy \u015bw.<\/li>\n<\/ol>\n<p><strong>11.<\/strong>W Wielkim Po\u015bcie sk\u0142adamy ofiary na danin\u0119 diecezjaln\u0105, kt\u00f3ra jest przeznaczona na utrzymanie centralnych instytucji diecezjalnych tzn. Seminarium Duchownego, Domu Ksi\u0119\u017cy Emeryt\u00f3w, Muzeum i Archiwum, Katedry, Kurii Metropolitalnej i na Caritas. Koperty na danin\u0119 diecezjaln\u0105 z \u017c\u00f3\u0142t\u0105 kartk\u0105 na cele parafialne mo\u017cna odbiera\u0107 przy zakrystii.<\/p>\n<ol start=\"12\">\n<li>Zach\u0119camy do czytania prasy katolickiej: Przy zakrystii: <em>Przewodnik Katolicki, Ma\u0142y Przewodnik Katolicki, Go\u015b\u0107 Niedzielny,<\/em> gazeta parafialna, paschaliki na st\u00f3\u0142 wielkanocny i poczt\u00f3wki z motywami Zmartwychwstania Pa\u0144skiego. Pod ch\u00f3rem ulotki fundacji OPOKA, kt\u00f3ra jest oficjaln\u0105 stron\u0105 Konferencji Episkopatu Polski.<\/li>\n<li>M\u00f3dlmy si\u0119 za zmar\u0142ych Parafian. Za dusze \u015bp. Bronis\u0142awa Nawrockiego, os. Lecha 94 (pogrzeb w Suchym Lesie) i \u015bp. Jana Gajewskiego (dawniej os. Lecha 39, pogrzeb w Luboniu). Wieczny odpoczynek racz zmar\u0142ym da\u0107 Panie.<\/li>\n<\/ol>\n<p><strong>&nbsp;<\/strong><\/p>\n<p>&nbsp;<\/p>\n<p>&nbsp;<\/p>\n<p>&nbsp;<\/p>\n<p>&nbsp;<\/p>\n<p>&nbsp;<\/p>\n<p>&nbsp;<\/p>\n<p><strong>&nbsp;&nbsp;&nbsp;&nbsp;&nbsp;&nbsp;&nbsp;&nbsp;&nbsp;&nbsp;&nbsp;&nbsp;&nbsp;&nbsp;&nbsp;&nbsp;&nbsp;&nbsp;&nbsp;&nbsp;&nbsp;&nbsp;&nbsp;&nbsp;&nbsp;&nbsp;&nbsp;&nbsp;&nbsp;&nbsp;&nbsp;&nbsp;&nbsp;&nbsp;&nbsp; Coroczna<\/strong><\/p>\n<p><strong>adoracja Naj\u015bwi\u0119tszego Sakramentu w tym roku przypada w niedziel\u0119 19 marca. Rozpoczniemy j\u0105 po mszy \u015bw. o godz. 12.30 i potrwa do godz. 20.00.<\/strong><\/p>\n<p>&nbsp;<\/p>\n<p><strong>Plan Adoracji<\/strong><\/p>\n<p>godz. 13.30 Parafianie z blok\u00f3w 15 do 20,<\/p>\n<p>godz. 14.30. Parafianie z blok\u00f3w 122 do 129,<\/p>\n<p>godz. 15.30 Gorzkie \u017bale,<\/p>\n<p>godz. 16.30&nbsp; bloki 39, 40, 42,<\/p>\n<p>godz. 17.30 \u017bywy R\u00f3\u017caniec i Stowarzyszenie Matki Bo\u017cej&nbsp;&nbsp;&nbsp;&nbsp;&nbsp;&nbsp;&nbsp;&nbsp;&nbsp;&nbsp;&nbsp;&nbsp;&nbsp;&nbsp;&nbsp;&nbsp;&nbsp;&nbsp;&nbsp;&nbsp;&nbsp;&nbsp;&nbsp; Patronki Dobrej \u015amierci<\/p>\n<p>godz. 18.00 Msza \u015bw. niedzielna<\/p>\n<p>godz. 19.00 Parafianie z blok\u00f3w czteropi\u0119trowych,<\/p>\n<p>godz. 20.00 Zako\u0144czenie Adoracji<\/p>\n<p>Plan adoracji nale\u017cy traktowa\u0107 ramowo.<\/p>\n<p>Nie mo\u017cna zlekcewa\u017cy\u0107&nbsp; dnia uroczystej czci oddawanej Panu Jezusowi&nbsp; w Naj\u015bwi\u0119tszym Sakramencie.<\/p>\n<p>&nbsp;<\/p>\n<p>&nbsp;<\/p>\n","protected":false},"excerpt":{"rendered":"<p>&nbsp; &nbsp; &nbsp; OG\u0141OSZENIA DUSZPASTERSKIE Niedziela III Wielkiego Postu &nbsp;&nbsp;&nbsp;&nbsp;&nbsp;&nbsp;&nbsp;&nbsp;&nbsp;&nbsp;&nbsp;&nbsp;&nbsp;&nbsp;&nbsp;&nbsp;&nbsp;&nbsp;&nbsp;&nbsp;&nbsp;&nbsp;&nbsp;&nbsp;&nbsp;&nbsp;&nbsp;&nbsp;&nbsp;&nbsp;&nbsp;&nbsp;&nbsp;&nbsp;&nbsp;&nbsp;&nbsp;&nbsp;&nbsp;&nbsp;&nbsp;&nbsp;&nbsp;&nbsp;&nbsp;&nbsp;&nbsp;&nbsp;&nbsp;&nbsp;&nbsp;&nbsp;&nbsp;&nbsp;&nbsp;&nbsp;&nbsp;&nbsp;&nbsp;&nbsp;&nbsp;&nbsp;&nbsp;&nbsp;&nbsp;&nbsp;&nbsp;&nbsp;&nbsp;&nbsp;&nbsp;&nbsp;&nbsp;&nbsp;&nbsp;&nbsp;&nbsp;&nbsp;&nbsp;&nbsp;&nbsp;&nbsp;&nbsp;&nbsp;&nbsp;&nbsp;&nbsp;&nbsp;&nbsp; 12 marca 2023 r. Procesja salety\u0144ska w przysz\u0142a niedziel\u0119 po mszy \u015bw. o godz. 9.30. Coroczna adoracja Naj\u015bwi\u0119tszego Sakramentu w tym roku przypada w niedziel\u0119 19 marca. Rozpoczniemy j\u0105 po mszy \u015bw. o godz. 12.30 i potrwa do godz. 20.00.&nbsp; Proponujemy aby o godz. 13.30 &#8230; <span class=\"more\"><a class=\"more-link\" href=\"https:\/\/www.chnk.pl\/?p=3700\">czytaj wi\u0119cej<\/a><\/span><\/p>\n","protected":false},"author":3,"featured_media":0,"comment_status":"open","ping_status":"open","sticky":false,"template":"","format":"standard","meta":{"ngg_post_thumbnail":0,"footnotes":""},"categories":[1],"tags":[],"_links":{"self":[{"href":"https:\/\/www.chnk.pl\/index.php?rest_route=\/wp\/v2\/posts\/3700"}],"collection":[{"href":"https:\/\/www.chnk.pl\/index.php?rest_route=\/wp\/v2\/posts"}],"about":[{"href":"https:\/\/www.chnk.pl\/index.php?rest_route=\/wp\/v2\/types\/post"}],"author":[{"embeddable":true,"href":"https:\/\/www.chnk.pl\/index.php?rest_route=\/wp\/v2\/users\/3"}],"replies":[{"embeddable":true,"href":"https:\/\/www.chnk.pl\/index.php?rest_route=%2Fwp%2Fv2%2Fcomments&post=3700"}],"version-history":[{"count":1,"href":"https:\/\/www.chnk.pl\/index.php?rest_route=\/wp\/v2\/posts\/3700\/revisions"}],"predecessor-version":[{"id":3701,"href":"https:\/\/www.chnk.pl\/index.php?rest_route=\/wp\/v2\/posts\/3700\/revisions\/3701"}],"wp:attachment":[{"href":"https:\/\/www.chnk.pl\/index.php?rest_route=%2Fwp%2Fv2%2Fmedia&parent=3700"}],"wp:term":[{"taxonomy":"category","embeddable":true,"href":"https:\/\/www.chnk.pl\/index.php?rest_route=%2Fwp%2Fv2%2Fcategories&post=3700"},{"taxonomy":"post_tag","embeddable":true,"href":"https:\/\/www.chnk.pl\/index.php?rest_route=%2Fwp%2Fv2%2Ftags&post=3700"}],"curies":[{"name":"wp","href":"https:\/\/api.w.org\/{rel}","templated":true}]}}