{"id":3687,"date":"2023-02-25T17:03:51","date_gmt":"2023-02-25T17:03:51","guid":{"rendered":"http:\/\/www.chnk.pl\/?p=3687"},"modified":"2023-02-25T17:03:51","modified_gmt":"2023-02-25T17:03:51","slug":"1-niedziela-wielkiego-postu-6","status":"publish","type":"post","link":"https:\/\/www.chnk.pl\/?p=3687","title":{"rendered":"1 Niedziela Wielkiego Postu"},"content":{"rendered":"<p><strong>&nbsp;<\/strong><\/p>\n<p><strong>OG\u0141OSZENIA DUSZPASTERSKIE<\/strong><\/p>\n<p><strong>NIEDZIELA I WIELKIEGO POSTU<\/strong><\/p>\n<p><strong>&nbsp;26 lutego 2023 r.<\/strong><\/p>\n<ol>\n<li>Ko\u0144czymy rekolekcje parafialne. B\u00f3g zap\u0142a\u0107 o. Leszkowi Walendzikowi za pos\u0142ug\u0119 rekolekcyjn\u0105 oraz Parafianom za udzia\u0142 w rekolekcjach i miejskiej Drodze Krzy\u017cowej.<\/li>\n<li>Spotkanie wsp\u00f3lnot r\u00f3\u017ca\u0144cowych w \u015brod\u0119 o godz. 19.00 w ko\u015bciele.<\/li>\n<li>Spotkanie kandydat\u00f3w do bierzmowania w czwartek o 19:00 w salce.<\/li>\n<li>Spotkanie duszpasterstwa m\u0142odzie\u017cy w pi\u0105tek o 19:15 w salce.<\/li>\n<li>DROGA KRZY\u017bOWA w pi\u0105tki Wielkiego Postu: dla dzieci godz. 16.30, dla doros\u0142ych o godz. 8.40 (po porannej mszy \u015bw.) i godz. o 17.30 oraz ulicami osiedla o godz. 19.00 (w tym tygodniu od wej\u015bcia 78, przynosimy ze sob\u0105 \u015bwiece-znicze). GORZKIE \u017bALE w niedziele Wielkiego Postu o godz. 15.30.<\/li>\n<li>W tym tygodniu: I czwartek I pi\u0105tek i I sobota miesi\u0105ca. Adoracja Naj\u015bwi\u0119tszego Sakramentu w czwartek od godz. 17.00 do 18.00 i po mszy \u015bw. w intencji nowych powo\u0142a\u0144 do godz. 21.00. Miesi\u0119czna spowied\u017a \u015bw. dla klas: 4, 5, 6, 7, 8 i m\u0142odzie\u017cy w pi\u0105tek od godz. 15.00. Droga Krzy\u017cowa dla dzieci godz. 16.30 i komunia \u015bw. W pi\u0105tek i sobot\u0119 odwiedziny chorych z sakramentami \u015bw. wed\u0142ug sta\u0142ego planu. Nowe zg\u0142oszenia w zakrystii. R\u00f3\u017caniec i nabo\u017ce\u0144stwo fatimskie&nbsp; w sobot\u0119 o godz. 7.15. Zach\u0119camy do podj\u0119cia nabo\u017ce\u0144stwa pierwszych sob\u00f3t miesi\u0105ca, o kt\u00f3re prosi\u0142a Matka Bo\u017ca w Fatimie, o nawr\u00f3cenie Rosji. Spotkanie wsp\u00f3lnoty rodzin w sobot\u0119: o godz. 19.15 modlitwa w ko\u015bciele, nast\u0119pnie spotkanie w salce.<\/li>\n<li>Duchowa Adopcja Dziecka Nienarodzonego to modlitewna obrona dzieci nienarodzonych, kt\u00f3rych \u017cycie jest zagro\u017cone z powodu braku mi\u0142o\u015bci. Podj\u0119cie modlitwy w intencji ich ocalenia mo\u017cna zadeklarowa\u0107 w tygodniu po mszy \u015bw. i w niedziel\u0119 przed msz\u0105 \u015bw. o godz. 9.30. Uroczyste podj\u0119cie Duchowej Adopcji w niedziel\u0119 26 marca na mszy \u015bw.&nbsp;&nbsp;&nbsp;&nbsp;&nbsp;&nbsp;&nbsp;&nbsp;&nbsp;&nbsp;&nbsp;&nbsp;&nbsp;&nbsp;&nbsp;&nbsp; o godz. 9.30.<\/li>\n<li>Spotkanie dzieci pierwszokomunijnych, przygotowuj\u0105ce do spowiedzi \u015bw. odb\u0119dzie si\u0119 w czwartek, 16 marca o godz. 15.45 i 16.45 w salce parafialnej wed\u0142ug ustalonych grup.<\/li>\n<li>Grupa Anonimowych Alkoholik\u00f3w spotyka si\u0119 we wtorki w salce parafialnej o godz. 19.00 i jest otwarta na wszystkich, kt\u00f3rzy szukaj\u0105 pomocy do \u017cycia w trze\u017awo\u015bci.<\/li>\n<li>Zach\u0119camy do w\u0142\u0105czenia si\u0119 w wielkopostne wydarzenie \u201eKo\u015bcio\u0142\u00f3w stacyjnych miasta Poznania\u201d. Ka\u017cdego dnia, z wy\u0142\u0105czeniem niedziel, pielgrzymi gromadz\u0105 si\u0119 w innej \u015bwi\u0105tyni miasta, aby trwa\u0107 na modlitwie. Spis ko\u015bcio\u0142\u00f3w znajdziemy w \u201ePrzewodniku Katolickim\u201d, na tablicy og\u0142osze\u0144 oraz na stronie internetowej Archidiecezji Pozna\u0144skiej.<\/li>\n<li>Dzisiaj przed ko\u015bcio\u0142em kwesta Caritas na pomoc Ukrainie.<\/li>\n<\/ol>\n<p><strong>12.<\/strong>W przysz\u0142\u0105 niedziel\u0119, II Wielkiego Postu, przed ko\u015bcio\u0142em zbi\u00f3rka ofiar na misje.<\/p>\n<ol start=\"13\">\n<li>Zach\u0119camy do czytania prasy religijnej. Przy zakrystii: <em>Przewodnik Katolicki,<\/em> <em>Go\u015b\u0107 Niedzielny<\/em>, <em>Ma\u0142y Przewodnik Katolicki, Ziarno.<\/em> Dzieci zach\u0119camy do wype\u0142niania zada\u0144 z <em>Ziarna. <\/em>W niedziele po mszy \u015bw. o godz. 11.15 losowanie nagrody spo\u015br\u00f3d prawid\u0142owych rozwi\u0105za\u0144.<\/li>\n<li>Prosimy zg\u0142asza\u0107 chorych i starszych Parafian do Komunii \u015bw. wielkanocnej, na sobot\u0119 przed Niedziel\u0105 Palmow\u0105.<\/li>\n<li>M\u00f3dlmy si\u0119 za zmar\u0142ych parafian. Za dusz\u0119 \u015bp. Weroniki Pelc os. Lecha 127. Wieczny odpoczynek racz zmar\u0142ym da\u0107 Panie.<\/li>\n<\/ol>\n<p>&nbsp;<\/p>\n<p><strong>&nbsp;<\/strong><\/p>\n<p><strong>&nbsp;<\/strong><\/p>\n<p><strong>&nbsp;<\/strong><\/p>\n<p><strong>&nbsp;<\/strong><\/p>\n<p><strong>&nbsp;<\/strong><\/p>\n<p><strong>&nbsp;<\/strong><\/p>\n","protected":false},"excerpt":{"rendered":"<p>&nbsp; OG\u0141OSZENIA DUSZPASTERSKIE NIEDZIELA I WIELKIEGO POSTU &nbsp;26 lutego 2023 r. Ko\u0144czymy rekolekcje parafialne. B\u00f3g zap\u0142a\u0107 o. Leszkowi Walendzikowi za pos\u0142ug\u0119 rekolekcyjn\u0105 oraz Parafianom za udzia\u0142 w rekolekcjach i miejskiej Drodze Krzy\u017cowej. Spotkanie wsp\u00f3lnot r\u00f3\u017ca\u0144cowych w \u015brod\u0119 o godz. 19.00 w ko\u015bciele. Spotkanie kandydat\u00f3w do bierzmowania w czwartek o 19:00 w salce. Spotkanie duszpasterstwa m\u0142odzie\u017cy &#8230; <span class=\"more\"><a class=\"more-link\" href=\"https:\/\/www.chnk.pl\/?p=3687\">czytaj wi\u0119cej<\/a><\/span><\/p>\n","protected":false},"author":3,"featured_media":0,"comment_status":"open","ping_status":"open","sticky":false,"template":"","format":"standard","meta":{"ngg_post_thumbnail":0,"footnotes":""},"categories":[3],"tags":[],"_links":{"self":[{"href":"https:\/\/www.chnk.pl\/index.php?rest_route=\/wp\/v2\/posts\/3687"}],"collection":[{"href":"https:\/\/www.chnk.pl\/index.php?rest_route=\/wp\/v2\/posts"}],"about":[{"href":"https:\/\/www.chnk.pl\/index.php?rest_route=\/wp\/v2\/types\/post"}],"author":[{"embeddable":true,"href":"https:\/\/www.chnk.pl\/index.php?rest_route=\/wp\/v2\/users\/3"}],"replies":[{"embeddable":true,"href":"https:\/\/www.chnk.pl\/index.php?rest_route=%2Fwp%2Fv2%2Fcomments&post=3687"}],"version-history":[{"count":1,"href":"https:\/\/www.chnk.pl\/index.php?rest_route=\/wp\/v2\/posts\/3687\/revisions"}],"predecessor-version":[{"id":3688,"href":"https:\/\/www.chnk.pl\/index.php?rest_route=\/wp\/v2\/posts\/3687\/revisions\/3688"}],"wp:attachment":[{"href":"https:\/\/www.chnk.pl\/index.php?rest_route=%2Fwp%2Fv2%2Fmedia&parent=3687"}],"wp:term":[{"taxonomy":"category","embeddable":true,"href":"https:\/\/www.chnk.pl\/index.php?rest_route=%2Fwp%2Fv2%2Fcategories&post=3687"},{"taxonomy":"post_tag","embeddable":true,"href":"https:\/\/www.chnk.pl\/index.php?rest_route=%2Fwp%2Fv2%2Ftags&post=3687"}],"curies":[{"name":"wp","href":"https:\/\/api.w.org\/{rel}","templated":true}]}}