{"id":3673,"date":"2023-02-18T16:53:22","date_gmt":"2023-02-18T16:53:22","guid":{"rendered":"http:\/\/www.chnk.pl\/?p=3673"},"modified":"2023-02-18T16:53:22","modified_gmt":"2023-02-18T16:53:22","slug":"koscioly-stacyjne","status":"publish","type":"post","link":"https:\/\/www.chnk.pl\/?p=3673","title":{"rendered":"Ko\u015bcio\u0142y stacyjne"},"content":{"rendered":"<p><strong><u>KO\u015aCIO\u0141Y STACYJNE MIASTA POZNANIA ORAZ INTENCJE TOWARZYSZ\u0104CE POSZCZEG\u00d3LNYM STACJOM <\/u><\/strong><\/p>\n<p><strong><u>\u201eWierz\u0119 w Ko\u015bci\u00f3\u0142 Chrystusa Ukrzy\u017cowanego\u201d<\/u><\/strong><\/p>\n<p><strong><u>WIELKI POST 2023<\/u><\/strong><\/p>\n<p><strong><u>&nbsp;<\/u><\/strong><\/p>\n<table>\n<tbody>\n<tr>\n<td width=\"66\"><strong>L.p.<\/strong><\/td>\n<td width=\"151\"><strong>Data<\/strong><\/td>\n<td width=\"387\"><strong>Ko\u015bci\u00f3\u0142<\/strong><\/td>\n<td width=\"328\"><strong>Intencja<\/strong><\/td>\n<\/tr>\n<tr>\n<td width=\"66\">1.&nbsp;&nbsp;&nbsp;&nbsp;&nbsp; &nbsp;<\/td>\n<td width=\"151\">22.02.2023<\/p>\n<p><em>\u015aroda Popielcowa<\/em><\/td>\n<td width=\"387\">Bazylika Archikatedralna pw. \u015bw. Aposto\u0142\u00f3w Piotra<br \/>\n&nbsp;i Paw\u0142a, ul. Ostr\u00f3w Tumski 17; g. 18.00<\/td>\n<td width=\"328\">O ducha pokuty i nawr\u00f3cenia w Ko\u015bciele<\/td>\n<\/tr>\n<tr>\n<td width=\"66\">2.&nbsp;&nbsp;&nbsp;&nbsp;&nbsp; &nbsp;<\/td>\n<td width=\"151\">23.02.2023<\/p>\n<p><em>Czwartek po Popielcu<\/em><\/td>\n<td width=\"387\">Ko\u015bci\u00f3\u0142 pw. Naj\u015bwi\u0119tszego Serca Jezusa i \u015bw. Floriana, ul. Ko\u015bcielna 3; g. 18.30<\/td>\n<td width=\"328\">O potrzebne dary i \u0142aski dla Papie\u017ca, Kolegium Kardynalskiego i Biskup\u00f3w<\/td>\n<\/tr>\n<tr>\n<td width=\"66\">3.&nbsp;&nbsp;&nbsp;&nbsp;&nbsp; &nbsp;<\/td>\n<td width=\"151\">24.02.2023<\/p>\n<p><em>Pi\u0105tek po Popielcu<\/em><\/td>\n<td width=\"387\">Ko\u015bci\u00f3\u0142 pw. Naj\u015bwi\u0119tszego Zbawiciela,<br \/>\nul. Fredry 11; g. 18.00<\/td>\n<td width=\"328\">W intencji przeb\u0142agalnej i wynagradzaj\u0105cej Boskiemu Sercu Jezusa za grzechy ludzi Ko\u015bcio\u0142a<\/td>\n<\/tr>\n<tr>\n<td width=\"66\">4.&nbsp;&nbsp;&nbsp;&nbsp;&nbsp; &nbsp;<\/td>\n<td width=\"151\">25.02.2023<\/p>\n<p><em>Sobota po Popielcu<\/em><\/td>\n<td width=\"387\">Ko\u015bci\u00f3\u0142 Akademicki Ojc\u00f3w Dominikan\u00f3w,<br \/>\nul. Ko\u015bciuszki 97\/99; g. 19.00<\/td>\n<td width=\"328\">O \u0142ask\u0119 \u015bwi\u0119to\u015bci dla kap\u0142an\u00f3w Ko\u015bcio\u0142a<\/td>\n<\/tr>\n<tr>\n<td width=\"66\">5.&nbsp;&nbsp;&nbsp;&nbsp;&nbsp; &nbsp;<\/td>\n<td width=\"151\">26.02.2023<\/p>\n<p>Niedziela, I WP<\/td>\n<td width=\"387\">Kaplica szpitalna pw. Przemienienia Pa\u0144skiego,<\/p>\n<p>ul. D\u0142uga \u00bd; g. 16.00<\/td>\n<td width=\"328\">O Bo\u017ce b\u0142ogos\u0142awie\u0144stwo i potrzebne \u0142aski dla pracownik\u00f3w s\u0142u\u017cby zdrowia<\/td>\n<\/tr>\n<tr>\n<td width=\"66\">6.&nbsp;&nbsp;&nbsp;&nbsp;&nbsp; &nbsp;<\/td>\n<td width=\"151\">27.02.2023<\/p>\n<p><em>Poniedzia\u0142ek, I WP<\/em><\/td>\n<td width=\"387\">Ko\u015bci\u00f3\u0142 pw. \u015bw. Jana Kantego, ul. Grunwaldzka 86, g. 18.30<\/td>\n<td width=\"328\">O dar beatyfikacji s\u0142ugi Bo\u017cego ks. Aleksandra Wo\u017anego<\/td>\n<\/tr>\n<tr>\n<td width=\"66\">7.&nbsp;&nbsp;&nbsp;&nbsp;&nbsp; &nbsp;<\/td>\n<td width=\"151\">28.02.2023<\/p>\n<p><em>Wtorek, I WP<\/em><\/td>\n<td width=\"387\">Ko\u015bci\u00f3\u0142 pw. Nawr\u00f3cenia \u015awi\u0119tego Paw\u0142a,<br \/>\nos. Piastowskie 79; g. 18.00<\/td>\n<td width=\"328\">O \u0142ask\u0119 piel\u0119gnowania \u017cycia konsekrowanego dla kap\u0142an\u00f3w zakonnych, si\u00f3str i braci zakonnych<\/td>\n<\/tr>\n<tr>\n<td width=\"66\">8.&nbsp;&nbsp;&nbsp;&nbsp;&nbsp; &nbsp;<\/td>\n<td width=\"151\">01.03.2023<\/p>\n<p><em>\u015aroda, I WP<\/em><\/td>\n<td width=\"387\">Ko\u015bci\u00f3\u0142 pw. Imienia Maryi,<br \/>\nul. Santocka 15; g. 18.00<\/td>\n<td width=\"328\">O dar przemiany \u017cycia dla trwaj\u0105cych w na\u0142ogach<\/td>\n<\/tr>\n<tr>\n<td width=\"66\">9.&nbsp;&nbsp;&nbsp;&nbsp;&nbsp; &nbsp;<\/td>\n<td width=\"151\">02.03.2023<\/p>\n<p><em>Czwartek, I WP<\/em><\/td>\n<td width=\"387\">Ko\u015bci\u00f3\u0142 pw. Nawiedzenia Naj\u015bwi\u0119tszej Maryi Panny,<br \/>\nos. Bohater\u00f3w II Wojny \u015awiatowej 88; g. 18.30<\/td>\n<td width=\"328\">O \u015bwiat\u0142o i dary Ducha \u015awi\u0119tego dla moderator\u00f3w ASD w Poznaniu<\/td>\n<\/tr>\n<tr>\n<td width=\"66\">10.&nbsp; &nbsp;<\/td>\n<td width=\"151\">03.03.2023<\/p>\n<p><em>Pi\u0105tek, I WP<\/em><\/td>\n<td width=\"387\">Bazylika-Kolegiata Pozna\u0144ska pw. Matki Bo\u017cej Nieustaj\u0105cej Pomocy i \u015bw. Marii Magdaleny i \u015bw. Stanis\u0142awa Biskupa, ul. Klasztorna 11, g. 18.30<\/p>\n<p>&nbsp;<\/td>\n<td width=\"328\">O dar \u017cycia wskazaniami Dekalogu i Ewangelii dla rodzin<\/td>\n<\/tr>\n<tr>\n<td width=\"66\">11.&nbsp; &nbsp;<\/td>\n<td width=\"151\">04.03.2023<\/p>\n<p><em>Sobota, I WP<\/em><\/td>\n<td width=\"387\">Ko\u015bci\u00f3\u0142 pw. \u015bw. Stanis\u0142awa Biskupa i M\u0119czennika,<br \/>\nos. Boles\u0142awa \u015amia\u0142ego 122; g. 18.30<\/td>\n<td width=\"328\">O \u0142ask\u0119 chrze\u015bcija\u0144skiego wychowania dzieci<\/td>\n<\/tr>\n<tr>\n<td width=\"66\">&nbsp;<\/td>\n<td width=\"151\">05.03.2023<\/p>\n<p>Niedziela, II WP<\/td>\n<td width=\"387\">Ko\u015bci\u00f3\u0142 pw. \u015bw. Jana Jerozolimskiego za Murami w Poznaniu, ul. \u015awi\u0119toja\u0144ska 1; g. 17.00<\/td>\n<td width=\"328\">O dobre przygotowanie do koronacji wizerunku MB w Smolicach<\/td>\n<\/tr>\n<tr>\n<td width=\"66\">12.&nbsp; &nbsp;<\/td>\n<td width=\"151\">06.03.2023<\/p>\n<p><em>Poniedzia\u0142ek, II WP<\/em><\/td>\n<td width=\"387\">Ko\u015bci\u00f3\u0142 pw. \u015bw. Jadwigi \u015al\u0105skiej,<br \/>\nul. Cyniowa 15; g. 18.00<\/td>\n<td width=\"328\">O \u0142ask\u0119 chrze\u015bcija\u0144skiego wychowania m\u0142odzie\u017cy<\/td>\n<\/tr>\n<tr>\n<td width=\"66\">13.&nbsp; &nbsp;<\/td>\n<td width=\"151\">07.03.2023<\/p>\n<p><em>Wtorek, II WP<\/em><\/td>\n<td width=\"387\">Ko\u015bci\u00f3\u0142 pw. \u015bw. Wojciecha,<br \/>\n&nbsp;Wzg\u00f3rze \u015awi\u0119tego Wojciecha 1; g. 18.30<\/td>\n<td width=\"328\">O dar nowych powo\u0142a\u0144 kap\u0142a\u0144skich<\/td>\n<\/tr>\n<tr>\n<td width=\"66\">14.&nbsp; &nbsp;<\/td>\n<td width=\"151\">08.03.2023<\/p>\n<p><em>\u015aroda, II WP<\/em><\/td>\n<td width=\"387\">Ko\u015bci\u00f3\u0142 pw. \u015bw. Stanis\u0142awa Kostki,<br \/>\nul. Rejtana 8; g. 18.30<\/td>\n<td width=\"328\">O dar nowych powo\u0142a\u0144 zakonnych<\/td>\n<\/tr>\n<tr>\n<td width=\"66\">15.&nbsp; &nbsp;<\/td>\n<td width=\"151\">09.03.2023<\/p>\n<p><em>Czwartek, II WP<\/em><\/td>\n<td width=\"387\">Ko\u015bci\u00f3\u0142 pw. \u015bw. Rocha,<br \/>\nul. \u015aw. Rocha 10; g. 18.00<\/td>\n<td width=\"328\">O dar nowych powo\u0142a\u0144 misyjnych<\/td>\n<\/tr>\n<tr>\n<td width=\"66\">16.&nbsp; &nbsp;<\/td>\n<td width=\"151\">10.03.2023<\/p>\n<p><em>Pi\u0105tek, II WP<\/em><\/td>\n<td width=\"387\">Ko\u015bci\u00f3\u0142 pw. Mi\u0142osierdzia Bo\u017cego,<br \/>\nos. Jana III Sobieskiego 116; g. 18.30<\/td>\n<td width=\"328\">O zaprzestanie prze\u015bladowania chrze\u015bcijan na ca\u0142ym \u015bwiecie<\/td>\n<\/tr>\n<tr>\n<td width=\"66\">17.&nbsp; &nbsp;<\/td>\n<td width=\"151\">11.03.2023<\/p>\n<p><em>Sobota, II WP<\/em><\/td>\n<td width=\"387\">Ko\u015bci\u00f3\u0142 pw. \u015awi\u0119tego Krzy\u017ca,<br \/>\nul. Cz\u0119stochowska 16; g. 18.30<\/td>\n<td width=\"328\">O \u0142ask\u0119 nawr\u00f3cenia dla prze\u015bladowc\u00f3w chrze\u015bcijan<\/td>\n<\/tr>\n<tr>\n<td width=\"66\">18.&nbsp; &nbsp;<\/td>\n<td width=\"151\">12.03.2023<\/p>\n<p>Niedziela III WP<\/td>\n<td width=\"387\">Ko\u015bci\u00f3\u0142 NMP Niepokalanie Pocz\u0119tej,<\/p>\n<p>ul. Mariacka 15; g. 18.00<\/td>\n<td width=\"328\">O dar pokoju w Ukrainie<\/td>\n<\/tr>\n<tr>\n<td width=\"66\">19.&nbsp; &nbsp;<\/td>\n<td width=\"151\">13.03.2023<\/p>\n<p><em>Poniedzia\u0142ek, III WP<\/em><\/td>\n<td width=\"387\">Ko\u015bci\u00f3\u0142 pw. Zwiastowania Pa\u0144skiego, ul. Boles\u0142awa Le\u015bmiana 2a, Diecezjalne Sanktuarium \u015awi\u0119to\u015bci \u017bycia;<br \/>\ng. 18.30<\/td>\n<td width=\"328\">O \u0142ask\u0119 poszanowania \u015bwi\u0119to\u015bci \u017cycia od pocz\u0119cia do naturalnej \u015bmierci<\/td>\n<\/tr>\n<tr>\n<td width=\"66\">20.&nbsp; &nbsp;<\/td>\n<td width=\"151\">14.03.2023<\/p>\n<p><em>Wtorek, III WP<\/em><\/td>\n<td width=\"387\">Ko\u015bci\u00f3\u0142 pw. \u015bw. Karola Boromeusza,<br \/>\nos. Pod Lipami 100; g. 18.00<\/td>\n<td width=\"328\">O dar intensywnego rozwoju misyjnych dzie\u0142 Ko\u015bcio\u0142a<\/td>\n<\/tr>\n<tr>\n<td width=\"66\">21.&nbsp; &nbsp;<\/td>\n<td width=\"151\">15.03.2023<\/p>\n<p><em>\u015aroda, III WP<\/em><\/td>\n<td width=\"387\">Ko\u015bci\u00f3\u0142 pw. \u015bw. Ojca Pio z Pietrelciny,<br \/>\nul. Wa\u0144kowicza 2a; g. 18.30<\/td>\n<td width=\"328\">O \u0142ask\u0119 zgody i pojednania w narodzie<\/p>\n<p>&nbsp;<\/td>\n<\/tr>\n<tr>\n<td width=\"66\">22.&nbsp; &nbsp;<\/td>\n<td width=\"151\">16.03.2023<\/p>\n<p><em>Czwartek, III WP<\/em><\/td>\n<td width=\"387\">Ko\u015bci\u00f3\u0142 pw. \u015bw. Franciszka Serafickiego,<br \/>\nul. Garbary 22; g. 18.00<\/td>\n<td width=\"328\">O \u0142ask\u0119 zgody i pojednania w rodzinach<\/td>\n<\/tr>\n<tr>\n<td width=\"66\">23.&nbsp; &nbsp;<\/td>\n<td width=\"151\">17.03.2023<\/p>\n<p><em>Pi\u0105tek, III WP<\/em><\/td>\n<td width=\"387\">Ko\u015bci\u00f3\u0142 pw. Naj\u015bwi\u0119tszej Maryi Panny Wspomo\u017cenia Wiernych, ul. Wroniecka 9, g. 18.00<\/p>\n<p>&nbsp;<\/p>\n<p>&nbsp;<\/td>\n<td width=\"328\">W intencji przeb\u0142agalnej i wynagradzaj\u0105cej Boskiemu Sercu Jezusa za grzechy aborcji i eutanazji<\/td>\n<\/tr>\n<tr>\n<td width=\"66\">24.&nbsp; &nbsp;<\/td>\n<td width=\"151\">18.03.2023<\/p>\n<p><em>Sobota, III WP<\/em><\/td>\n<td width=\"387\">Ko\u015bci\u00f3\u0142 pw. Bo\u017cego Cia\u0142a,<br \/>\nul. Strzelecka 40; g. 18.00<\/td>\n<td width=\"328\">O \u0142ask\u0119 wyniesienie do chwa\u0142y o\u0142tarzy S\u0142ug Bo\u017cych z Archidiecezji Pozna\u0144skiej<\/td>\n<\/tr>\n<tr>\n<td width=\"66\">25.&nbsp; &nbsp;<\/td>\n<td width=\"151\">20.03.2023<\/p>\n<p><em>Poniedzia\u0142ek, IV WP<\/em><\/td>\n<td width=\"387\">Ko\u015bci\u00f3\u0142 pw. \u015bw. Antoniego Padewskiego ( Ojcowie Franciszkanie Konwentualni), ul. Franciszka\u0144ska 2; g. 18.00<\/td>\n<td width=\"328\">O \u0142ask\u0119 wytrwania w sakramentalnych postanowieniach dla m\u0142odych ma\u0142\u017conk\u00f3w<\/td>\n<\/tr>\n<tr>\n<td width=\"66\">26.&nbsp; &nbsp;<\/td>\n<td width=\"151\">21.03.2023<\/p>\n<p><em>Wtorek, IV WP<\/em><\/td>\n<td width=\"387\">Sanktuarium \u015bw. J\u00f3zefa (Ojcowie Karmelici),<br \/>\nul. Dzia\u0142owa 25; g. 18.00<\/td>\n<td width=\"328\">O dar potomstwa dla ma\u0142\u017conk\u00f3w, kt\u00f3rzy nie mog\u0105 pocz\u0105\u0107 dziecka<\/td>\n<\/tr>\n<tr>\n<td width=\"66\">27.&nbsp; &nbsp;<\/td>\n<td width=\"151\">22.03.2023<\/p>\n<p><em>\u015aroda, IV WP<\/em><\/td>\n<td width=\"387\">Ko\u015bci\u00f3\u0142 pw. \u015bw. Marcina,<br \/>\nul. \u015aw. Marcin 13; g. 18.00<\/td>\n<td width=\"328\">O dar wyniesienia do chwa\u0142y o\u0142tarzy doktor Wandy B\u0142e\u0144skiej<\/td>\n<\/tr>\n<tr>\n<td width=\"66\">28.&nbsp; &nbsp;<\/td>\n<td width=\"151\">23.03.2023<\/p>\n<p><em>Czwartek, IV WP<\/em><\/td>\n<td width=\"387\">Ko\u015bci\u00f3\u0142 pw. \u015bw. \u015awi\u0119tej Tr\u00f3jcy,<br \/>\nul. 28 czerwca 1956 nr 328; g. 18.30<\/td>\n<td width=\"328\">O dary Ducha \u015awi\u0119tego dla katechizuj\u0105cych w szko\u0142ach<\/td>\n<\/tr>\n<tr>\n<td width=\"66\">29.&nbsp; &nbsp;<\/td>\n<td width=\"151\">24.03.2023<\/p>\n<p><em>Pi\u0105tek, IV WP<\/em><\/td>\n<td width=\"387\">Ko\u015bci\u00f3\u0142 pw. Objawienia Pa\u0144skiego,<br \/>\nul. Miastkowska 128-132; g. 18.00<\/td>\n<td width=\"328\">W intencji przeb\u0142agalnej i wynagradzaj\u0105cej za grzechy przeciwko Boskiemu Sercu Jezusa<\/td>\n<\/tr>\n<tr>\n<td width=\"66\">30.&nbsp; &nbsp;<\/td>\n<td width=\"151\">25.03.2023<\/p>\n<p><em>Sobota, IV WP<\/em><\/td>\n<td width=\"387\">Ko\u015bci\u00f3\u0142 pw. Naj\u015bwi\u0119tszego Serca Pana Jezusa i Matki Bo\u017cej Pocieszenia \u2013 Sanktuarium Matki Bo\u017cej R\u00f3\u017ca\u0144cowej, ul. Szewska 18; g. 18.00<\/td>\n<td width=\"328\">O dar czystego serca dla dzieci przyjmuj\u0105cych po raz pierwszy Komuni\u0119 \u015awi\u0119t\u0105<\/td>\n<\/tr>\n<tr>\n<td width=\"66\">31.&nbsp; &nbsp;<\/td>\n<td width=\"151\">27.03.2023<\/p>\n<p><em>Poniedzia\u0142ek, V WP<\/em><\/td>\n<td width=\"387\">Ko\u015bci\u00f3\u0142 pw. Matki Boskiej Bolesnej,<br \/>\nul. G\u0142ogowska 97; g. 18.00; g. 18.00<\/td>\n<td width=\"328\">O ducha bezinteresownej s\u0142u\u017cby bli\u017anim<\/td>\n<\/tr>\n<tr>\n<td width=\"66\">32.&nbsp; &nbsp;<\/td>\n<td width=\"151\">28.03.2023<\/p>\n<p><em>Wtorek, V WP<\/em><\/td>\n<td width=\"387\">Ko\u015bci\u00f3\u0142 pw. \u015bw. Anny,<br \/>\n&nbsp;ul. Limanowskiego 13; g. 18.00<\/td>\n<td width=\"328\">O dar zdrowia dla ci\u0119\u017cko chorych<\/td>\n<\/tr>\n<tr>\n<td width=\"66\">33.&nbsp; &nbsp;<\/td>\n<td width=\"151\">29.03.2023<\/p>\n<p><em>\u015aroda, V WP<\/em><\/td>\n<td width=\"387\">Ko\u015bci\u00f3\u0142 pw. \u015bw. Micha\u0142a Archanio\u0142a,<br \/>\nul. Stolarska 7; g. 18.00<\/td>\n<td width=\"328\">O poszanowanie godno\u015bci ka\u017cdego cz\u0142owieka<\/td>\n<\/tr>\n<tr>\n<td width=\"66\">34.&nbsp; &nbsp;<\/td>\n<td width=\"151\">30.03.2023<\/p>\n<p><em>Czwartek, V WP<\/em><\/td>\n<td width=\"387\">Ko\u015bci\u00f3\u0142 pw. Wniebowst\u0105pienia Pa\u0144skiego,<br \/>\nos. Wichrowe Wzg\u00f3rze 130; g. 18.30<\/td>\n<td width=\"328\">O dar pokoju i zaprzestania konflikt\u00f3w zbrojnych na ca\u0142ym \u015bwiecie<\/td>\n<\/tr>\n<tr>\n<td width=\"66\">35.&nbsp; &nbsp;<\/td>\n<td width=\"151\">31.03.2023<\/p>\n<p><em>Pi\u0105tek, V WP<\/em><\/td>\n<td width=\"387\">Ko\u015bci\u00f3\u0142 pw. Naj\u015bwi\u0119tszej Krwi Pana Jezusa,<br \/>\nul. \u017bydowska 34; g. 18.00<\/td>\n<td width=\"328\">W intencji przeb\u0142agalnej i wynagradzaj\u0105cej za grzechy \u015bwi\u0119tokradztwa<\/td>\n<\/tr>\n<tr>\n<td width=\"66\">36.&nbsp; &nbsp;<\/td>\n<td width=\"151\">01.04.2023<\/p>\n<p><em>Sobota, V WP<\/em><\/td>\n<td width=\"387\">Ko\u015bci\u00f3\u0142 pw. \u015bw. Jana Bosko,<br \/>\nul. Warzywna 17; g. 18.00<\/td>\n<td width=\"328\">O dobre przygotowanie do spotkania m\u0142odzie\u017cy z papie\u017cem w Lizbonie w 2022 roku<\/td>\n<\/tr>\n<tr>\n<td width=\"66\">37.&nbsp; &nbsp;<\/td>\n<td width=\"151\">02.04.2023<\/p>\n<p><em>Niedziela Palmowa<\/em><\/td>\n<td width=\"387\">Bazylika Archikatedralna pw. \u015bw. Aposto\u0142\u00f3w Piotra<br \/>\n&nbsp;i Paw\u0142a, ul. Ostr\u00f3w Tumski 17; g. 10.00<\/td>\n<td width=\"328\">O \u0142ask\u0119 sakramentalnej jedno\u015bci z Bogiem dla wiernych na czas \u015awi\u0105t Zmartwychwstania Pa\u0144skiego<\/td>\n<\/tr>\n<\/tbody>\n<\/table>\n<p>&nbsp;<\/p>\n","protected":false},"excerpt":{"rendered":"<p>KO\u015aCIO\u0141Y STACYJNE MIASTA POZNANIA ORAZ INTENCJE TOWARZYSZ\u0104CE POSZCZEG\u00d3LNYM STACJOM \u201eWierz\u0119 w Ko\u015bci\u00f3\u0142 Chrystusa Ukrzy\u017cowanego\u201d WIELKI POST 2023 &nbsp; L.p. Data Ko\u015bci\u00f3\u0142 Intencja 1.&nbsp;&nbsp;&nbsp;&nbsp;&nbsp; &nbsp; 22.02.2023 \u015aroda Popielcowa Bazylika Archikatedralna pw. \u015bw. Aposto\u0142\u00f3w Piotra &nbsp;i Paw\u0142a, ul. Ostr\u00f3w Tumski 17; g. 18.00 O ducha pokuty i nawr\u00f3cenia w Ko\u015bciele 2.&nbsp;&nbsp;&nbsp;&nbsp;&nbsp; &nbsp; 23.02.2023 Czwartek po Popielcu Ko\u015bci\u00f3\u0142 &#8230; <span class=\"more\"><a class=\"more-link\" href=\"https:\/\/www.chnk.pl\/?p=3673\">czytaj wi\u0119cej<\/a><\/span><\/p>\n","protected":false},"author":3,"featured_media":0,"comment_status":"open","ping_status":"open","sticky":false,"template":"","format":"standard","meta":{"ngg_post_thumbnail":0,"footnotes":""},"categories":[1],"tags":[],"_links":{"self":[{"href":"https:\/\/www.chnk.pl\/index.php?rest_route=\/wp\/v2\/posts\/3673"}],"collection":[{"href":"https:\/\/www.chnk.pl\/index.php?rest_route=\/wp\/v2\/posts"}],"about":[{"href":"https:\/\/www.chnk.pl\/index.php?rest_route=\/wp\/v2\/types\/post"}],"author":[{"embeddable":true,"href":"https:\/\/www.chnk.pl\/index.php?rest_route=\/wp\/v2\/users\/3"}],"replies":[{"embeddable":true,"href":"https:\/\/www.chnk.pl\/index.php?rest_route=%2Fwp%2Fv2%2Fcomments&post=3673"}],"version-history":[{"count":1,"href":"https:\/\/www.chnk.pl\/index.php?rest_route=\/wp\/v2\/posts\/3673\/revisions"}],"predecessor-version":[{"id":3674,"href":"https:\/\/www.chnk.pl\/index.php?rest_route=\/wp\/v2\/posts\/3673\/revisions\/3674"}],"wp:attachment":[{"href":"https:\/\/www.chnk.pl\/index.php?rest_route=%2Fwp%2Fv2%2Fmedia&parent=3673"}],"wp:term":[{"taxonomy":"category","embeddable":true,"href":"https:\/\/www.chnk.pl\/index.php?rest_route=%2Fwp%2Fv2%2Fcategories&post=3673"},{"taxonomy":"post_tag","embeddable":true,"href":"https:\/\/www.chnk.pl\/index.php?rest_route=%2Fwp%2Fv2%2Ftags&post=3673"}],"curies":[{"name":"wp","href":"https:\/\/api.w.org\/{rel}","templated":true}]}}