{"id":3669,"date":"2023-02-18T16:48:30","date_gmt":"2023-02-18T16:48:30","guid":{"rendered":"http:\/\/www.chnk.pl\/?p=3669"},"modified":"2023-02-18T19:19:29","modified_gmt":"2023-02-18T19:19:29","slug":"7-niedziela-zwykla-4","status":"publish","type":"post","link":"https:\/\/www.chnk.pl\/?p=3669","title":{"rendered":"7 Niedziela Zwyk\u0142a"},"content":{"rendered":"<p><strong>&nbsp;<\/strong><\/p>\n<p><strong>OG\u0141OSZENIA DUSZPASTERSKIE<\/strong><\/p>\n<p><strong>NIEDZIELA<\/strong><strong> VII ZWYK\u0141A<\/strong><\/p>\n<p><strong>19 lutego 2023 r.<\/strong><\/p>\n<ol>\n<li><strong>1<\/strong>. We wtorek ko\u0144czy si\u0119 czas hucznych wesel i zabaw. Od \u015brody rozpoczynamy Wielki Post, \u015bwi\u0119ty czas nawr\u00f3cenia, wzmo\u017conej modlitwy i ja\u0142mu\u017cny. Rozpoczyna si\u0119 czas spowiedzi i Komunii \u015bw. wielkanocnej.<strong> <u>Rozpoczynamy rekolekcje parafialne.<\/u><\/strong> Plan rekolekcji jest wywieszony na tablicy og\u0142osze\u0144, a ulotk\u0119 z programem rekolekcji mo\u017cna&nbsp;&nbsp; zabra\u0107 spod ch\u00f3ru. Prosimy zarezerwowa\u0107 czas i rozpocz\u0105\u0107 Wielki Post przez udzia\u0142 w rekolekcjach parafialnych.<\/li>\n<li><strong>2<\/strong>. W \u015arod\u0119 Popielcow\u0105 Msza \u015bw. o godz. 7.00, 8.00, 16.30, 18.00. W \u015arod\u0119 Popielcow\u0105 obowi\u0105zuje post zwyk\u0142y i post \u015bcis\u0142y od kt\u00f3rych nie ma dyspensy. Do zachowania postu \u015bcis\u0142ego zobowi\u0105zane s\u0105 osoby, kt\u00f3re uko\u0144czy\u0142y osiemnasty rok \u017cycia a nie rozpocz\u0119\u0142y jeszcze sze\u015b\u0107dziesi\u0105tego. Od \u015arody Popielcowej do niedzieli odprawia si\u0119 Kwartalne dni modlitw o ducha pokuty po\u0142\u0105czone z modlitw\u0105 o trze\u017awo\u015b\u0107. Modlitw\u0105, postem i trze\u017awo\u015bci\u0105 pragniemy wynagrodzi\u0107 sprawiedliwo\u015bci Bo\u017cej nasze grzechy.<\/li>\n<li><strong> GORZKIE \u017bALE <\/strong>w niedziele Wielkiego Postu o godz. 15.30.<\/li>\n<li><strong> DROGA KRZY\u017bOWA<\/strong> w pi\u0105tki Wielkiego Postu.<\/li>\n<\/ol>\n<p>DLA DZIECI O GODZ. 16.30<\/p>\n<p>DLA DOROS\u0141YCH O GODZ. 17.30<\/p>\n<p>ULICAMI OSIEDLA O GODZ. 19.00 (w tym tygodniu od wej\u015bcia nr 20)<\/p>\n<ol start=\"5\">\n<li>W czwartek, 23 lutego br. godz. 18<sup>30<\/sup> zostanie odprawiona w naszym mie\u015bcie tradycyjna Droga Krzy\u017cowa. Rozpocznie si\u0119 ona Msz\u0105 \u015bw. w ko\u015bciele pw. NSJ i \u015bw. Floriana przy ul. Ko\u015bcielnej o godz. 18<sup>00<\/sup> i uda si\u0119 na dziedziniec ko\u015bcio\u0142a Ojc\u00f3w Dominikan\u00f3w. Tym wielkopostnym nabo\u017ce\u0144stwem pragniemy odda\u0107 cze\u015b\u0107 cierpi\u0105cemu Zbawicielowi, przeb\u0142aga\u0107 za grzechy w\u0142asne, naszego miasta i&nbsp;Ojczyzny oraz uprosi\u0107 potrzebne \u0142aski dla wszystkich wsp\u00f3\u0142czesnych chrze\u015bcijan.<\/li>\n<li><strong>6<\/strong>. Okazja do spowiedzi \u015bw. poza Msz\u0105 \u015bw. Od lutego do ko\u0144ca czerwca: w pi\u0105tki od godz. 17.00 do 18.00 i w soboty od godz. 16.00 do 18.00.<\/li>\n<li>\u015arod\u0119 Popielcow\u0105, dnia 22 lutego br. rozpocznie si\u0119 kolejna edycja wydarzenia Ko\u015bcio\u0142\u00f3w Stacyjnych Miasta Poznania 2023, kt\u00f3rej b\u0119dzie towarzyszy\u0107 has\u0142o: \u201eWierz\u0119 w Ko\u015bci\u00f3\u0142 Chrystusa Ukrzy\u017cowanego\u201d. Harmonogram poszczeg\u00f3lnych stacji jest dost\u0119pny na stronie internetowej archidiecezji.<\/li>\n<li>Zapraszamy Parafian do postu o chlebie i wodzie w jeden dzie\u0144 Wielkiego Postu. Kopert\u0119 z dat\u0105 postu i zapisan\u0105 intencj\u0105 mo\u017cna otrzyma\u0107 przy stoliku z pras\u0105.<\/li>\n<li>W niedziel\u0119, 26 lutego, przed ko\u015bcio\u0142em, zbi\u00f3rka ofiar na pomoc dla Ukrainy.<\/li>\n<li>B\u00f3g zap\u0142a\u0107 za ofiary, z zielonych kartek, sk\u0142adane na utrzymanie naszego ko\u015bcio\u0142a.<\/li>\n<li>Zach\u0119camy do czytania prasy religijnej: Przewodnik Katolicki, Ma\u0142y Przewodnik Katolicki, dla dzieci Ziarno. Czytanie prasy religijnej jest pog\u0142\u0119bianiem wiedzy o Ko\u015bciele i mo\u017cliwo\u015bci\u0105 pog\u0142\u0119bienia \u017cycia duchowego.<\/li>\n<li>M\u00f3dlmy si\u0119 za zmar\u0142ych Parafian. Za dusz\u0119 \u015bp. Dariusza Karolczaka, os. Lecha 16 (msza \u015bw pogrzebowa w \u015brod\u0119 o godz. 11.30). Wieczny odpoczynek racz zmar\u0142ym da\u0107 Panie.<\/li>\n<\/ol>\n<p>&nbsp;<\/p>\n<p>&nbsp;<\/p>\n<p><strong><em>&nbsp;<\/em><\/strong><\/p>\n<p><strong><em>&nbsp;<\/em><\/strong><\/p>\n<p><strong><em>&nbsp;<\/em><\/strong><\/p>\n<p><strong><em>&nbsp;<\/em><\/strong><\/p>\n<p><strong><em>&nbsp;<\/em><\/strong><\/p>\n<p><strong><em>&nbsp;<\/em><\/strong><\/p>\n<p><strong><em>&nbsp;<\/em><\/strong><\/p>\n<p><strong><em>&nbsp;<\/em><\/strong><\/p>\n<p><strong><em>&nbsp;<\/em><\/strong><\/p>\n<p><strong><em>REKOLEKCJE WIELKOPOSTNE 2023<\/em><\/strong><\/p>\n<p><strong><u>&nbsp;<\/u><\/strong><\/p>\n<p><strong><u>\u015aroda Popielcowa, 22 lutego &#8211; dzie\u0144 publicznej pokuty<\/u><\/strong><\/p>\n<p>Rozpocz\u0119cie rekolekcji na wszystkich mszach \u015bwi\u0119tych (7.00, 8.00, 16.30, 18.00). Po Mszy \u015bw o godz. 8.00 Nowenna do MB Nieustaj\u0105cej Po\u00admocy, a po Mszy \u015bw.&nbsp;&nbsp;&nbsp;&nbsp;&nbsp;&nbsp;&nbsp;&nbsp;&nbsp;&nbsp;&nbsp;&nbsp;&nbsp;&nbsp;&nbsp; o godz. 18.00. Wystawienie Naj\u015bwi\u0119tszego Sakramentu i Apel Jasnog\u00f3rski o godz. 20.30.<\/p>\n<p><strong><u>Czwartek, 23 lutego, dzie\u0144 modlitwy w \u0142\u0105czno\u015bci z Ko\u015bcio\u0142em diecezjalnym<\/u><\/strong><\/p>\n<p>Koronka do Mi\u0142osierdzia Bo\u017cego i modlitwy poranne o godz. 7.30<\/p>\n<p>Nauka og\u00f3lna w czasie Mszy \u015bw. o godz. 8.00<\/p>\n<p>Msza \u015bw. o godz. 18.00 i nauka og\u00f3lna<\/p>\n<p>Dla&nbsp; ch\u0119tnych wyj\u015bcie na miejsk\u0105 Drog\u0119 Krzy\u017cow\u0105.<\/p>\n<p>Po mszy \u015bw. wystawienie Naj\u015bwi\u0119tszego Sakramentu i Apel Jasnog\u00f3rski o godz. 20.30.<\/p>\n<p><strong><u>Pi\u0105tek, 24 lutego &#8211; dzie\u0144 przylgni\u0119cia do Krzy\u017ca<\/u><\/strong><\/p>\n<p>Droga Krzy\u017cowa o godz. 7.30<\/p>\n<p>Msza \u015bw. z nauk\u0105 og\u00f3ln\u0105 o godz. 8.00&nbsp;&nbsp;&nbsp;&nbsp;&nbsp;&nbsp;&nbsp;&nbsp;&nbsp;&nbsp;&nbsp;&nbsp;&nbsp;&nbsp;&nbsp;&nbsp;&nbsp;&nbsp;&nbsp;&nbsp;&nbsp;&nbsp;&nbsp;&nbsp;&nbsp;&nbsp;&nbsp;&nbsp;&nbsp;&nbsp;&nbsp;&nbsp;&nbsp;&nbsp;&nbsp;&nbsp;&nbsp;&nbsp;&nbsp;&nbsp;&nbsp;&nbsp;&nbsp;&nbsp;&nbsp;&nbsp;&nbsp;&nbsp;&nbsp;&nbsp;&nbsp;&nbsp;&nbsp;&nbsp;&nbsp;&nbsp;&nbsp;&nbsp;&nbsp;&nbsp;&nbsp;&nbsp;&nbsp;&nbsp;&nbsp;&nbsp;&nbsp;&nbsp;&nbsp;&nbsp;&nbsp;&nbsp;&nbsp;&nbsp;&nbsp;&nbsp;&nbsp;&nbsp;&nbsp; Spowied\u017a \u015bw. od godz. 16.00&nbsp;&nbsp;&nbsp;&nbsp;&nbsp;&nbsp;&nbsp;&nbsp;&nbsp;&nbsp;&nbsp;&nbsp;&nbsp;&nbsp;&nbsp;&nbsp;&nbsp;&nbsp;&nbsp;&nbsp;&nbsp;&nbsp;&nbsp;&nbsp;&nbsp;&nbsp;&nbsp;&nbsp;&nbsp;&nbsp;&nbsp;&nbsp;&nbsp;&nbsp;&nbsp;&nbsp;&nbsp;&nbsp;&nbsp;&nbsp;&nbsp;&nbsp;&nbsp;&nbsp;&nbsp;&nbsp;&nbsp;&nbsp;&nbsp;&nbsp;&nbsp;&nbsp;&nbsp;&nbsp;&nbsp;&nbsp;&nbsp;&nbsp;&nbsp;&nbsp; &nbsp;&nbsp;&nbsp;&nbsp;&nbsp;&nbsp;&nbsp;&nbsp;&nbsp;&nbsp;&nbsp;&nbsp;&nbsp;&nbsp;&nbsp;&nbsp;&nbsp;&nbsp;&nbsp;&nbsp;&nbsp;&nbsp;&nbsp;&nbsp;&nbsp;&nbsp;&nbsp;&nbsp;&nbsp;&nbsp;&nbsp;&nbsp;&nbsp;&nbsp;Droga Krzy\u017cowa dla dzieci o godz. 16.30<\/p>\n<p>Droga Krzy\u017cowa dla doros\u0142ych o godz. 17.30<\/p>\n<p>Msza \u015bw. z nauk\u0105 og\u00f3ln\u0105 o godz. 18.00<\/p>\n<p>Nauka stanowa dla rodzic\u00f3w (zw\u0142aszcza kandydat\u00f3w do bierzmowania i dzieci&nbsp; pierwszokomunijnych).<\/p>\n<p>Wystawienie Naj\u015bw. Sakramentu od godz. 19.45 do 20.30 i okazja do spo\u00adwiedzi \u015bw., Apel Jasnog\u00f3rski o godz. 20.30<\/p>\n<p><strong><u>Sobota, 25 lutego &#8211; dzie\u0144 Matki Bo\u017cej Bolesnej<\/u><\/strong><\/p>\n<p>Godzinki o Niepokalanym Pocz\u0119ciu Naj\u015bw. Maryi Panny o godz. 7.30&nbsp;&nbsp;<\/p>\n<p>Msza \u015bw. z nauk\u0105 og\u00f3ln\u0105 o godz. 8.00<\/p>\n<p>Spowied\u017a \u015bw. od godz. 9.00 do 10.00<\/p>\n<p>Msza \u015bw. dla chorych z udzielaniem sakramentu chorych o godz. 10.00<\/p>\n<p>Spowied\u017a \u015bw. od godz. 16.00 do 18.00<\/p>\n<p>R\u00f3\u017caniec o owoce rekolekcji o godz. 17.20 (zelatorzy)<\/p>\n<p>Msza \u015bw. z nauk\u0105 rekolekcyjn\u0105 o godz. 18.00&nbsp;&nbsp;&nbsp;&nbsp;&nbsp;&nbsp;&nbsp;&nbsp;&nbsp;&nbsp;&nbsp; &nbsp;&nbsp;&nbsp;&nbsp;&nbsp;&nbsp;&nbsp;&nbsp;&nbsp;&nbsp;&nbsp;&nbsp;&nbsp;&nbsp;&nbsp;&nbsp;&nbsp;&nbsp;&nbsp;&nbsp;&nbsp;&nbsp;&nbsp;&nbsp;&nbsp;&nbsp;&nbsp;&nbsp;&nbsp;&nbsp;&nbsp;&nbsp;&nbsp;&nbsp;&nbsp;&nbsp;&nbsp;&nbsp;&nbsp;&nbsp;&nbsp;&nbsp;&nbsp;&nbsp;&nbsp;&nbsp;&nbsp;&nbsp;&nbsp;&nbsp;&nbsp;&nbsp;&nbsp;&nbsp;&nbsp;&nbsp;&nbsp;&nbsp;&nbsp;&nbsp;&nbsp;&nbsp;&nbsp;&nbsp;&nbsp;&nbsp;&nbsp;Adoracja Naj\u015bw. Sakramentu od godz. 19.00&nbsp;&nbsp;&nbsp;&nbsp;&nbsp;&nbsp;&nbsp;&nbsp;&nbsp;&nbsp;&nbsp;&nbsp;&nbsp;&nbsp;&nbsp;&nbsp;&nbsp;&nbsp;&nbsp;&nbsp;&nbsp;&nbsp;&nbsp;&nbsp;&nbsp;&nbsp;&nbsp;&nbsp;&nbsp;&nbsp;&nbsp;&nbsp;&nbsp;&nbsp;&nbsp;&nbsp;&nbsp;&nbsp;&nbsp;&nbsp;&nbsp;&nbsp;&nbsp;&nbsp;&nbsp;&nbsp;&nbsp;&nbsp;&nbsp;&nbsp;&nbsp;&nbsp;&nbsp;&nbsp;&nbsp;&nbsp;&nbsp;&nbsp;&nbsp;&nbsp;&nbsp;&nbsp;&nbsp;&nbsp;&nbsp;&nbsp;&nbsp;&nbsp;&nbsp;&nbsp;&nbsp;&nbsp;&nbsp;&nbsp;&nbsp; Apel Jasnog\u00f3rski o godz. 20.30<\/p>\n<p><strong><u>Niedziela, 26 lutego &#8211; ku Zmartwychwstaniu <\/u><\/strong>Nauki rekolekcyjne na wszystkich mszach \u015bwi\u0119tych po\u0142\u0105czone z zako\u0144czeniem rekolekcji wielkopostnych; mo\u017cliwo\u015b\u0107 zyskania odpustu zupe\u0142nego.<\/p>\n<p><strong>&#8230;&#8230;&#8230;&#8230;&#8230;&#8230;&#8230;&#8230;&#8230;&#8230;&#8230;&#8230;&#8230;&#8230;&#8230;&#8230;&#8230;&#8230;&#8230;&#8230;&#8230;&#8230;&#8230;&#8230;&#8230;&#8230;&#8230;&#8230;&#8230;\u2026\u2026\u2026\u2026\u2026\u2026\u2026\u2026\u2026\u2026\u2026.<\/strong><\/p>\n<p>W czasie wszystkich nabo\u017ce\u0144stw&nbsp; ko\u015bci\u00f3\u0142 b\u0119dzie ogrzany.<\/p>\n<ol start=\"4\">\n<li>&nbsp;<\/li>\n<li>&nbsp;<\/li>\n<\/ol>\n<ol start=\"11\">\n<li>&nbsp;<\/li>\n<li>&nbsp;<\/li>\n<li>&nbsp;<\/li>\n<li>&nbsp;<\/li>\n<li>&nbsp;<\/li>\n<li>&nbsp;<\/li>\n<\/ol>\n","protected":false},"excerpt":{"rendered":"<p>&nbsp; OG\u0141OSZENIA DUSZPASTERSKIE NIEDZIELA VII ZWYK\u0141A 19 lutego 2023 r. 1. We wtorek ko\u0144czy si\u0119 czas hucznych wesel i zabaw. Od \u015brody rozpoczynamy Wielki Post, \u015bwi\u0119ty czas nawr\u00f3cenia, wzmo\u017conej modlitwy i ja\u0142mu\u017cny. Rozpoczyna si\u0119 czas spowiedzi i Komunii \u015bw. wielkanocnej. Rozpoczynamy rekolekcje parafialne. Plan rekolekcji jest wywieszony na tablicy og\u0142osze\u0144, a ulotk\u0119 z programem rekolekcji &#8230; <span class=\"more\"><a class=\"more-link\" href=\"https:\/\/www.chnk.pl\/?p=3669\">czytaj wi\u0119cej<\/a><\/span><\/p>\n","protected":false},"author":3,"featured_media":0,"comment_status":"open","ping_status":"open","sticky":false,"template":"","format":"standard","meta":{"ngg_post_thumbnail":0,"footnotes":""},"categories":[1],"tags":[],"_links":{"self":[{"href":"https:\/\/www.chnk.pl\/index.php?rest_route=\/wp\/v2\/posts\/3669"}],"collection":[{"href":"https:\/\/www.chnk.pl\/index.php?rest_route=\/wp\/v2\/posts"}],"about":[{"href":"https:\/\/www.chnk.pl\/index.php?rest_route=\/wp\/v2\/types\/post"}],"author":[{"embeddable":true,"href":"https:\/\/www.chnk.pl\/index.php?rest_route=\/wp\/v2\/users\/3"}],"replies":[{"embeddable":true,"href":"https:\/\/www.chnk.pl\/index.php?rest_route=%2Fwp%2Fv2%2Fcomments&post=3669"}],"version-history":[{"count":3,"href":"https:\/\/www.chnk.pl\/index.php?rest_route=\/wp\/v2\/posts\/3669\/revisions"}],"predecessor-version":[{"id":3684,"href":"https:\/\/www.chnk.pl\/index.php?rest_route=\/wp\/v2\/posts\/3669\/revisions\/3684"}],"wp:attachment":[{"href":"https:\/\/www.chnk.pl\/index.php?rest_route=%2Fwp%2Fv2%2Fmedia&parent=3669"}],"wp:term":[{"taxonomy":"category","embeddable":true,"href":"https:\/\/www.chnk.pl\/index.php?rest_route=%2Fwp%2Fv2%2Fcategories&post=3669"},{"taxonomy":"post_tag","embeddable":true,"href":"https:\/\/www.chnk.pl\/index.php?rest_route=%2Fwp%2Fv2%2Ftags&post=3669"}],"curies":[{"name":"wp","href":"https:\/\/api.w.org\/{rel}","templated":true}]}}