{"id":3665,"date":"2023-02-11T15:53:57","date_gmt":"2023-02-11T15:53:57","guid":{"rendered":"http:\/\/www.chnk.pl\/?p=3665"},"modified":"2023-02-11T15:53:57","modified_gmt":"2023-02-11T15:53:57","slug":"6-niedziela-zwykla-5","status":"publish","type":"post","link":"https:\/\/www.chnk.pl\/?p=3665","title":{"rendered":"6 Niedziela Zwyk\u0142a"},"content":{"rendered":"<p>&nbsp;<\/p>\n<p>OG\u0141OSZENIA DUSZPASTERSKIE<\/p>\n<p>NIEDZIELA&nbsp; VI ZWYK\u0141A<\/p>\n<p>&nbsp;12 lutego 2023 r.<\/p>\n<ol>\n<li>Kalendarz liturgiczny:<\/li>\n<\/ol>\n<p>wtorek \u2013 \u015bw. Cyryla i Metodego,<\/p>\n<p>pi\u0105tek \u2013 \u015bw. Siedmiu Za\u0142o\u017cycieli Zakonu Serwit\u00f3w.<\/p>\n<p>&nbsp;<\/p>\n<ol start=\"2\">\n<li>2. Msza \u015bw. z modlitw\u0105 o uzdrowienie w czwartek o godz. 19.15. Pod ch\u00f3rem mo\u017cna zostawi\u0107 zapisane intencje, kt\u00f3re maja by\u0107 w\u0142\u0105czone w odprawian\u0105 msz\u0119 \u015bw.<\/li>\n<\/ol>\n<p>&nbsp;<\/p>\n<ol start=\"3\">\n<li>W niedziel\u0119, 19 lutego, Dzie\u0144 Salety\u0144ski. Procesja do Figury Matki Bo\u017cej z La Salette po mszy \u015bw. o godz. 9.30. R\u00f3\u017caniec salety\u0144ski w intencji rodzin o godz. 17.25. Intencj\u0105 nabo\u017ce\u0144stwa jest wynagrodzenie Panu Bogu, za przyczyn\u0105 Matki Bo\u017cej, wszelkich zniewag doznawanych w naszej parafii.<\/li>\n<\/ol>\n<p>&nbsp;<\/p>\n<ol start=\"4\">\n<li>Po\u015bwiecenie \u015bwiecy dla dzieci pierwszokomunijnych, kt\u00f3re by\u0142y na feriach, w przysz\u0142\u0105 niedziel\u0119 na mszy \u015bw. o godz. 11.15.<\/li>\n<\/ol>\n<p>&nbsp;<\/p>\n<ol start=\"5\">\n<li>5. Z okazji XXXI \u015awiatowego Dnia Chorego serdecznie zapraszamy wszystkich chorych, cierpi\u0105cych i pos\u0142uguj\u0105cych im na uroczyst\u0105 Msz\u0119 \u015bw. z b\u0142ogos\u0142awie\u0144stwem na wz\u00f3r Lourdes w niedziel\u0119 19 lutego o godz. 13.30 w ko\u015bciele pw. Matki Boskiej Bolesnej w Poznaniu przy ul. G\u0142ogowskiej. W sobot\u0119 18 lutego, w godz. godz. 10-12.30, w Szkole Katolickiej im. Stanis\u0142awa Kostki przy ul. G\u0142ogowskiej 92 w Poznaniu, odb\u0119dzie si\u0119 tzw. bia\u0142a sobota. Lekarze r\u00f3\u017cnych specjalizacji b\u0119d\u0105 bezp\u0142atnie udziela\u0107 porad. B\u0119dzie te\u017c mo\u017cna wykona\u0107 podstawowe badania laboratoryjne. Uczestnicy b\u0119d\u0105 mogli skorzysta\u0107 z r\u00f3\u017cnych bezp\u0142atnych bada\u0144 profilaktycznych w punktach mobilnych: w osteobusie, s\u0142uchobusie czy mammobusie. Podczas sobotniego wydarzenia b\u0119dzie mo\u017cna te\u017c wzi\u0105\u0107 udzia\u0142 w&nbsp;wyk\u0142adach i szkoleniach podnosz\u0105cych poziom wiedzy o zdrowiu i \u017cyciu.<\/li>\n<\/ol>\n<p>&nbsp;<\/p>\n<ol start=\"6\">\n<li>Marsz Pokutny w intencji Ojczyzny i pokoju na \u015bwiecie wyruszy z ko\u015bcio\u0142a Bozego Cia\u0142a w niedziel\u0119, 19 lutgo. Msza sw. O godz. 12.30 i przemarsz do ko\u015bcio\u0142a OO. Franciszkan\u00f3w na Wzg\u00f3rze Przemys\u0142a.<\/li>\n<\/ol>\n<p>&nbsp;<\/p>\n<ol start=\"7\">\n<li>Rekolekcje wielkopostne rozpoczn\u0105 si\u0119 w \u015arod\u0119 Popielcow\u0105, 22 lutego i potrwaj\u0105 do&nbsp;&nbsp;&nbsp;&nbsp;&nbsp;&nbsp;&nbsp;&nbsp;&nbsp;&nbsp;&nbsp;&nbsp;&nbsp;&nbsp;&nbsp;&nbsp;&nbsp; 1 Niedzieli Wielkiego Postu. Rekolekcje poprowadzi O. Leszek Walendzik, Oblat Maryi Niepokalanej<\/li>\n<li>8. W czwartek, 23 lutego br. godz. 18<sup>30<\/sup> zostanie odprawiona w naszym mie\u015bcie tradycyjna Droga Krzy\u017cowa. Rozpocznie si\u0119 ona Msz\u0105 \u015bw. w ko\u015bciele pw. NSJ i \u015bw. Floriana przy ul. Ko\u015bcielnej o godz. 18<sup>00<\/sup> i uda si\u0119 na dziedziniec ko\u015bcio\u0142a Ojc\u00f3w Dominikan\u00f3w. Przez to wielkopostne nabo\u017ce\u0144stwo pragniemy odda\u0107 cze\u015b\u0107 cierpi\u0105cemu Zbawicielowi, przeb\u0142aga\u0107 za grzechy w\u0142asne, naszego miasta i&nbsp;Ojczyzny oraz uprosi\u0107 potrzebne \u0142aski dla wszystkich wsp\u00f3\u0142czesnych chrze\u015bcijan.9. Dzisiaj przed ko\u015bcio\u0142em kwesta na poszkodowanych trz\u0119sieniem ziemi w Turcji i Syrii.<\/li>\n<li>Zach\u0119camy do czytania prasy religijnej. Przy zakrystii <em>Przewodnik Katolicki<\/em>, <em>Go\u015b\u0107 Niedzielny, Ziarno, Ma\u0142y Przewodnik Katolicki <\/em>i gazeta parafialna.<\/li>\n<\/ol>\n<p>&nbsp;<\/p>\n<p>&nbsp;<\/p>\n<p>&nbsp;<\/p>\n<p>&nbsp;<\/p>\n<p>&nbsp;<\/p>\n<p>&nbsp;<\/p>\n<p>&nbsp;<\/p>\n","protected":false},"excerpt":{"rendered":"<p>&nbsp; OG\u0141OSZENIA DUSZPASTERSKIE NIEDZIELA&nbsp; VI ZWYK\u0141A &nbsp;12 lutego 2023 r. Kalendarz liturgiczny: wtorek \u2013 \u015bw. Cyryla i Metodego, pi\u0105tek \u2013 \u015bw. Siedmiu Za\u0142o\u017cycieli Zakonu Serwit\u00f3w. &nbsp; 2. Msza \u015bw. z modlitw\u0105 o uzdrowienie w czwartek o godz. 19.15. Pod ch\u00f3rem mo\u017cna zostawi\u0107 zapisane intencje, kt\u00f3re maja by\u0107 w\u0142\u0105czone w odprawian\u0105 msz\u0119 \u015bw. &nbsp; W niedziel\u0119, &#8230; <span class=\"more\"><a class=\"more-link\" href=\"https:\/\/www.chnk.pl\/?p=3665\">czytaj wi\u0119cej<\/a><\/span><\/p>\n","protected":false},"author":3,"featured_media":0,"comment_status":"open","ping_status":"open","sticky":false,"template":"","format":"standard","meta":{"ngg_post_thumbnail":0,"footnotes":""},"categories":[1],"tags":[],"_links":{"self":[{"href":"https:\/\/www.chnk.pl\/index.php?rest_route=\/wp\/v2\/posts\/3665"}],"collection":[{"href":"https:\/\/www.chnk.pl\/index.php?rest_route=\/wp\/v2\/posts"}],"about":[{"href":"https:\/\/www.chnk.pl\/index.php?rest_route=\/wp\/v2\/types\/post"}],"author":[{"embeddable":true,"href":"https:\/\/www.chnk.pl\/index.php?rest_route=\/wp\/v2\/users\/3"}],"replies":[{"embeddable":true,"href":"https:\/\/www.chnk.pl\/index.php?rest_route=%2Fwp%2Fv2%2Fcomments&post=3665"}],"version-history":[{"count":1,"href":"https:\/\/www.chnk.pl\/index.php?rest_route=\/wp\/v2\/posts\/3665\/revisions"}],"predecessor-version":[{"id":3666,"href":"https:\/\/www.chnk.pl\/index.php?rest_route=\/wp\/v2\/posts\/3665\/revisions\/3666"}],"wp:attachment":[{"href":"https:\/\/www.chnk.pl\/index.php?rest_route=%2Fwp%2Fv2%2Fmedia&parent=3665"}],"wp:term":[{"taxonomy":"category","embeddable":true,"href":"https:\/\/www.chnk.pl\/index.php?rest_route=%2Fwp%2Fv2%2Fcategories&post=3665"},{"taxonomy":"post_tag","embeddable":true,"href":"https:\/\/www.chnk.pl\/index.php?rest_route=%2Fwp%2Fv2%2Ftags&post=3665"}],"curies":[{"name":"wp","href":"https:\/\/api.w.org\/{rel}","templated":true}]}}