{"id":3660,"date":"2023-02-04T13:53:22","date_gmt":"2023-02-04T13:53:22","guid":{"rendered":"http:\/\/www.chnk.pl\/?p=3660"},"modified":"2023-02-04T13:53:38","modified_gmt":"2023-02-04T13:53:38","slug":"5-niedziela-zwykla-7","status":"publish","type":"post","link":"https:\/\/www.chnk.pl\/?p=3660","title":{"rendered":"5 Niedziela Zwyk\u0142a"},"content":{"rendered":"<p><strong>&nbsp;<\/strong><\/p>\n<p><strong>&nbsp;<\/strong><\/p>\n<p><strong>&nbsp;<\/strong><\/p>\n<p><strong>OG\u0141OSZENIA DUSZPASTERSKIE<\/strong><\/p>\n<p><strong>NIEDZIELA V ZWYK\u0141A<\/strong><\/p>\n<p><strong>5 lutego&nbsp; 2023 r.<\/strong><\/p>\n<p>&nbsp;<\/p>\n<ol>\n<li>Kalendarz liturgiczny:<\/li>\n<\/ol>\n<p>poniedzia\u0142ek \u2013 \u015bw. m\u0119czennik\u00f3w Paw\u0142a Miki i towarzyszy,<\/p>\n<p>\u015broda &#8211; \u015bw. J\u00f3zefiny Bakhity, Hieronima Emilianiego,<\/p>\n<p>pi\u0105tek- \u015bw. Scholastyki,<\/p>\n<p>sobota \u2013 Naj\u015bwi\u0119tszej Maryi Panny z Lourdes.<\/p>\n<p>&nbsp;<\/p>\n<ol start=\"2\">\n<li><strong> Msza \u015bw. w tym tygodniu od poniedzia\u0142ku do pi\u0105tku tylko o godz. 8.00.<\/strong><\/li>\n<\/ol>\n<p>&nbsp;<\/p>\n<ol start=\"3\">\n<li>Do czwartku, 9 lutego godz. 12.00 trwa Jerycho R\u00f3\u017ca\u0144cowe w ko\u015bciele OO. Franciszkan\u00f3w na Wzg\u00f3rzu Przemys\u0142a. Przed wizerunkiem&nbsp;&nbsp;&nbsp; Matki Bo\u017cej w Cudy Wielmo\u017cnej, Pani Poznania, przed Naj\u015bwi\u0119tszym Sakramentem, trwa ca\u0142odobowa modlitwa r\u00f3\u017ca\u0144cowa w intencji rodzin, Ko\u015bcio\u0142a, Ojczyzny i pokoju. Mo\u017cna si\u0119 w\u0142\u0105czy\u0107 o ka\u017cdej godzinie.<\/li>\n<\/ol>\n<p>&nbsp;<\/p>\n<ol start=\"4\">\n<li>Spotkanie r\u00f3\u017ca\u0144cowe w \u015brod\u0119 po mszy \u015bw. porannej i nowennie do Matki Bo\u017cej Nieustaj\u0105cej Pomocy.<\/li>\n<\/ol>\n<p>&nbsp;<\/p>\n<ol start=\"5\">\n<li>W sobot\u0119 wspomnienie liturgiczne Matki Bo\u017cej z Lourdes &#8211; \u015awiatowy Dzie\u0144 Chorego. Msza \u015bw. z udzielaniem Sakramentu Chorych b\u0119dzie w czasie rekolekcji wielkopostnych, kt\u00f3re rozpoczniemy w \u015arod\u0119 Popielcow\u0105. W Poznaniu powraca Bia\u0142a Sobota. Z porady lekarskiej b\u0119dzie mo\u017cna skorzysta\u0107 18 lutego w godzinach od 10.00 do 13.00 w budynku Katolickiej Szko\u0142y Podstawowej przy ul. G\u0142ogowskiej.<\/li>\n<\/ol>\n<p>&nbsp;<\/p>\n<ol start=\"6\">\n<li>B\u00f3g zap\u0142a\u0107 Paniom i Panom za sprawne rozebranie bo\u017conarodzeniowego wystroju ko\u015bcio\u0142a. B\u00f3g zap\u0142a\u0107 Paniom za cotygodniowe sprz\u0105tanie naszej \u015bwi\u0105tyni. Usilna pro\u015bb\u0105 o do\u0142\u0105czenie do tej pos\u0142ugi raz w miesi\u0105cu.<\/li>\n<\/ol>\n<p>&nbsp;<\/p>\n<ol start=\"7\">\n<li>B\u00f3g zap\u0142a\u0107 za ofiary sk\u0142adane na potrzeby naszej parafii. Konto Parafialne. Na tablicy og\u0142osze\u0144 jest zamieszczony numer konta bankowego. PKO BP SA 62 1020 4027 0000 1402 0034 7930.<\/li>\n<\/ol>\n<p>&nbsp;<\/p>\n<ol start=\"8\">\n<li>Zach\u0119camy do czytania prasy religijnej. Przy zakrystii \u201ePrzewodnik Katolicki\u201d \u201eGo\u015b\u0107 Niedzielny\u201d, dla dzieci \u201eZiarno\u201d, gazeta parafialna. Prasa katolicka&nbsp; jest wiarygodnym \u017ar\u00f3d\u0142em wiedzy o nauczaniu Ko\u015bcio\u0142a.<\/li>\n<\/ol>\n<p>&nbsp;<\/p>\n<p>&nbsp;<\/p>\n<ol start=\"9\">\n<li>M\u00f3dlmy si\u0119 za zmar\u0142ych parafian. Za dusze \u015bp. Janiny Olczak, os. Lecha 13, (msza \u015bw. pogrzebowa w poniedzia\u0142ek o godz. 18.00). Wieczny odpoczynek racz zmar\u0142ym da\u0107 Panie.<\/li>\n<\/ol>\n<p>&nbsp;<\/p>\n<p>&nbsp;<\/p>\n<p>&nbsp;<\/p>\n","protected":false},"excerpt":{"rendered":"<p>&nbsp; &nbsp; &nbsp; OG\u0141OSZENIA DUSZPASTERSKIE NIEDZIELA V ZWYK\u0141A 5 lutego&nbsp; 2023 r. &nbsp; Kalendarz liturgiczny: poniedzia\u0142ek \u2013 \u015bw. m\u0119czennik\u00f3w Paw\u0142a Miki i towarzyszy, \u015broda &#8211; \u015bw. J\u00f3zefiny Bakhity, Hieronima Emilianiego, pi\u0105tek- \u015bw. Scholastyki, sobota \u2013 Naj\u015bwi\u0119tszej Maryi Panny z Lourdes. &nbsp; Msza \u015bw. w tym tygodniu od poniedzia\u0142ku do pi\u0105tku tylko o godz. 8.00. &nbsp; &#8230; <span class=\"more\"><a class=\"more-link\" href=\"https:\/\/www.chnk.pl\/?p=3660\">czytaj wi\u0119cej<\/a><\/span><\/p>\n","protected":false},"author":3,"featured_media":0,"comment_status":"open","ping_status":"open","sticky":false,"template":"","format":"standard","meta":{"ngg_post_thumbnail":0,"footnotes":""},"categories":[1],"tags":[],"_links":{"self":[{"href":"https:\/\/www.chnk.pl\/index.php?rest_route=\/wp\/v2\/posts\/3660"}],"collection":[{"href":"https:\/\/www.chnk.pl\/index.php?rest_route=\/wp\/v2\/posts"}],"about":[{"href":"https:\/\/www.chnk.pl\/index.php?rest_route=\/wp\/v2\/types\/post"}],"author":[{"embeddable":true,"href":"https:\/\/www.chnk.pl\/index.php?rest_route=\/wp\/v2\/users\/3"}],"replies":[{"embeddable":true,"href":"https:\/\/www.chnk.pl\/index.php?rest_route=%2Fwp%2Fv2%2Fcomments&post=3660"}],"version-history":[{"count":1,"href":"https:\/\/www.chnk.pl\/index.php?rest_route=\/wp\/v2\/posts\/3660\/revisions"}],"predecessor-version":[{"id":3661,"href":"https:\/\/www.chnk.pl\/index.php?rest_route=\/wp\/v2\/posts\/3660\/revisions\/3661"}],"wp:attachment":[{"href":"https:\/\/www.chnk.pl\/index.php?rest_route=%2Fwp%2Fv2%2Fmedia&parent=3660"}],"wp:term":[{"taxonomy":"category","embeddable":true,"href":"https:\/\/www.chnk.pl\/index.php?rest_route=%2Fwp%2Fv2%2Fcategories&post=3660"},{"taxonomy":"post_tag","embeddable":true,"href":"https:\/\/www.chnk.pl\/index.php?rest_route=%2Fwp%2Fv2%2Ftags&post=3660"}],"curies":[{"name":"wp","href":"https:\/\/api.w.org\/{rel}","templated":true}]}}