{"id":3651,"date":"2023-01-28T14:14:09","date_gmt":"2023-01-28T14:14:09","guid":{"rendered":"http:\/\/www.chnk.pl\/?p=3651"},"modified":"2023-01-28T14:44:41","modified_gmt":"2023-01-28T14:44:41","slug":"4-niedziela-zwykla-6","status":"publish","type":"post","link":"https:\/\/www.chnk.pl\/?p=3651","title":{"rendered":"4 Niedziela Zwyk\u0142a"},"content":{"rendered":"<p>&nbsp;<\/p>\n<p><strong>OG\u0141OSZENIA DUSZPASTERSKIE<\/strong><\/p>\n<p><strong>NIEDZIELA IV ZWYK\u0141A<\/strong><\/p>\n<p><strong>29 stycznia 2023 r.<\/strong><\/p>\n<ol>\n<li>Kalendarz liturgiczny: wtorek \u2013 \u015bw. Jana Bosko, czwartek &#8211; \u015bwi\u0119to Ofiarowania Pa\u0144skiego ( Matki Bo\u017cej Gromnicznej), pi\u0105tek \u2013 \u015bw. B\u0142a\u017ceja i \u015bw. Oskara.<\/li>\n<li>Kol\u0119da \u2013 odwiedziny duszpasterskie w rodzinach<\/li>\n<\/ol>\n<p>&nbsp;poniedzia\u0142ek,30.01. godz. 16.00 blok 42 m. 65 do 96 &nbsp;&nbsp;&nbsp;&nbsp;&nbsp;&nbsp;&nbsp;&nbsp;&nbsp;&nbsp;&nbsp;&nbsp;&nbsp;&nbsp;&nbsp;&nbsp;&nbsp;&nbsp;&nbsp;&nbsp;&nbsp;&nbsp;&nbsp;&nbsp;&nbsp;<\/p>\n<p>&nbsp;wtorek,&nbsp;&nbsp;&nbsp;&nbsp;&nbsp;&nbsp;&nbsp;&nbsp; 31.01.&nbsp; godz. 16.00 blok 42, m. 97 do 128&nbsp;&nbsp;&nbsp;&nbsp;&nbsp;&nbsp;&nbsp;&nbsp;&nbsp;&nbsp;&nbsp;&nbsp;&nbsp;&nbsp;&nbsp;&nbsp;&nbsp;&nbsp;&nbsp;&nbsp;&nbsp;&nbsp;&nbsp;&nbsp;&nbsp;&nbsp;&nbsp;&nbsp;&nbsp;&nbsp;<\/p>\n<p>W czasie kol\u0119dy Biuro Parafialne czynne: w czwartek i w sobot\u0119 bez zmian.&nbsp; W poniedzia\u0142ek nieczynne. Sprawy pilne prosimy za\u0142atwia\u0107 w dni kol\u0119dowe od 15.00 do 15.30. Od poniedzia\u0142ku do \u015brody msza \u015bw. tylko o godz. 8.00.<\/p>\n<ol start=\"3\">\n<li>W czwartek, 2 lutego, \u015bwi\u0119to Ofiarowania Pa\u0144skiego (Matki Bo\u017cej Gromnicznej) obchodzone jako Dzie\u0144 \u017bycia Konsekrowanego. Msza \u015bw. o godz. 8.00, 10.00 16.30 i 18.00, Po\u015bwi\u0119cenie gromnic na ka\u017cdej mszy \u015bw. Dzieci pierwszokomunijne zapraszamy na godz. 18.00: po\u015bwi\u0119cenie \u015bwiec. Przed ko\u015bcio\u0142em kwesta na zakony klauzurowe. Wdzi\u0119czni za modlitw\u0119 jak\u0105 podejmuj\u0105 zakony klauzurowe, mamy obowi\u0105zek zapewnienia im pomocy.<\/li>\n<li>W tym tygodniu : I czwartek, I pi\u0105tek i I sobota miesi\u0105ca. Adoracja Naj\u015bwi\u0119tszego Sakramentu w czwartek po wieczornej mszy \u015bw. do godz. 21.00. Miesi\u0119czna spowied\u017a \u015bw. dla dzieci i m\u0142odzie\u017cy w pi\u0105tek od godz. 15.00, msza \u015bw. pierwszopi\u0105tkowa o godz. 18.00, komunia \u015bw. o godz. 16.30. R\u00f3\u017caniec i nabo\u017ce\u0144stwo fatimskie w sobot\u0119 o godz. 7.15. Zapraszamy do podj\u0119cia nabo\u017ce\u0144stwa pierwszych sob\u00f3t miesi\u0105ca o kt\u00f3re prosi\u0142a Matka Bo\u017ca w Fatimie. Spotkanie dla wsp\u00f3lnoty ma\u0142\u017ce\u0144stw w sobot\u0119 o godz. 19.15 w ko\u015bciele. W pi\u0105tek i sobot\u0119 odwiedziny chorych z sakramentami \u015bw. wed\u0142ug sta\u0142ego planu.<\/li>\n<li>W pi\u0105tek wspomnienie liturgiczne \u015bw. B\u0142a\u017ceja wzywanego przy chorobach gard\u0142a. B\u0142ogos\u0142awie\u0144stwo \u015bwi\u0119tob\u0142a\u017cejowe na mszy \u015bw. o godz. 8.00 i 18.00.<\/li>\n<li>Spotkanie dla dla m\u0142odzie\u017cy w pi\u0105tek o godz. 19.15.<\/li>\n<li>Prosimy o pomoc w rozebraniu choinek. Prosimy pan\u00f3w i panie w pi\u0105tek, 3 lutego, o godz. 19.00.<\/li>\n<li>B\u00f3g zap\u0142a\u0107 za ofiary na utrzymanie naszego ko\u015bcio\u0142a. Parafian z blok\u00f3w u kt\u00f3rych nie b\u0119dzie kol\u0119dy, prosimy o zabranie z bocznej kaplicy zielonej kartki z pro\u015bb\u0105 o ofiar\u0119 kol\u0119dow\u0105 na potrzeby Parafii. B\u00f3g zap\u0142a\u0107 na ofiary na diecezjalne radio EMAUS.<\/li>\n<li>\u201eR\u00f3\u017ca\u0144cowe Jerycho\u201d w ko\u015bciele Ojc\u00f3w Franciszkan\u00f3w na Wzg\u00f3rzu Przemys\u0142a rozpocznie si\u0119 2 lutego o godz. 12.00, a zako\u0144czy 9 lutego o godz. 12.00. Przed wizerunkiem Matki Bo\u017cej w Cudy Wielmo\u017cnej, Pani Poznania, przed Naj\u015bwi\u0119tszym Sakramentem, podejmujemy ca\u0142odobow\u0105 modlitw\u0119 r\u00f3\u017ca\u0144cow\u0105 w intencji rodzin, Ko\u015bcio\u0142a, Ojczyzny i pokoju. Mo\u017cna si\u0119 w\u0142\u0105czy\u0107 o ka\u017cdej godzinie.<\/li>\n<li>Zach\u0119camy do czytania prasy religijnej. W najnowszym numerze \u201ePrzewodnika Katolickiego\u201d artyku\u0142y o \u017cyciu konsekrowanym i modlitewnik na luty. Go\u015b\u0107 Niedzielny zamieszcza specjalny dodatek w obronie dobrego imienia i \u015bwi\u0119to\u015bci \u015bw. Jana Paw\u0142a II, dla dzieci \u201eZiarno\u201d, gazeta parafialna. Prasa katolicka jest wiarygodnym \u017ar\u00f3d\u0142em wiedzy&nbsp;&nbsp;&nbsp;&nbsp;&nbsp;&nbsp;&nbsp;&nbsp;&nbsp;&nbsp;&nbsp;&nbsp;&nbsp;&nbsp;&nbsp;&nbsp;&nbsp; o nauczaniu Ko\u015bcio\u0142a.<\/li>\n<li>B\u00f3g zap\u0142a\u0107 za ofiary na utrzymanie naszego ko\u015bcio\u0142a, z\u0142o\u017cone w czasie odwiedzin kol\u0119dowych.<\/li>\n<li>M\u00f3dlmy si\u0119 o pok\u00f3j w Ukrainie. \u015awi\u0119ty Bo\u017ce! \u015awi\u0119ty Mocny! \u015awi\u0119ty Nie\u015bmiertelny! Zmi\u0142uj si\u0119 nad nami!<\/li>\n<li>M\u00f3dlmy si\u0119 za zmar\u0142ych Parafian. Za dusz\u0119 \u015bp. Barbary Magdziarz, os. Lecha 39. (msza \u015bw. w pi\u0105tek o godz. 18.00). Wieczny odpoczynek racz zmar\u0142ym da\u0107 Panie.<\/li>\n<\/ol>\n<p><strong>&nbsp;<\/strong><\/p>\n<p>&nbsp;<\/p>\n<p>&nbsp;<\/p>\n","protected":false},"excerpt":{"rendered":"<p>&nbsp; OG\u0141OSZENIA DUSZPASTERSKIE NIEDZIELA IV ZWYK\u0141A 29 stycznia 2023 r. Kalendarz liturgiczny: wtorek \u2013 \u015bw. Jana Bosko, czwartek &#8211; \u015bwi\u0119to Ofiarowania Pa\u0144skiego ( Matki Bo\u017cej Gromnicznej), pi\u0105tek \u2013 \u015bw. B\u0142a\u017ceja i \u015bw. Oskara. Kol\u0119da \u2013 odwiedziny duszpasterskie w rodzinach &nbsp;poniedzia\u0142ek,30.01. godz. 16.00 blok 42 m. 65 do 96 &nbsp;&nbsp;&nbsp;&nbsp;&nbsp;&nbsp;&nbsp;&nbsp;&nbsp;&nbsp;&nbsp;&nbsp;&nbsp;&nbsp;&nbsp;&nbsp;&nbsp;&nbsp;&nbsp;&nbsp;&nbsp;&nbsp;&nbsp;&nbsp;&nbsp; &nbsp;wtorek,&nbsp;&nbsp;&nbsp;&nbsp;&nbsp;&nbsp;&nbsp;&nbsp; 31.01.&nbsp; godz. 16.00 blok 42, &#8230; <span class=\"more\"><a class=\"more-link\" href=\"https:\/\/www.chnk.pl\/?p=3651\">czytaj wi\u0119cej<\/a><\/span><\/p>\n","protected":false},"author":3,"featured_media":0,"comment_status":"open","ping_status":"open","sticky":false,"template":"","format":"standard","meta":{"ngg_post_thumbnail":0,"footnotes":""},"categories":[1],"tags":[],"_links":{"self":[{"href":"https:\/\/www.chnk.pl\/index.php?rest_route=\/wp\/v2\/posts\/3651"}],"collection":[{"href":"https:\/\/www.chnk.pl\/index.php?rest_route=\/wp\/v2\/posts"}],"about":[{"href":"https:\/\/www.chnk.pl\/index.php?rest_route=\/wp\/v2\/types\/post"}],"author":[{"embeddable":true,"href":"https:\/\/www.chnk.pl\/index.php?rest_route=\/wp\/v2\/users\/3"}],"replies":[{"embeddable":true,"href":"https:\/\/www.chnk.pl\/index.php?rest_route=%2Fwp%2Fv2%2Fcomments&post=3651"}],"version-history":[{"count":2,"href":"https:\/\/www.chnk.pl\/index.php?rest_route=\/wp\/v2\/posts\/3651\/revisions"}],"predecessor-version":[{"id":3659,"href":"https:\/\/www.chnk.pl\/index.php?rest_route=\/wp\/v2\/posts\/3651\/revisions\/3659"}],"wp:attachment":[{"href":"https:\/\/www.chnk.pl\/index.php?rest_route=%2Fwp%2Fv2%2Fmedia&parent=3651"}],"wp:term":[{"taxonomy":"category","embeddable":true,"href":"https:\/\/www.chnk.pl\/index.php?rest_route=%2Fwp%2Fv2%2Fcategories&post=3651"},{"taxonomy":"post_tag","embeddable":true,"href":"https:\/\/www.chnk.pl\/index.php?rest_route=%2Fwp%2Fv2%2Ftags&post=3651"}],"curies":[{"name":"wp","href":"https:\/\/api.w.org\/{rel}","templated":true}]}}