{"id":3648,"date":"2023-01-21T18:40:29","date_gmt":"2023-01-21T18:40:29","guid":{"rendered":"http:\/\/www.chnk.pl\/?p=3648"},"modified":"2023-01-21T18:40:29","modified_gmt":"2023-01-21T18:40:29","slug":"ferie-w-szreniawie","status":"publish","type":"post","link":"https:\/\/www.chnk.pl\/?p=3648","title":{"rendered":"FERIE W SZRENIAWIE"},"content":{"rendered":"<p>&nbsp;<\/p>\n<p><strong>Zapraszamy dzieci i m\u0142odzie\u017c do uczestnictwa w warsztatach organizowanych przez Muzeum Narodowe Rolnictwa i Przemys\u0142u Rolno-Spo\u017cywczego w Szreniawie podczas ferii zimowych.<\/strong><\/p>\n<p>W terminie od 30.01.2023 do 12.02.2023 na terenie muzeum prowadzone b\u0119d\u0105 warsztaty dla dzieci i m\u0142odzie\u017cy:<\/p>\n<ul>\n<li>wszystkie zaj\u0119cia maj\u0105 charakter interaktywny i zwi\u0105zane s\u0105 tematycznie z ekspozycjami muzealnymi.<\/li>\n<li>zaj\u0119cia w grupach od 10 do 25 os\u00f3b (grupy zorganizowane oraz indywidualni zwiedzaj\u0105cy)<\/li>\n<\/ul>\n<ul>\n<li>czas trwania \u2013 ok. 1,5 godzin, od 11:00 do 12:30 (w dni powszednie)<\/li>\n<li>bilety \u2013 25 z\u0142 od osoby i 60 z\u0142 od rodziny (bilet upowa\u017cnia do zwiedzania ekspozycji i uczestnictwa w warsztatach)<\/li>\n<\/ul>\n<p><strong>I tydzie\u0144 \u2013 Ptaki, nasi przyjaciele: 30.01. \u2013 03.02.2023 r., godz. 11:00<\/strong><\/p>\n<p>Pierwszy tydzie\u0144 dedykowany jest szczeg\u00f3lnie mi\u0142o\u015bnikom ptak\u00f3w. Uczestnicy warsztat\u00f3w dowiedz\u0105 si\u0119, jak pomaga\u0107 ptakom w k\u0142opotach i czym je dokarmia\u0107, by nie zaszkodzi\u0107 ich zdrowiu. Ka\u017cde dziecko ozdobi ptaszka wyci\u0119tego ze sklejki. Na koniec wszyscy zobacz\u0105 wybrane przez nas muzealne ekspozycje, na kt\u00f3rych znajduj\u0105 si\u0119 ptaki.<\/p>\n<p><strong>II tydzie\u0144 \u2013 Dzieciaki lepi\u0105 zwierzaki: 06.02. \u2013 10.02.2023 r., godz.11:00<\/strong><\/p>\n<p>W drugim tygodniu ferii uczestnicy b\u0119d\u0105 mogli ulepi\u0107 z gliny figurki swoich ulubionych zwierz\u0105t. Inspiracj\u0105 dla m\u0142odych tw\u00f3rc\u00f3w b\u0119dzie wizyta w budynku, w kt\u00f3rym mieszkaj\u0105 nasze zwierz\u0119ta gospodarskie \u2013 krowy, konie, kozy, owce, wo\u0142y i kr\u00f3liki. Podczas zaj\u0119\u0107 b\u0119dzie mo\u017cna obejrze\u0107 pi\u0119kne rze\u017aby i naczynia z gliny.<\/p>\n<p>Zapisy na warsztaty przyjmuje Dzia\u0142 Edukacji i Wydawnictw, tel. 61 810 76 29 wew. 61, 62, 63.<\/p>\n<p>\u2013 mail:&nbsp;<a href=\"mailto:edukacja@muzeum-szreniawa.pl\">edukacja@muzeum-szreniawa.pl<\/a><\/p>\n<p>Wi\u0119cej informacji na temat ferii znajd\u0105 Pa\u0144stwo pod adresem: https:\/\/muzeum-szreniawa.pl\/ferie-w-szreniawie\/<\/p>\n<p>&nbsp;<\/p>\n<p><strong>&nbsp;<\/strong><\/p>\n<p><strong>&nbsp;<\/strong><\/p>\n<p>&nbsp;<\/p>\n<p>&nbsp;&nbsp;&nbsp;&nbsp;&nbsp;&nbsp;&nbsp;&nbsp;&nbsp;&nbsp;&nbsp;&nbsp;&nbsp;&nbsp;&nbsp;&nbsp;&nbsp;&nbsp;&nbsp;&nbsp;&nbsp;&nbsp;&nbsp;&nbsp;&nbsp;&nbsp;&nbsp;&nbsp;&nbsp;&nbsp;&nbsp;&nbsp;&nbsp;&nbsp;&nbsp;&nbsp;&nbsp;&nbsp;&nbsp;&nbsp;&nbsp;&nbsp;&nbsp;&nbsp;&nbsp;&nbsp;&nbsp;&nbsp;&nbsp;&nbsp;&nbsp;&nbsp;&nbsp;&nbsp;&nbsp;&nbsp;&nbsp;&nbsp;&nbsp;&nbsp;&nbsp;&nbsp;&nbsp;&nbsp;&nbsp;&nbsp;&nbsp;&nbsp;&nbsp;&nbsp;&nbsp;&nbsp;&nbsp;&nbsp;&nbsp;&nbsp;&nbsp;&nbsp;&nbsp;&nbsp;&nbsp;&nbsp;&nbsp;&nbsp;&nbsp;&nbsp;&nbsp;&nbsp;&nbsp;&nbsp;&nbsp;&nbsp;&nbsp;&nbsp;&nbsp;&nbsp;&nbsp;&nbsp;&nbsp;&nbsp;&nbsp;&nbsp;&nbsp;&nbsp;&nbsp;&nbsp;&nbsp;&nbsp;&nbsp;&nbsp;&nbsp;&nbsp;&nbsp;&nbsp;&nbsp;&nbsp;&nbsp;&nbsp;&nbsp;&nbsp;&nbsp;&nbsp;&nbsp;<\/p>\n<p>Pozdrawiam<\/p>\n<p>Karolina Fiszer<\/p>\n<p>Kustosz<\/p>\n<p>Dzia\u0142 Edukacji i Wydawnictw<\/p>\n<p>tel. 61&nbsp;810 76 29 w. 63<\/p>\n<p>tel. kom. 500 512 112<\/p>\n<p>&nbsp;<\/p>\n","protected":false},"excerpt":{"rendered":"<p>&nbsp; Zapraszamy dzieci i m\u0142odzie\u017c do uczestnictwa w warsztatach organizowanych przez Muzeum Narodowe Rolnictwa i Przemys\u0142u Rolno-Spo\u017cywczego w Szreniawie podczas ferii zimowych. W terminie od 30.01.2023 do 12.02.2023 na terenie muzeum prowadzone b\u0119d\u0105 warsztaty dla dzieci i m\u0142odzie\u017cy: wszystkie zaj\u0119cia maj\u0105 charakter interaktywny i zwi\u0105zane s\u0105 tematycznie z ekspozycjami muzealnymi. zaj\u0119cia w grupach od 10 &#8230; <span class=\"more\"><a class=\"more-link\" href=\"https:\/\/www.chnk.pl\/?p=3648\">czytaj wi\u0119cej<\/a><\/span><\/p>\n","protected":false},"author":3,"featured_media":0,"comment_status":"open","ping_status":"open","sticky":false,"template":"","format":"standard","meta":{"ngg_post_thumbnail":0,"footnotes":""},"categories":[1],"tags":[],"_links":{"self":[{"href":"https:\/\/www.chnk.pl\/index.php?rest_route=\/wp\/v2\/posts\/3648"}],"collection":[{"href":"https:\/\/www.chnk.pl\/index.php?rest_route=\/wp\/v2\/posts"}],"about":[{"href":"https:\/\/www.chnk.pl\/index.php?rest_route=\/wp\/v2\/types\/post"}],"author":[{"embeddable":true,"href":"https:\/\/www.chnk.pl\/index.php?rest_route=\/wp\/v2\/users\/3"}],"replies":[{"embeddable":true,"href":"https:\/\/www.chnk.pl\/index.php?rest_route=%2Fwp%2Fv2%2Fcomments&post=3648"}],"version-history":[{"count":1,"href":"https:\/\/www.chnk.pl\/index.php?rest_route=\/wp\/v2\/posts\/3648\/revisions"}],"predecessor-version":[{"id":3649,"href":"https:\/\/www.chnk.pl\/index.php?rest_route=\/wp\/v2\/posts\/3648\/revisions\/3649"}],"wp:attachment":[{"href":"https:\/\/www.chnk.pl\/index.php?rest_route=%2Fwp%2Fv2%2Fmedia&parent=3648"}],"wp:term":[{"taxonomy":"category","embeddable":true,"href":"https:\/\/www.chnk.pl\/index.php?rest_route=%2Fwp%2Fv2%2Fcategories&post=3648"},{"taxonomy":"post_tag","embeddable":true,"href":"https:\/\/www.chnk.pl\/index.php?rest_route=%2Fwp%2Fv2%2Ftags&post=3648"}],"curies":[{"name":"wp","href":"https:\/\/api.w.org\/{rel}","templated":true}]}}