{"id":3645,"date":"2023-01-21T18:36:48","date_gmt":"2023-01-21T18:36:48","guid":{"rendered":"http:\/\/www.chnk.pl\/?p=3645"},"modified":"2023-01-21T18:36:48","modified_gmt":"2023-01-21T18:36:48","slug":"3-niedziela-zwykla-6","status":"publish","type":"post","link":"https:\/\/www.chnk.pl\/?p=3645","title":{"rendered":"3  Niedziela Zwyk\u0142a"},"content":{"rendered":"<p><strong>OG\u0141OSZENIA DUSZPASTERSKIE<\/strong><\/p>\n<p><strong>NIEDZIELA<\/strong><strong> III ZWYK\u0141A<\/strong><\/p>\n<p><strong>22 stycznia 2023 r.<\/strong><\/p>\n<p><strong>&nbsp;<\/strong><\/p>\n<ol>\n<li>Kalendarz liturgiczny: wtorek \u2013 \u015bw. Franciszka Salezego, \u015broda &#8211; Nawr\u00f3cenie \u015bw. Paw\u0142a, czwartek \u2013 \u015bw.\u015bw. Tymoteusza i Tytusa, pi\u0105tek \u2013 b\u0142. Anieli Merici, sobota \u2013 \u015bw. Tomasza z Akwinu.<\/li>\n<\/ol>\n<p><strong>&nbsp;<\/strong><\/p>\n<ol start=\"2\">\n<li>Kol\u0119da \u2013 odwiedziny duszpasterskie w rodzinach<\/li>\n<\/ol>\n<p>poniedzia\u0142ek, 23.01.godz. 16.00 wej\u015bcie 59, 60, 61<\/p>\n<p>&nbsp;&nbsp;&nbsp;&nbsp;&nbsp;&nbsp;&nbsp;&nbsp;&nbsp;&nbsp;&nbsp;&nbsp;&nbsp;&nbsp;&nbsp;&nbsp;&nbsp;&nbsp;&nbsp;&nbsp;&nbsp;&nbsp;&nbsp;&nbsp;&nbsp;&nbsp;&nbsp;&nbsp;&nbsp;&nbsp;&nbsp; godz. 16.00 wej\u015bcie 109, 110, 111<\/p>\n<p>&nbsp;wtorek,&nbsp;&nbsp;&nbsp;&nbsp;&nbsp;&nbsp;&nbsp; 24.01. godz. 16.00 wej\u015bcie 62, 63, 64<\/p>\n<p>&nbsp;&nbsp;&nbsp;&nbsp;&nbsp;&nbsp;&nbsp;&nbsp;&nbsp;&nbsp;&nbsp;&nbsp;&nbsp;&nbsp;&nbsp;&nbsp;&nbsp;&nbsp;&nbsp;&nbsp;&nbsp;&nbsp;&nbsp;&nbsp;&nbsp; &nbsp;&nbsp;&nbsp;&nbsp;&nbsp;&nbsp;godz. 16.00 wej\u015bcie 112, 113, 114&nbsp;&nbsp;&nbsp;&nbsp;&nbsp;&nbsp;&nbsp;&nbsp;&nbsp;&nbsp;&nbsp;&nbsp;&nbsp;&nbsp;&nbsp;&nbsp;&nbsp;&nbsp;&nbsp;&nbsp;&nbsp;&nbsp;&nbsp;&nbsp;&nbsp;&nbsp;&nbsp;&nbsp;&nbsp;&nbsp;&nbsp;<\/p>\n<p>&nbsp;\u015broda,&nbsp;&nbsp;&nbsp;&nbsp;&nbsp;&nbsp;&nbsp;&nbsp;&nbsp;&nbsp; 25.01. godz. 16.00 wej\u015bcia 115, 116, 117<\/p>\n<p>&nbsp;czwartek,&nbsp;&nbsp;&nbsp;&nbsp; 26.01. godz. 16.00 wej\u015bcie 65, 66<\/p>\n<p>&nbsp;&nbsp;&nbsp;&nbsp;&nbsp;&nbsp;&nbsp;&nbsp;&nbsp;&nbsp;&nbsp;&nbsp;&nbsp;&nbsp;&nbsp;&nbsp;&nbsp;&nbsp;&nbsp;&nbsp;&nbsp;&nbsp;&nbsp;&nbsp;&nbsp;&nbsp;&nbsp;&nbsp;&nbsp;&nbsp;&nbsp; godz. 16.00 wej\u015bcie 118, 119<\/p>\n<p>&nbsp;pi\u0105tek,&nbsp;&nbsp;&nbsp;&nbsp;&nbsp;&nbsp; &nbsp;&nbsp;27.01.&nbsp;&nbsp; godz. 16.00 blok 42, m. 1 do 32<\/p>\n<p>&nbsp;sobota&nbsp;&nbsp;&nbsp;&nbsp;&nbsp;&nbsp;&nbsp;&nbsp; 28.01. godz.16.00 blok 42, m. 33 do 64<\/p>\n<p>&nbsp;poniedzia\u0142ek,30.01. godz. 16.00 blok 42 m. 65 do 96&nbsp;&nbsp;&nbsp;&nbsp;&nbsp;&nbsp;&nbsp;&nbsp;&nbsp;&nbsp;&nbsp;&nbsp;&nbsp;&nbsp;&nbsp;&nbsp;&nbsp;&nbsp;&nbsp;&nbsp;&nbsp;&nbsp;&nbsp;&nbsp;&nbsp;<\/p>\n<p>&nbsp;wtorek,&nbsp;&nbsp;&nbsp;&nbsp;&nbsp;&nbsp;&nbsp;&nbsp; 31.01.&nbsp; godz. 16.00 blok 42, m. 97 do 128&nbsp;&nbsp;&nbsp;&nbsp;&nbsp;&nbsp;&nbsp;&nbsp;&nbsp;&nbsp;&nbsp;&nbsp;&nbsp;&nbsp;&nbsp;&nbsp;&nbsp;&nbsp;&nbsp;&nbsp; &nbsp;&nbsp;&nbsp;&nbsp;&nbsp;&nbsp;&nbsp;&nbsp;&nbsp;&nbsp;<\/p>\n<p>W czasie kol\u0119dy Biuro Parafialne czynne: w czwartek i w sobot\u0119 bez zmian.&nbsp; W poniedzia\u0142ek nieczynne. Sprawy pilne prosimy za\u0142atwia\u0107 w dni kol\u0119dowe od 15.00 do 15.30.<\/p>\n<p><strong>&nbsp;<\/strong><\/p>\n<ol start=\"3\">\n<li>Spotkanie duszpasterskie dzieci pierwszokomunijnych przed po\u015bwi\u0119ceniem \u015bwiecy w \u015bwi\u0119to Matki Bo\u017cej Gromnicznej odb\u0119dzie si\u0119 w sobot\u0119 29 stycznia. Klasy 3 a, b o godz. 10.30, klasy c, d i inne szko\u0142y o godz. 11.30 w salce parafialnej.<\/li>\n<\/ol>\n<p><strong>&nbsp;<\/strong><\/p>\n<ol start=\"4\">\n<li>Muzeum Narodowe Rolnictwa w Szreniawie organizuje w czasie ferii warsztaty dla dzieci i m\u0142odzie\u017cy. Pe\u0142en komunikat na tablicy og\u0142osze\u0144 i parafialnej stronie internetowej.<\/li>\n<\/ol>\n<p><strong>&nbsp;<\/strong><\/p>\n<ol start=\"5\">\n<li>B\u00f3g zap\u0142a\u0107 za ofiary na utrzymanie naszego ko\u015bcio\u0142a<\/li>\n<\/ol>\n<p><strong>&nbsp;<\/strong><\/p>\n<ol start=\"6\">\n<li>W \u015brod\u0119 \u015bwi\u0119to Nawr\u00f3cenia \u015bw. Paw\u0142a. Uroczysto\u015b\u0107 odpustowa w Parafii Nawr\u00f3cenia \u015bw. Paw\u0142a na os. Piastowskim. Suma o godz. 11.00.<\/li>\n<\/ol>\n<p><strong>&nbsp;<\/strong><\/p>\n<ol start=\"7\">\n<li>Dzisiaj przed ko\u015bcio\u0142em mo\u017cliwo\u015b\u0107 z\u0142o\u017cenia ofiary na Katolickie Radio EMAUS. B\u00f3g zap\u0142a\u0107 zespo\u0142owi ch\u00f3ralnemu za przygotowanie koncertu kol\u0119d w ko\u015bciele. B\u00f3g zap\u0142a\u0107 Panom za od\u015bnie\u017canie terenu wok\u00f3\u0142 ko\u015bcio\u0142a. B\u00f3g zap\u0142a\u0107 Paniom za przygotowanie w salce spotkania kol\u0119dowego dla rodzin.<\/li>\n<\/ol>\n<p><strong>&nbsp;<\/strong><\/p>\n<ol start=\"8\">\n<li>Zach\u0119camy do czytania prasy religijnej: Przewodnik Katolicki, Ma\u0142y Przewodnik Katolicki, Ziarno, Go\u015b\u0107 Niedzielny, gazetka parafialna. Zapraszamy dzieci do wype\u0142niania zada\u0144 z Ziarna.<\/li>\n<\/ol>\n<p><strong>&nbsp;<\/strong><\/p>\n<ol start=\"9\">\n<li>M\u00f3dlmy si\u0119 za zmar\u0142ych Parafian. Za dusz\u0119 \u015bp. Teresy Bator, os. Lecha 15 (msza \u015bw. pogrzebowa w poniedzia\u0142ek o godz. 11.00.) Wieczny odpoczynek racz zmar\u0142ym da\u0107 Panie.<\/li>\n<\/ol>\n<p><strong><\/p>\n<p><\/strong><\/p>\n<p>&nbsp;<\/p>\n","protected":false},"excerpt":{"rendered":"<p>OG\u0141OSZENIA DUSZPASTERSKIE NIEDZIELA III ZWYK\u0141A 22 stycznia 2023 r. &nbsp; Kalendarz liturgiczny: wtorek \u2013 \u015bw. Franciszka Salezego, \u015broda &#8211; Nawr\u00f3cenie \u015bw. Paw\u0142a, czwartek \u2013 \u015bw.\u015bw. Tymoteusza i Tytusa, pi\u0105tek \u2013 b\u0142. Anieli Merici, sobota \u2013 \u015bw. Tomasza z Akwinu. &nbsp; Kol\u0119da \u2013 odwiedziny duszpasterskie w rodzinach poniedzia\u0142ek, 23.01.godz. 16.00 wej\u015bcie 59, 60, 61 &nbsp;&nbsp;&nbsp;&nbsp;&nbsp;&nbsp;&nbsp;&nbsp;&nbsp;&nbsp;&nbsp;&nbsp;&nbsp;&nbsp;&nbsp;&nbsp;&nbsp;&nbsp;&nbsp;&nbsp;&nbsp;&nbsp;&nbsp;&nbsp;&nbsp;&nbsp;&nbsp;&nbsp;&nbsp;&nbsp;&nbsp; godz. &#8230; <span class=\"more\"><a class=\"more-link\" href=\"https:\/\/www.chnk.pl\/?p=3645\">czytaj wi\u0119cej<\/a><\/span><\/p>\n","protected":false},"author":3,"featured_media":0,"comment_status":"open","ping_status":"open","sticky":false,"template":"","format":"standard","meta":{"ngg_post_thumbnail":0,"footnotes":""},"categories":[1],"tags":[],"_links":{"self":[{"href":"https:\/\/www.chnk.pl\/index.php?rest_route=\/wp\/v2\/posts\/3645"}],"collection":[{"href":"https:\/\/www.chnk.pl\/index.php?rest_route=\/wp\/v2\/posts"}],"about":[{"href":"https:\/\/www.chnk.pl\/index.php?rest_route=\/wp\/v2\/types\/post"}],"author":[{"embeddable":true,"href":"https:\/\/www.chnk.pl\/index.php?rest_route=\/wp\/v2\/users\/3"}],"replies":[{"embeddable":true,"href":"https:\/\/www.chnk.pl\/index.php?rest_route=%2Fwp%2Fv2%2Fcomments&post=3645"}],"version-history":[{"count":1,"href":"https:\/\/www.chnk.pl\/index.php?rest_route=\/wp\/v2\/posts\/3645\/revisions"}],"predecessor-version":[{"id":3646,"href":"https:\/\/www.chnk.pl\/index.php?rest_route=\/wp\/v2\/posts\/3645\/revisions\/3646"}],"wp:attachment":[{"href":"https:\/\/www.chnk.pl\/index.php?rest_route=%2Fwp%2Fv2%2Fmedia&parent=3645"}],"wp:term":[{"taxonomy":"category","embeddable":true,"href":"https:\/\/www.chnk.pl\/index.php?rest_route=%2Fwp%2Fv2%2Fcategories&post=3645"},{"taxonomy":"post_tag","embeddable":true,"href":"https:\/\/www.chnk.pl\/index.php?rest_route=%2Fwp%2Fv2%2Ftags&post=3645"}],"curies":[{"name":"wp","href":"https:\/\/api.w.org\/{rel}","templated":true}]}}