{"id":3640,"date":"2023-01-14T17:48:35","date_gmt":"2023-01-14T17:48:35","guid":{"rendered":"http:\/\/www.chnk.pl\/?p=3640"},"modified":"2023-01-14T17:48:35","modified_gmt":"2023-01-14T17:48:35","slug":"2-niedziela-zwykla-7","status":"publish","type":"post","link":"https:\/\/www.chnk.pl\/?p=3640","title":{"rendered":"2 Niedziela Zwyk\u0142a"},"content":{"rendered":"<p><strong>OG\u0141OSZENIA DUSZPASTERSKIE<\/strong><\/p>\n<p><strong>NIEDZIELA<\/strong><strong> II ZWYK\u0141A<\/strong><\/p>\n<p><strong>15 stycznia 2023 r.<\/strong><\/p>\n<ol>\n<li>Kalendarz liturgiczny: wtorek \u2013 \u015bw. Antoniego, opata, czwartek \u2013 \u015bw. J\u00f3zefa Sebastiana Pelczara, pi\u0105tek &#8211; \u015bw.\u015bw. Fabiana i Sebastiana, sobota \u2013 \u015bw. Agnieszki.<\/li>\n<li>Jak co roku, w dniach od 18 do 25 stycznia, wraz z chrze\u015bcijanami na ca\u0142ym \u015bwiecie, b\u0119dziemy modli\u0107 si\u0119 o jedno\u015b\u0107 chrze\u015bcijan. Has\u0142em tegorocznego Tygodnia Powszechnej Modlitwy o Jedno\u015b\u0107 Chrze\u015bcijan s\u0105 s\u0142owa: <em>Czy\u0144cie dobro; szukajcie sprawiedliwo\u015bci <\/em>(por. Iz 1,17). Niechaj intencja jedno\u015bci stanie si\u0119 przedmiotem intensywnej modlitwy zar\u00f3wno osobistej, jak i w czasie nabo\u017ce\u0144stw parafialnych. Zach\u0119camy do licznego udzia\u0142u w ekumenicznych nabo\u017ce\u0144stwach, kt\u00f3re odbywa\u0107 si\u0119 b\u0119d\u0105 w \u015bwi\u0105tyniach Ko\u015bcio\u0142\u00f3w r\u00f3\u017cnych wyzna\u0144 naszej diecezji. Centralne nabo\u017ce\u0144stwo odb\u0119dzie si\u0119 19 stycznia (czwartek) o godz. 19:00,&nbsp; w ko\u015bciele \u015bw. Jana XXIII w Komornikach przy ul. Malwowej 14. Nabo\u017ce\u0144stwu przewodniczy\u0107 b\u0119dzie Ksi\u0105dz Arcybiskup Stanis\u0142aw G\u0105decki Metropolita Pozna\u0144ski, a kazanie wyg\u0142osi ks. mitrat S\u0142awomir Kondratiuk z Ko\u015bcio\u0142a Prawos\u0142awnego.<\/li>\n<li>Plan kol\u0119dy<\/li>\n<\/ol>\n<p>&nbsp;&nbsp; poniedzia\u0142ek,16.01. godz. 16.00 wej\u015bcie 36, 45, 46<\/p>\n<p>&nbsp;&nbsp;&nbsp;&nbsp;&nbsp;&nbsp;&nbsp;&nbsp;&nbsp;&nbsp;&nbsp;&nbsp;&nbsp;&nbsp;&nbsp;&nbsp;&nbsp;&nbsp;&nbsp;&nbsp;&nbsp;&nbsp;&nbsp;&nbsp;&nbsp;&nbsp;&nbsp;&nbsp;&nbsp;&nbsp;&nbsp;&nbsp;&nbsp; godz. 16.00 wej\u015bcie 94, 95, 96<\/p>\n<p>&nbsp;&nbsp; wtorek,&nbsp;&nbsp;&nbsp;&nbsp;&nbsp;&nbsp;&nbsp; 17.01. godz. 16.00 wej\u015bcie 47, 48, 49<\/p>\n<p>&nbsp;&nbsp;&nbsp;&nbsp;&nbsp;&nbsp;&nbsp;&nbsp;&nbsp;&nbsp;&nbsp;&nbsp;&nbsp;&nbsp;&nbsp;&nbsp;&nbsp;&nbsp;&nbsp;&nbsp;&nbsp;&nbsp;&nbsp;&nbsp;&nbsp;&nbsp;&nbsp;&nbsp;&nbsp;&nbsp;&nbsp;&nbsp; godz. 16.00 wej\u015bcie 97, 98, 99&nbsp;&nbsp;&nbsp;&nbsp;&nbsp;&nbsp;&nbsp;&nbsp;&nbsp; &nbsp;&nbsp;&nbsp;&nbsp;&nbsp;&nbsp;&nbsp;&nbsp;&nbsp;&nbsp;&nbsp;<\/p>\n<p>&nbsp;&nbsp; \u015broda,&nbsp;&nbsp;&nbsp;&nbsp;&nbsp;&nbsp;&nbsp;&nbsp;&nbsp;&nbsp; 18.01. godz. 16.00 wej\u015bcia 50, 51, 52<\/p>\n<p>&nbsp;&nbsp;&nbsp;&nbsp;&nbsp;&nbsp;&nbsp;&nbsp;&nbsp;&nbsp;&nbsp;&nbsp;&nbsp;&nbsp;&nbsp;&nbsp;&nbsp;&nbsp;&nbsp;&nbsp;&nbsp;&nbsp;&nbsp;&nbsp;&nbsp;&nbsp;&nbsp;&nbsp;&nbsp;&nbsp;&nbsp;&nbsp; godz. 16.00 wej\u015bcie 100, 101<\/p>\n<p>&nbsp;&nbsp; czwartek,&nbsp;&nbsp;&nbsp;&nbsp; 19.01. godz. 16.00 wej\u015bcie 53, 54, 55<\/p>\n<p>&nbsp;&nbsp;&nbsp;&nbsp;&nbsp;&nbsp;&nbsp;&nbsp;&nbsp;&nbsp;&nbsp;&nbsp;&nbsp;&nbsp;&nbsp;&nbsp;&nbsp;&nbsp;&nbsp;&nbsp;&nbsp;&nbsp;&nbsp;&nbsp;&nbsp;&nbsp;&nbsp;&nbsp;&nbsp;&nbsp;&nbsp;&nbsp;&nbsp; godz. 16.00 wej\u015bcie 102, 103, 104, 105<\/p>\n<p>&nbsp;&nbsp; pi\u0105tek,&nbsp;&nbsp;&nbsp;&nbsp;&nbsp;&nbsp;&nbsp; 20.01.&nbsp;&nbsp; godz. 16.00 wej\u015bcie 56, 57, 58<\/p>\n<p>&nbsp;&nbsp;&nbsp;&nbsp;&nbsp;&nbsp;&nbsp;&nbsp;&nbsp;&nbsp;&nbsp;&nbsp;&nbsp;&nbsp;&nbsp;&nbsp;&nbsp;&nbsp;&nbsp;&nbsp;&nbsp;&nbsp;&nbsp;&nbsp;&nbsp;&nbsp;&nbsp;&nbsp;&nbsp;&nbsp;&nbsp;&nbsp;&nbsp; godz. 16.00 wej\u015bcie 106, 107, 108<\/p>\n<p>&nbsp;&nbsp; poniedzia\u0142ek,23.01.godz. 16.00 wej\u015bcie 59, 60, 61<\/p>\n<p>&nbsp;&nbsp;&nbsp;&nbsp;&nbsp;&nbsp;&nbsp;&nbsp;&nbsp;&nbsp;&nbsp;&nbsp;&nbsp;&nbsp;&nbsp;&nbsp;&nbsp;&nbsp;&nbsp;&nbsp;&nbsp;&nbsp;&nbsp;&nbsp;&nbsp;&nbsp;&nbsp;&nbsp;&nbsp;&nbsp;&nbsp;&nbsp; godz. 16.00 wej\u015bcie 109, 110, 111<\/p>\n<p>&nbsp;&nbsp; wtorek,&nbsp;&nbsp;&nbsp;&nbsp;&nbsp;&nbsp;&nbsp; 24.01. godz. 16.00 wej\u015bcie 62, 63, 64<\/p>\n<p>&nbsp;&nbsp;&nbsp;&nbsp;&nbsp;&nbsp;&nbsp;&nbsp;&nbsp;&nbsp;&nbsp;&nbsp;&nbsp;&nbsp;&nbsp;&nbsp;&nbsp;&nbsp;&nbsp;&nbsp;&nbsp;&nbsp;&nbsp;&nbsp;&nbsp;&nbsp;&nbsp;&nbsp;&nbsp;&nbsp;&nbsp;&nbsp; godz. 16.00 wej\u015bcie 112, 113, 114<\/p>\n<p>W czasie kol\u0119dy Biuro Parafialne czynne: w czwartek i w sobot\u0119 bez zmian. W poniedzia\u0142ek nieczynne. Sprawy pilne prosimy za\u0142atwia\u0107 w dni kol\u0119dowe od 15.00 do 15.30. Spowied\u017a \u015bw. p\u00f3\u0142 godziny przed porann\u0105 Msz\u0105 \u015bw. i w sobot\u0119 od godz. 16.00 do 18.00.<\/p>\n<ol start=\"4\">\n<li>Dzie\u0144 salety\u0144ski w czwartek: r\u00f3\u017caniec salety\u0144ski o godz. 7.30, msza \u015bw. o godz. 8.00 i procesja do figury Matki Bo\u017cej. T\u0105 modlitw\u0105, za przyczyn\u0105 Matki Bo\u017cej, wynagradzamy Panu Bogu grzechy niewiary, opuszczone lekkomy\u015blnie msze \u015bw. niedzielne i przekle\u0144stwa.<\/li>\n<li>W sobot\u0119, 21 stycznia, wspomnienie liturgiczne \u015bw. Agnieszki. W tym dniu przypada Dzie\u0144 Babci. Za przyczyn\u0105 \u015bw. Patronki modlimy si\u0119 o b\u0142ogos\u0142awie\u0144stwo dla Senior\u00f3w.<\/li>\n<li>B\u00f3g zap\u0142a\u0107 za ofiary z\u0142o\u017cone na utrzymanie naszego ko\u015bcio\u0142a. W przysz\u0142\u0105 niedziel\u0119, przed ko\u015bcio\u0142em, kwesta na Radio Emaus. Tygodniki katolickie przy wej\u015bciu do zakrystii.<\/li>\n<li>M\u00f3dlmy si\u0119 za zmar\u0142ych parafian. Za dusz\u0119 \u015bp. Wojciecha Jankowiaka, os. Lecha 126 (msza \u015bw. pogrzebowa w sobot\u0119 o godz. 10.00) Wieczny odpoczynek racz zmar\u0142ym da\u0107 Panie.<\/li>\n<\/ol>\n<p><strong>&nbsp;<\/strong><\/p>\n","protected":false},"excerpt":{"rendered":"<p>OG\u0141OSZENIA DUSZPASTERSKIE NIEDZIELA II ZWYK\u0141A 15 stycznia 2023 r. Kalendarz liturgiczny: wtorek \u2013 \u015bw. Antoniego, opata, czwartek \u2013 \u015bw. J\u00f3zefa Sebastiana Pelczara, pi\u0105tek &#8211; \u015bw.\u015bw. Fabiana i Sebastiana, sobota \u2013 \u015bw. Agnieszki. Jak co roku, w dniach od 18 do 25 stycznia, wraz z chrze\u015bcijanami na ca\u0142ym \u015bwiecie, b\u0119dziemy modli\u0107 si\u0119 o jedno\u015b\u0107 chrze\u015bcijan. Has\u0142em &#8230; <span class=\"more\"><a class=\"more-link\" href=\"https:\/\/www.chnk.pl\/?p=3640\">czytaj wi\u0119cej<\/a><\/span><\/p>\n","protected":false},"author":3,"featured_media":0,"comment_status":"open","ping_status":"open","sticky":false,"template":"","format":"standard","meta":{"ngg_post_thumbnail":0,"footnotes":""},"categories":[1],"tags":[],"_links":{"self":[{"href":"https:\/\/www.chnk.pl\/index.php?rest_route=\/wp\/v2\/posts\/3640"}],"collection":[{"href":"https:\/\/www.chnk.pl\/index.php?rest_route=\/wp\/v2\/posts"}],"about":[{"href":"https:\/\/www.chnk.pl\/index.php?rest_route=\/wp\/v2\/types\/post"}],"author":[{"embeddable":true,"href":"https:\/\/www.chnk.pl\/index.php?rest_route=\/wp\/v2\/users\/3"}],"replies":[{"embeddable":true,"href":"https:\/\/www.chnk.pl\/index.php?rest_route=%2Fwp%2Fv2%2Fcomments&post=3640"}],"version-history":[{"count":1,"href":"https:\/\/www.chnk.pl\/index.php?rest_route=\/wp\/v2\/posts\/3640\/revisions"}],"predecessor-version":[{"id":3641,"href":"https:\/\/www.chnk.pl\/index.php?rest_route=\/wp\/v2\/posts\/3640\/revisions\/3641"}],"wp:attachment":[{"href":"https:\/\/www.chnk.pl\/index.php?rest_route=%2Fwp%2Fv2%2Fmedia&parent=3640"}],"wp:term":[{"taxonomy":"category","embeddable":true,"href":"https:\/\/www.chnk.pl\/index.php?rest_route=%2Fwp%2Fv2%2Fcategories&post=3640"},{"taxonomy":"post_tag","embeddable":true,"href":"https:\/\/www.chnk.pl\/index.php?rest_route=%2Fwp%2Fv2%2Ftags&post=3640"}],"curies":[{"name":"wp","href":"https:\/\/api.w.org\/{rel}","templated":true}]}}