{"id":3633,"date":"2022-12-31T16:18:19","date_gmt":"2022-12-31T16:18:19","guid":{"rendered":"https:\/\/www.chnk.pl\/?p=3633"},"modified":"2022-12-31T16:18:19","modified_gmt":"2022-12-31T16:18:19","slug":"2-niedziela-po-narodzeniu-panskim-3","status":"publish","type":"post","link":"https:\/\/www.chnk.pl\/?p=3633","title":{"rendered":"2 Niedziela po Narodzeniu Pa\u0144skim"},"content":{"rendered":"<p><strong>OG\u0141OSZENIA DUSZPASTERSKIE<\/strong><\/p>\n<p><strong>NIEDZIELA II PO NARODZENIU PA\u0143SKIM<\/strong><\/p>\n<p><strong>&nbsp;1 stycznia 2023 r.<\/strong>&nbsp;<\/p>\n<p><strong>&nbsp;<\/strong><\/p>\n<ol>\n<li><strong> W sobot\u0119 31 grudnia zmar\u0142 papie\u017c-senior Benedykt XVI. Dzi\u0119kujemy Panu Bogu za jego pi\u0119kne \u017cycie i oddan\u0105 s\u0142u\u017cb\u0119 Ko\u015bcio\u0142owi. Pogrzeb odb\u0119dzie si\u0119 w Watykanie w czwartek 5 stycznia o 9:30. Tego dnia o godz. 16:00 odb\u0119dzie si\u0119 w naszej parafii dodatkowa Msza \u015bw. w intencji \u015bp. papie\u017ca Benedykta XVI. Z kolei archidiecezjalna Msza \u015bw. \u017ca\u0142obna zostanie odprawiona przez abp. Stanis\u0142awa G\u0105deckiego w Katedrze w poniedzia\u0142ek 9 stycznia o godz. 18:00 \u2013 zaproszeni s\u0105 wszyscy wierni. Pami\u0119tajmy o papie\u017cu Benedykcie XVI w modlitwie.<\/strong><\/li>\n<\/ol>\n<p>&nbsp;<\/p>\n<ol start=\"2\">\n<li>W pi\u0105tek uroczysto\u015b\u0107 Objawienia Pa\u0144skiego. Prze\u017cywamy j\u0105 jako dzie\u0144 misyjny w Ko\u015bciele. Msze \u015bw. wed\u0142ug porz\u0105dku niedzielnego. Kreda i kadzid\u0142o b\u0119d\u0105 wy\u0142o\u017cone pod ch\u00f3rem. Z racji na uroczysto\u015b\u0107 tego dnia nie obowi\u0105zuje obowi\u0105zek wstrzemi\u0119\u017aliwo\u015bci od pokarm\u00f3w mi\u0119snych.<\/li>\n<li>W tym tygodniu: I czwartek, I pi\u0105tek i I sobota miesi\u0105ca. W I czwartek Adoracja Naj\u015bwi\u0119tszego Sakramentu oraz od 17.00 do 18.00. R\u00f3\u017caniec o godz. 17.20 w intencji obrony \u017cycia ludzkiego, godno\u015bci jego przekazywania i tych, kt\u00f3rzy kszta\u0142tuj\u0105 opini\u0105 spo\u0142eczn\u0105 na ten temat. Po mszy \u015bw. wieczornej adoracja do godz. 21.00 w intencji zachowania oraz nowych powo\u0142a\u0144 do s\u0142u\u017cby w Ko\u015bciele. Spowied\u017a \u015bw. w czwartek od godz. 17.00 do 18.00. Odwiedziny chorych z sakramentami \u015bw. w sobot\u0119 7 stycznia wed\u0142ug sta\u0142ego porz\u0105dku (dotyczy to obu grup chorych \u2013 pi\u0105tkowej i sobotniej). Nabo\u017ce\u0144stwo do Niepokalanego Serca Matki Bo\u017cej w sobot\u0119 o godz. 7.15. Spotkanie wsp\u00f3lnoty rodzin o godz. 19.15 w ko\u015bciele: konferencja i adoracja Naj\u015bwi\u0119tszego Sakramentu, nast\u0119pnie spotkanie w salce.<\/li>\n<li>W przysz\u0142\u0105 niedziel\u0119 na Mszy \u015bw. o godz. 12:30, z koncertem kol\u0119d, wyst\u0105pi Ch\u00f3r Kompania Druha Stuligrosza.<\/li>\n<li>Kol\u0119da \u2013 odwiedziny duszpasterskie w rodzinach.<\/li>\n<\/ol>\n<p>poniedzia\u0142ek 2.1. godz. 16.00, wej\u015bcie 2, 3, 4,<\/p>\n<p>&nbsp;&nbsp;&nbsp;&nbsp;&nbsp;&nbsp;&nbsp;&nbsp;&nbsp;&nbsp;&nbsp;&nbsp;&nbsp;&nbsp;&nbsp;&nbsp;&nbsp;&nbsp;&nbsp;&nbsp;&nbsp;&nbsp;&nbsp;&nbsp;&nbsp;&nbsp;&nbsp;&nbsp; godz. 16.00, wej\u015bcie 67, 68, 69<\/p>\n<p>wtorek&nbsp;&nbsp;&nbsp;&nbsp;&nbsp;&nbsp;&nbsp;&nbsp;&nbsp;&nbsp; 3.1. godz. 16.00, wej\u015bcie 5, 6, 7<\/p>\n<p>&nbsp;&nbsp;&nbsp;&nbsp;&nbsp;&nbsp;&nbsp;&nbsp;&nbsp;&nbsp;&nbsp;&nbsp;&nbsp;&nbsp;&nbsp;&nbsp;&nbsp;&nbsp;&nbsp;&nbsp;&nbsp;&nbsp;&nbsp;&nbsp;&nbsp;&nbsp;&nbsp;&nbsp; godz. 16.00, wej\u015bcie 70, 71<\/p>\n<p>\u015broda&nbsp;&nbsp;&nbsp;&nbsp;&nbsp;&nbsp;&nbsp;&nbsp;&nbsp;&nbsp;&nbsp;&nbsp; 4.1. godz. 16.00, wej\u015bcie 8, 9, 10<\/p>\n<p>&nbsp;&nbsp;&nbsp;&nbsp;&nbsp;&nbsp;&nbsp;&nbsp;&nbsp;&nbsp;&nbsp;&nbsp;&nbsp;&nbsp;&nbsp;&nbsp;&nbsp;&nbsp;&nbsp;&nbsp;&nbsp;&nbsp;&nbsp;&nbsp;&nbsp;&nbsp;&nbsp;&nbsp; godz. 16.00, wej\u015bcie 72, 73, 74<\/p>\n<p>czwartek&nbsp;&nbsp;&nbsp;&nbsp;&nbsp;&nbsp; 5.1. godz. 16.00, wej\u015bcie 75, 76, 77<\/p>\n<p>poniedzia\u0142ek 9.1. godz. 16.00, wej\u015bcie 11,12, 13<\/p>\n<p>wtorek&nbsp;&nbsp;&nbsp;&nbsp;&nbsp;&nbsp;&nbsp; &nbsp;10.1. godz. 16.00, wej\u015bcie 21, 22, 23<\/p>\n<p>&nbsp;&nbsp;&nbsp;&nbsp;&nbsp;&nbsp;&nbsp;&nbsp;&nbsp;&nbsp;&nbsp;&nbsp;&nbsp;&nbsp;&nbsp;&nbsp;&nbsp;&nbsp;&nbsp;&nbsp;&nbsp;&nbsp;&nbsp;&nbsp;&nbsp;&nbsp;&nbsp; godz. 16.00, wej\u015bcie 78, 80, 81<\/p>\n<p>\u015broda&nbsp;&nbsp;&nbsp;&nbsp;&nbsp;&nbsp;&nbsp;&nbsp;&nbsp;&nbsp; 11.1. godz. 16.00, wej\u015bcie 24, 25, 26<\/p>\n<p>&nbsp;&nbsp;&nbsp;&nbsp;&nbsp;&nbsp;&nbsp;&nbsp;&nbsp;&nbsp;&nbsp;&nbsp;&nbsp;&nbsp;&nbsp;&nbsp;&nbsp;&nbsp;&nbsp;&nbsp;&nbsp;&nbsp;&nbsp;&nbsp;&nbsp;&nbsp;&nbsp; godz. 16.00, wej\u015bcie 82, 83, 84, 85<\/p>\n<p>czwartek&nbsp;&nbsp;&nbsp;&nbsp; 12.1. godz. 16.00, wej\u015bcie 27, 28, 29<\/p>\n<p>&nbsp;&nbsp;&nbsp;&nbsp;&nbsp;&nbsp;&nbsp;&nbsp;&nbsp;&nbsp;&nbsp;&nbsp;&nbsp;&nbsp;&nbsp;&nbsp;&nbsp;&nbsp;&nbsp;&nbsp;&nbsp;&nbsp;&nbsp;&nbsp;&nbsp;&nbsp; godz. 16.00, wej\u015bcie 86, 87, 88, 89<\/p>\n<p>pi\u0105tek&nbsp;&nbsp;&nbsp;&nbsp;&nbsp;&nbsp;&nbsp;&nbsp;&nbsp; 13.1. godz. 16.00, wej\u015bcie 30, 31, 32<\/p>\n<p>&nbsp;&nbsp;&nbsp;&nbsp;&nbsp;&nbsp;&nbsp;&nbsp;&nbsp;&nbsp;&nbsp;&nbsp;&nbsp;&nbsp;&nbsp;&nbsp;&nbsp;&nbsp;&nbsp;&nbsp;&nbsp;&nbsp;&nbsp;&nbsp;&nbsp;&nbsp;&nbsp; godz. 16.00, wej\u015bcie 90, 91, 92, 93<\/p>\n<p>sobota&nbsp;&nbsp;&nbsp;&nbsp;&nbsp;&nbsp;&nbsp;&nbsp; 14.1. godz. 16.00, wej\u015bcie 33, 34, 35<\/p>\n<p>poniedzia\u0142ek 16.1. godz. 16.00, wej\u015bcie 36, 45, 46,<\/p>\n<p>Na kol\u0119d\u0119 przygotowujemy krzy\u017c, \u015bwiece, wod\u0119 \u015bwi\u0119con\u0105 i kropid\u0142o.<\/p>\n<p>W okresie kol\u0119dowym msze \u015bw. tylko rano o godz. 8:00. W poniedzia\u0142ki kol\u0119dowe Biuro Parafialne nieczynne.<\/p>\n<p>6.B\u00f3g zap\u0142a\u0107 za ofiary na utrzymanie i ogrzewanie naszego ko\u015bcio\u0142a.<\/p>\n<p>8M\u00f3dlmy si\u0119 za zmar\u0142ych Parafian. Za dusz\u0119 \u015bp. Andrzeja \u0141owi\u0144skiego, os. Lecha 128 (we wtorek r\u00f3\u017caniec o 10:30, msza \u015bw. pogrzebowa o 11.00, pogrzeb o 12:45 na Mi\u0142ostowie od Warszawskiej) Wieczny odpoczynek racz zmar\u0142ym da\u0107 Panie.<\/p>\n","protected":false},"excerpt":{"rendered":"<p>OG\u0141OSZENIA DUSZPASTERSKIE NIEDZIELA II PO NARODZENIU PA\u0143SKIM &nbsp;1 stycznia 2023 r.&nbsp; &nbsp; W sobot\u0119 31 grudnia zmar\u0142 papie\u017c-senior Benedykt XVI. Dzi\u0119kujemy Panu Bogu za jego pi\u0119kne \u017cycie i oddan\u0105 s\u0142u\u017cb\u0119 Ko\u015bcio\u0142owi. Pogrzeb odb\u0119dzie si\u0119 w Watykanie w czwartek 5 stycznia o 9:30. Tego dnia o godz. 16:00 odb\u0119dzie si\u0119 w naszej parafii dodatkowa Msza \u015bw. &#8230; <span class=\"more\"><a class=\"more-link\" href=\"https:\/\/www.chnk.pl\/?p=3633\">czytaj wi\u0119cej<\/a><\/span><\/p>\n","protected":false},"author":3,"featured_media":0,"comment_status":"open","ping_status":"open","sticky":false,"template":"","format":"standard","meta":{"ngg_post_thumbnail":0,"footnotes":""},"categories":[1],"tags":[],"_links":{"self":[{"href":"https:\/\/www.chnk.pl\/index.php?rest_route=\/wp\/v2\/posts\/3633"}],"collection":[{"href":"https:\/\/www.chnk.pl\/index.php?rest_route=\/wp\/v2\/posts"}],"about":[{"href":"https:\/\/www.chnk.pl\/index.php?rest_route=\/wp\/v2\/types\/post"}],"author":[{"embeddable":true,"href":"https:\/\/www.chnk.pl\/index.php?rest_route=\/wp\/v2\/users\/3"}],"replies":[{"embeddable":true,"href":"https:\/\/www.chnk.pl\/index.php?rest_route=%2Fwp%2Fv2%2Fcomments&post=3633"}],"version-history":[{"count":1,"href":"https:\/\/www.chnk.pl\/index.php?rest_route=\/wp\/v2\/posts\/3633\/revisions"}],"predecessor-version":[{"id":3634,"href":"https:\/\/www.chnk.pl\/index.php?rest_route=\/wp\/v2\/posts\/3633\/revisions\/3634"}],"wp:attachment":[{"href":"https:\/\/www.chnk.pl\/index.php?rest_route=%2Fwp%2Fv2%2Fmedia&parent=3633"}],"wp:term":[{"taxonomy":"category","embeddable":true,"href":"https:\/\/www.chnk.pl\/index.php?rest_route=%2Fwp%2Fv2%2Fcategories&post=3633"},{"taxonomy":"post_tag","embeddable":true,"href":"https:\/\/www.chnk.pl\/index.php?rest_route=%2Fwp%2Fv2%2Ftags&post=3633"}],"curies":[{"name":"wp","href":"https:\/\/api.w.org\/{rel}","templated":true}]}}