{"id":3627,"date":"2022-12-24T19:27:18","date_gmt":"2022-12-24T19:27:18","guid":{"rendered":"http:\/\/www.chnk.pl\/?p=3627"},"modified":"2022-12-24T19:27:18","modified_gmt":"2022-12-24T19:27:18","slug":"3627","status":"publish","type":"post","link":"https:\/\/www.chnk.pl\/?p=3627","title":{"rendered":""},"content":{"rendered":"<p><strong>&nbsp;<\/strong><\/p>\n<p><strong>&nbsp;<\/strong><\/p>\n<p><strong>OG\u0141OSZENIA DUSZPASTERSKIE<\/strong><\/p>\n<p><strong>BO\u017bE NARODZENIE&nbsp; <\/strong><\/p>\n<p><strong>&nbsp; &nbsp; &nbsp; &nbsp; &nbsp; &nbsp; &nbsp; &nbsp; &nbsp; &nbsp; &nbsp; &nbsp; &nbsp; &nbsp; &nbsp; &nbsp; &nbsp; &nbsp; &nbsp; 25 grudnia 2022 r.&nbsp;&nbsp;&nbsp;&nbsp;&nbsp;&nbsp;&nbsp;&nbsp;&nbsp;&nbsp;&nbsp;&nbsp;&nbsp;&nbsp; <\/strong><\/p>\n<ol>\n<li>Kalendarz liturgiczny:<\/li>\n<\/ol>\n<p>poniedzia\u0142ek \u2013 \u015bw. Szczepana<\/p>\n<p>wtorek \u2013 \u015bw. Jana<\/p>\n<p>\u015broda \u2013 \u015bw. M\u0142odziank\u00f3w,<\/p>\n<p>pi\u0105tek \u2013 \u015bw. Rodziny Jezusa Maryi i J\u00f3zefa<\/p>\n<p>sobota\u2013 \u015bw. Sylwestra<\/p>\n<p>niedziela \u2013 Uroczysto\u015b\u0107&nbsp; Naj\u015bwi\u0119tszej Bo\u017cej Rodzicielki Maryi<\/p>\n<p>&nbsp;<\/p>\n<ol start=\"2\">\n<li>Rodzinne \u015bpiewanie kol\u0119d przy \u017c\u0142\u00f3bku w II \u015awi\u0119to o godz. 16.00.<\/li>\n<\/ol>\n<p>&nbsp;<\/p>\n<ol start=\"3\">\n<li>We wtorek o godz. 8.00 msza \u015bw. dzi\u0119kczynna za owoce duchowej adopcji dziecka nienarodzonego.<\/li>\n<\/ol>\n<p>&nbsp;<\/p>\n<ol start=\"4\">\n<li>We wtorek, \u015brod\u0119, czwartek i pi\u0105tek msza \u015bw. tylko rano o godz. 8.00.<\/li>\n<\/ol>\n<p>&nbsp;<\/p>\n<ol start=\"5\">\n<li>W sobot\u0119 zako\u0144czenie Starego Roku. Msza \u015bw: o godz. 8.00, 16.30 i&nbsp; 18.00.<\/li>\n<\/ol>\n<p>&nbsp;<\/p>\n<ol start=\"6\">\n<li>W Nowy Rok, Uroczysto\u015b\u0107 Bo\u017cej Rodzicielki Maryi. Msza \u015bw. wed\u0142ug porz\u0105dku niedzielnego. Godzinki o godz. 7.30. Na \u017begrzu odpust. Suma odpustowa o godz. 13.00, transmitowana przez TVP Polonia.<\/li>\n<\/ol>\n<p>&nbsp;<\/p>\n<ol start=\"7\">\n<li>Kol\u0119da &#8211; odwiedziny duszpasterskie w rodzinach.<\/li>\n<\/ol>\n<p>Poniedzia\u0142ek, 2.1. godz. 16.00, wej\u015bcie 2, 3, 4,<\/p>\n<p>&nbsp;&nbsp;&nbsp;&nbsp;&nbsp;&nbsp;&nbsp;&nbsp;&nbsp; &nbsp;&nbsp;&nbsp;&nbsp;&nbsp;&nbsp;&nbsp;&nbsp;&nbsp;&nbsp;&nbsp;&nbsp;&nbsp;&nbsp;&nbsp;&nbsp;&nbsp;&nbsp;&nbsp;godz. 16.00, wej\u015bcie 67, 68, 69<\/p>\n<p>wtorek&nbsp;&nbsp;&nbsp;&nbsp;&nbsp;&nbsp;&nbsp;&nbsp;&nbsp;&nbsp; 3.1. godz. 16.00, wej\u015bcie 5, 6, 7<\/p>\n<p>&nbsp;&nbsp;&nbsp;&nbsp;&nbsp;&nbsp;&nbsp;&nbsp;&nbsp;&nbsp;&nbsp;&nbsp;&nbsp;&nbsp;&nbsp;&nbsp;&nbsp;&nbsp;&nbsp;&nbsp;&nbsp;&nbsp;&nbsp;&nbsp;&nbsp;&nbsp;&nbsp;&nbsp; godz. 16.00, wej\u015bcie 70, 71<\/p>\n<p>\u015broda&nbsp;&nbsp;&nbsp;&nbsp;&nbsp;&nbsp;&nbsp;&nbsp;&nbsp;&nbsp;&nbsp;&nbsp; 4.1. godz. 16.00, wej\u015bcie 8, 9, 10<\/p>\n<p>&nbsp;&nbsp;&nbsp;&nbsp;&nbsp;&nbsp;&nbsp;&nbsp;&nbsp;&nbsp;&nbsp;&nbsp;&nbsp;&nbsp;&nbsp;&nbsp;&nbsp;&nbsp;&nbsp;&nbsp;&nbsp;&nbsp;&nbsp;&nbsp;&nbsp;&nbsp;&nbsp;&nbsp; godz. 16.00, wej\u015bcie 72, 73, 74<\/p>\n<p>czwartek&nbsp;&nbsp;&nbsp;&nbsp;&nbsp;&nbsp; 5.1. godz. 16.00, wej\u015bcie 75, 76, 77<\/p>\n<p>Na kol\u0119d\u0119 przygotowujemy krzy\u017c, \u015bwiece, wod\u0119 \u015bwi\u0119con\u0105 i kropid\u0142o.<\/p>\n<p>&nbsp;<\/p>\n<ol start=\"8\">\n<li>Zach\u0119camy do czytania prasy katolickiej: Przy zakrystii: podw\u00f3jne numery <em>Przewodnia Katolickiego<\/em> z modlitewnikiem na stycze\u0144 i <em>Przewodnik Katolicki<\/em> &#8211; Powstanie Wielkopolskie<em>, podw\u00f3jny numer Go\u015bcia Niedzielnego, <\/em>gazeta parafialna.<\/li>\n<\/ol>\n<p><strong>&nbsp;<\/strong><\/p>\n<p>&nbsp;<\/p>\n","protected":false},"excerpt":{"rendered":"<p>&nbsp; &nbsp; OG\u0141OSZENIA DUSZPASTERSKIE BO\u017bE NARODZENIE&nbsp; &nbsp; &nbsp; &nbsp; &nbsp; &nbsp; &nbsp; &nbsp; &nbsp; &nbsp; &nbsp; &nbsp; &nbsp; &nbsp; &nbsp; &nbsp; &nbsp; &nbsp; &nbsp; &nbsp; 25 grudnia 2022 r.&nbsp;&nbsp;&nbsp;&nbsp;&nbsp;&nbsp;&nbsp;&nbsp;&nbsp;&nbsp;&nbsp;&nbsp;&nbsp;&nbsp; Kalendarz liturgiczny: poniedzia\u0142ek \u2013 \u015bw. Szczepana wtorek \u2013 \u015bw. Jana \u015broda \u2013 \u015bw. M\u0142odziank\u00f3w, pi\u0105tek \u2013 \u015bw. Rodziny Jezusa Maryi i J\u00f3zefa sobota\u2013 \u015bw. Sylwestra niedziela &#8230; <span class=\"more\"><a class=\"more-link\" href=\"https:\/\/www.chnk.pl\/?p=3627\">czytaj wi\u0119cej<\/a><\/span><\/p>\n","protected":false},"author":3,"featured_media":0,"comment_status":"open","ping_status":"open","sticky":false,"template":"","format":"standard","meta":{"ngg_post_thumbnail":0,"footnotes":""},"categories":[1],"tags":[],"_links":{"self":[{"href":"https:\/\/www.chnk.pl\/index.php?rest_route=\/wp\/v2\/posts\/3627"}],"collection":[{"href":"https:\/\/www.chnk.pl\/index.php?rest_route=\/wp\/v2\/posts"}],"about":[{"href":"https:\/\/www.chnk.pl\/index.php?rest_route=\/wp\/v2\/types\/post"}],"author":[{"embeddable":true,"href":"https:\/\/www.chnk.pl\/index.php?rest_route=\/wp\/v2\/users\/3"}],"replies":[{"embeddable":true,"href":"https:\/\/www.chnk.pl\/index.php?rest_route=%2Fwp%2Fv2%2Fcomments&post=3627"}],"version-history":[{"count":1,"href":"https:\/\/www.chnk.pl\/index.php?rest_route=\/wp\/v2\/posts\/3627\/revisions"}],"predecessor-version":[{"id":3628,"href":"https:\/\/www.chnk.pl\/index.php?rest_route=\/wp\/v2\/posts\/3627\/revisions\/3628"}],"wp:attachment":[{"href":"https:\/\/www.chnk.pl\/index.php?rest_route=%2Fwp%2Fv2%2Fmedia&parent=3627"}],"wp:term":[{"taxonomy":"category","embeddable":true,"href":"https:\/\/www.chnk.pl\/index.php?rest_route=%2Fwp%2Fv2%2Fcategories&post=3627"},{"taxonomy":"post_tag","embeddable":true,"href":"https:\/\/www.chnk.pl\/index.php?rest_route=%2Fwp%2Fv2%2Ftags&post=3627"}],"curies":[{"name":"wp","href":"https:\/\/api.w.org\/{rel}","templated":true}]}}