{"id":3623,"date":"2022-12-17T14:22:57","date_gmt":"2022-12-17T14:22:57","guid":{"rendered":"http:\/\/www.chnk.pl\/?p=3623"},"modified":"2022-12-17T14:22:57","modified_gmt":"2022-12-17T14:22:57","slug":"4-niedziela-adwentu-5","status":"publish","type":"post","link":"https:\/\/www.chnk.pl\/?p=3623","title":{"rendered":"4 Niedziela Adwentu"},"content":{"rendered":"<p><strong>&nbsp;<\/strong><\/p>\n<p><strong>&nbsp;<\/strong><\/p>\n<p><strong>OG\u0141OSZENIA DUSZPASTERSKIE<\/strong><\/p>\n<p><strong>IV NIEDZIELA ADWENTU<\/strong><\/p>\n<p><strong>18 grudnia 2022 r. &nbsp;<\/strong><\/p>\n<ol>\n<li><strong> Roraty od poniedzia\u0142ku do pi\u0105tku o godz. 6.00. Dla dzieci od poniedzia\u0142ku do pi\u0105tku o godz. 18.00.<\/strong><\/li>\n<li><strong> W poniedzia\u0142ek 19 dzie\u0144 miesi\u0105ca, Dzie\u0144 Salety\u0144ski. Procesja wynagradzaj\u0105ca do figury Matki Bo\u017cej Salety\u0144skiej po mszy \u015bw. o godz. 6.00.<\/strong><\/li>\n<li><strong>Prosimy pan\u00f3w o pomoc w przygotowaniu \u017c\u0142\u00f3bka: w poniedzia\u0142ek, o godz. 19.00 przygotowanie konstrukcji i ustawianie choinek, a we wtorek, o godz. 19.00. samego \u017c\u0142\u00f3bka.<\/strong><\/li>\n<li><strong> We wtorek, o godz. 6.00 msza \u015bw. w intencji Stowarzyszenia Matki Bo\u017cej Patronki Dobrej \u015amierci, r\u00f3\u017caniec i dzielenie si\u0119 op\u0142atkiem.<\/strong><\/li>\n<li><strong> W<\/strong><strong> \u015brod\u0119 zapraszamy na adwentowy wieczory ze S\u0142owem Bo\u017cym w formie prowadzonej medytacji. Spotkanie w salce parafialnej \u2013 wej\u015bcie z dziedzi\u0144ca. Prosimy przynie\u015b\u0107 Pismo \u015awi\u0119te.<\/strong><\/li>\n<li><strong> W tygodniu okazja do spowiedzi \u015bw.: w \u015brod\u0119 od godz. 7.00 do 8.00 i od 16.00 do 19.00; w czwartek od godz. 7.00 do 8.00 i od 16.00 do 20.00, w pi\u0105tek od godz. 7.00 do 8.00 i od 16.00 do 18.00.<\/strong><\/li>\n<li><strong> \u015awiat\u0142o Betlejemskie b\u0119dzie wystawione w ko\u015bciele w czwartek, pi\u0105tek i w sobot\u0119 od 8.00 do 18.00.<\/strong><\/li>\n<li><strong> Pasterka o godz. 22.00 i 00.00. Przypominamy o obowi\u0105zku zachowywania zawsze postu eucharystycznego, kt\u00f3ry polega na powstrzymaniu si\u0119 od posi\u0142ku i napoju godzin\u0119 przed przyj\u0119ciem Komunii \u015bw. W I \u015awi\u0119to nie b\u0119dzie mszy \u015bw. o godz. 8.00.&nbsp; W II \u015awi\u0119to Bo\u017cego Narodzenia porz\u0105dek mszy \u015bw. niedzielny. Ofiary z II-ego \u015bwi\u0119ta przeznaczone na KUL i Wydzia\u0142 Teologiczny.&nbsp; Wydzia\u0142 Teologiczny w Poznaniu, zgodnie z umow\u0105 podpisan\u0105 z UAM, utrzymuje budynki Wydzia\u0142u, op\u0142aca ogrzewanie, rachunki za pr\u0105d, i remonty&nbsp; z funduszy archidiecezji pozna\u0144skiej. Dlatego kilka razy w ci\u0105gu roku Wydzia\u0142 zwraca si\u0119 si\u0119 do Parafian o wsparcie materialne. Na Wydziale kszta\u0142c\u0105 si\u0119 nie tylko klerycy, ale r\u00f3wnie\u017c wiele os\u00f3b \u015bwieckich.<\/strong><\/li>\n<li><strong> W tym roku kol\u0119da w blokach czteropi\u0119trowych i w bloku 42. Kol\u0119da rozpocznie si\u0119 po Nowym Roku.<\/strong><\/li>\n<li><strong> Zach\u0119camy do czytania prasy katolickiej. W kaplicy przy zakrystii: <em>Przewodnik Katolicki, Przewodnik Katolicki Historia<\/em> (o Powstaniu Wielkopolskim), <em>Go\u015b\u0107 Niedzielny<\/em>, gazeta parafialna, <em>Ziarno <\/em>i pod ch\u00f3rem darmowe numery dwumiesi\u0119cznika <em>Mi\u0142ujcie si\u0119 oraz propozycje modlitewne przed wieczerz\u0105 wigilijn\u0105.<\/em> Op\u0142atki i siano na st\u00f3\u0142 wigilijny w salce parafialnej. Wej\u015bcie z dziedzi\u0144ca<\/strong><\/li>\n<li><strong> M\u00f3dlmy si\u0119 za parafian zmar\u0142ych od ubieg\u0142orocznej Uroczysto\u015bci Bo\u017cego Narodzenia, aby dzi\u0119ki Mi\u0142osiernemu Jezusowi narodzili si\u0119 do \u017cycia wiecznego. Wieczny odpoczynek racz zmar\u0142ym da\u0107 Panie.<\/strong><\/li>\n<\/ol>\n<p><strong>&nbsp;<\/strong><\/p>\n<p><strong>&nbsp;<\/strong><\/p>\n<p><strong>&nbsp;<\/strong><\/p>\n<p><strong>&nbsp;<\/strong><\/p>\n<p><strong>&nbsp;<\/strong><\/p>\n<p><strong>&nbsp;<\/strong><\/p>\n<p><strong>&nbsp;<\/strong><\/p>\n<p><strong>&nbsp;<\/strong><\/p>\n<p><strong>&nbsp;<\/strong><\/p>\n<p><strong>&nbsp;<\/strong><\/p>\n<p><strong>&nbsp;<\/strong><\/p>\n<p><strong>&nbsp;<\/strong><\/p>\n<p><strong>&nbsp;<\/strong><\/p>\n<p>&nbsp;<\/p>\n<p>&nbsp;<\/p>\n<p>&nbsp;<\/p>\n<p>&nbsp;<\/p>\n","protected":false},"excerpt":{"rendered":"<p>&nbsp; &nbsp; OG\u0141OSZENIA DUSZPASTERSKIE IV NIEDZIELA ADWENTU 18 grudnia 2022 r. &nbsp; Roraty od poniedzia\u0142ku do pi\u0105tku o godz. 6.00. Dla dzieci od poniedzia\u0142ku do pi\u0105tku o godz. 18.00. W poniedzia\u0142ek 19 dzie\u0144 miesi\u0105ca, Dzie\u0144 Salety\u0144ski. Procesja wynagradzaj\u0105ca do figury Matki Bo\u017cej Salety\u0144skiej po mszy \u015bw. o godz. 6.00. Prosimy pan\u00f3w o pomoc w przygotowaniu &#8230; <span class=\"more\"><a class=\"more-link\" href=\"https:\/\/www.chnk.pl\/?p=3623\">czytaj wi\u0119cej<\/a><\/span><\/p>\n","protected":false},"author":3,"featured_media":0,"comment_status":"open","ping_status":"open","sticky":false,"template":"","format":"standard","meta":{"ngg_post_thumbnail":0,"footnotes":""},"categories":[1],"tags":[],"_links":{"self":[{"href":"https:\/\/www.chnk.pl\/index.php?rest_route=\/wp\/v2\/posts\/3623"}],"collection":[{"href":"https:\/\/www.chnk.pl\/index.php?rest_route=\/wp\/v2\/posts"}],"about":[{"href":"https:\/\/www.chnk.pl\/index.php?rest_route=\/wp\/v2\/types\/post"}],"author":[{"embeddable":true,"href":"https:\/\/www.chnk.pl\/index.php?rest_route=\/wp\/v2\/users\/3"}],"replies":[{"embeddable":true,"href":"https:\/\/www.chnk.pl\/index.php?rest_route=%2Fwp%2Fv2%2Fcomments&post=3623"}],"version-history":[{"count":1,"href":"https:\/\/www.chnk.pl\/index.php?rest_route=\/wp\/v2\/posts\/3623\/revisions"}],"predecessor-version":[{"id":3624,"href":"https:\/\/www.chnk.pl\/index.php?rest_route=\/wp\/v2\/posts\/3623\/revisions\/3624"}],"wp:attachment":[{"href":"https:\/\/www.chnk.pl\/index.php?rest_route=%2Fwp%2Fv2%2Fmedia&parent=3623"}],"wp:term":[{"taxonomy":"category","embeddable":true,"href":"https:\/\/www.chnk.pl\/index.php?rest_route=%2Fwp%2Fv2%2Fcategories&post=3623"},{"taxonomy":"post_tag","embeddable":true,"href":"https:\/\/www.chnk.pl\/index.php?rest_route=%2Fwp%2Fv2%2Ftags&post=3623"}],"curies":[{"name":"wp","href":"https:\/\/api.w.org\/{rel}","templated":true}]}}