{"id":3620,"date":"2022-12-10T13:04:24","date_gmt":"2022-12-10T13:04:24","guid":{"rendered":"http:\/\/www.chnk.pl\/?p=3620"},"modified":"2022-12-10T13:04:45","modified_gmt":"2022-12-10T13:04:45","slug":"3-niedzielny-adwentu","status":"publish","type":"post","link":"https:\/\/www.chnk.pl\/?p=3620","title":{"rendered":"3 Niedzielny Adwentu"},"content":{"rendered":"<p><strong>OG\u0141OSZENIA DUSZPASTERSKIE<\/strong><\/p>\n<p><strong>III NIEDZIELA ADWENTU<\/strong><\/p>\n<p><strong>11 grudnia 2022 r.<\/strong><\/p>\n<ol>\n<li><strong> Kalendarz liturgiczny: poniedzia\u0142ek \u2013 NMP z wtorek \u2013 \u015bw. \u0141ucji, \u015broda \u2013 \u015bw. Jana od Krzy\u017ca.<\/strong><\/li>\n<li><strong> Roraty od poniedzia\u0142ku do soboty o godz. 6.00. Dzieci od poniedzia\u0142ku do pi\u0105tku o godz. 18.00. W trzecim tygodniu Adwentu przypadaj\u0105 kwartalne dni modlitw o \u017cycie chrze\u015bcija\u0144skie rodzin i za przygotowuj\u0105cych si\u0119 do ma\u0142\u017ce\u0144stwa. W tej intencji b\u0119dziemy si\u0119 modli\u0107 w czasie rorat i w r\u00f3\u017ca\u0144cu.<\/strong><\/li>\n<li><strong> Zapraszamy na dwa adwentowe wieczory ze S\u0142owem Bo\u017cym w formie prowadzonych medytacji w \u015brody 15 i 22 grudnia o 18:45 w salce parafialnej \u2013 wej\u015bcie z dziedzi\u0144ca. Prosimy przynie\u015b\u0107 Pismo \u015awi\u0119te. Modlitwa b\u0119dzie mia\u0142a form\u0119 p\u00f3\u0142godzinnej medytacji prowadzonej przez ks. Wikariusza.<\/strong><\/li>\n<li><strong> Adwentowy wiecz\u00f3r skupienia dla m\u0142odzie\u017cy przygotowuj\u0105cej si\u0119 do bierzmowania w czwartek o 19:00 w salce.<\/strong><\/li>\n<li><strong> Spotkanie duszpasterstwa m\u0142odzie\u017cy w pi\u0105tek o 19:15 w salce.<\/strong><\/li>\n<li><strong> Zbi\u00f3rka dla ministrant\u00f3w i kandydat\u00f3w w sobot\u0119 o 10:30 w salce.<\/strong><\/li>\n<li><strong> Spowied\u017a \u015bw. w pi\u0105tek od godz. 17.00 i sobot\u0119 od godz. 16.00 do 18.00.<\/strong><\/li>\n<li><strong> Prosimy pan\u00f3w o pomoc w przygotowaniu \u017c\u0142\u00f3bka: w poniedzia\u0142ek, 19 grudnia, o godz. 19.00 przygotowanie konstrukcji i ustawianie choinek, a we wtorek, 20 grudnia, godz. 19.00. samego \u017c\u0142\u00f3bka.<\/strong><\/li>\n<li><strong> CARITAS prosi o w\u0142\u0105czenie si\u0119 w organizowanie Wigilii dla ubogich przez upieczenie cista bez kremu. Zg\u0142oszenia przyjmujemy w zakrystii i biurze do czwartku, 15 grudnia. Ciasto nale\u017cy przynie\u015b\u0107 do parafii w czwartek, 22 grudnia do godz. 15.00. CARITAS organizuje wigilijn\u0105 wieczerz\u0119 dla os\u00f3b starszych z niepe\u0142nosprawno\u015bci\u0105, samotnie sp\u0119dzaj\u0105cych Wigili\u0119. Prosimy o zg\u0142aszanie takich os\u00f3b, aby m\u00f3c im wr\u0119czy\u0107 w tym dniu paczk\u0119 sk\u0142adaj\u0105c\u0105 si\u0119 z da\u0144 wigilijnych. Pe\u0142ny komunikat na tablicy og\u0142osze\u0144.<\/strong><\/li>\n<li><strong> Prosimy o zg\u0142aszanie w zakrystii chorych i starszych parafian do spowiedzi i komunii \u015bw. adwentowej, na najbli\u017csz\u0105 sobot\u0119, 17 grudnia od godz. 9.00.<\/strong><\/li>\n<li><strong>W niedziel\u0119 18 grudnia o godz. 16:30 odb\u0119dzie si\u0119 w Katedrze ostatnia tegoroczna premiera Verba Sacra. Fragmenty Ksi\u0119gi Izajasza us\u0142yszymy w interpretacji aktora teatralnego i filmowego \u0141ukasza Lewandowskiego. Wst\u0119p wolny. Planowana jest transmisja na kanale&nbsp; <\/strong><a href=\"https:\/\/www.facebook.com\/verbasacra\/\"><strong>https:\/\/www.facebook.com\/verbasacra\/<\/strong><\/a><\/li>\n<li><strong> Kol\u0119da w naszej parafii odb\u0119dzie si\u0119 w formie odwiedzin duszpasterskich w rodzinach. 13. B\u00f3g zap\u0142a\u0107 zespo\u0142om sprz\u0105taj\u0105cym w soboty ko\u015bci\u00f3\u0142. Prosimy o pomocy w tej bardzo potrzebnej pos\u0142udze. B\u00f3g zap\u0142a\u0107 za ofiary na utrzymanie ko\u015bcio\u0142a.<\/strong><\/li>\n<li><strong> Zach\u0119camy do czytania prasy katolickiej. W kaplicy przy zakrystii: <em>Przewodnik Kato\u00adlicki<\/em>,<em> Go\u015b\u0107 Niedzielny<\/em>, gazetka parafialna, <em>Ziarno<\/em>, poczt\u00f3wki z religijnymi motywami Bo\u017cego Narodzenia. Op\u0142atki wigilijne i siano w salce parafialnej, wej\u015bcie z dziedzi\u0144ca.<\/strong><\/li>\n<li><strong> We wtorek,13 grudnia, przypada 41 rocznica wprowadzenia stanu wojennego. Dla uczczenia pami\u0119ci ofiar stanu wojennego w Polsce, na\u015bladuj\u0105c historyczny gest \u015bw. Jana Paw\u0142a II z 1981 r., postawmy w oknie o godz. 19.30, \u015bwiec\u0119 pami\u0119ci.<\/strong><\/li>\n<li><strong> M\u00f3dlmy si\u0119 za ofiary stanu wojennego. Wieczny odpoczynek racz zmar\u0142ym da\u0107 Panie.<\/strong><\/li>\n<\/ol>\n<p><strong>&nbsp;<\/strong><\/p>\n<p><strong>&nbsp;<\/strong><\/p>\n<p><strong>&nbsp;<\/strong><\/p>\n<p><strong>&nbsp;<\/strong><\/p>\n<p><strong>&nbsp;<\/strong><\/p>\n<p><strong>&nbsp;<\/strong><\/p>\n<p><strong>&nbsp;<\/strong><\/p>\n<p><strong>&nbsp;<\/strong><\/p>\n<p><strong>&nbsp;<\/strong><\/p>\n<p><strong>&nbsp;<\/strong><\/p>\n<p><strong>&nbsp;<\/strong><\/p>\n<p><strong>&nbsp;<\/strong><\/p>\n<p>&nbsp;<\/p>\n<p>&nbsp;<\/p>\n<p>&nbsp;<\/p>\n<p>&nbsp;<\/p>\n<p>&nbsp;<\/p>\n","protected":false},"excerpt":{"rendered":"<p>OG\u0141OSZENIA DUSZPASTERSKIE III NIEDZIELA ADWENTU 11 grudnia 2022 r. Kalendarz liturgiczny: poniedzia\u0142ek \u2013 NMP z wtorek \u2013 \u015bw. \u0141ucji, \u015broda \u2013 \u015bw. Jana od Krzy\u017ca. Roraty od poniedzia\u0142ku do soboty o godz. 6.00. Dzieci od poniedzia\u0142ku do pi\u0105tku o godz. 18.00. W trzecim tygodniu Adwentu przypadaj\u0105 kwartalne dni modlitw o \u017cycie chrze\u015bcija\u0144skie rodzin i za &#8230; <span class=\"more\"><a class=\"more-link\" href=\"https:\/\/www.chnk.pl\/?p=3620\">czytaj wi\u0119cej<\/a><\/span><\/p>\n","protected":false},"author":3,"featured_media":0,"comment_status":"open","ping_status":"open","sticky":false,"template":"","format":"standard","meta":{"ngg_post_thumbnail":0,"footnotes":""},"categories":[1],"tags":[],"_links":{"self":[{"href":"https:\/\/www.chnk.pl\/index.php?rest_route=\/wp\/v2\/posts\/3620"}],"collection":[{"href":"https:\/\/www.chnk.pl\/index.php?rest_route=\/wp\/v2\/posts"}],"about":[{"href":"https:\/\/www.chnk.pl\/index.php?rest_route=\/wp\/v2\/types\/post"}],"author":[{"embeddable":true,"href":"https:\/\/www.chnk.pl\/index.php?rest_route=\/wp\/v2\/users\/3"}],"replies":[{"embeddable":true,"href":"https:\/\/www.chnk.pl\/index.php?rest_route=%2Fwp%2Fv2%2Fcomments&post=3620"}],"version-history":[{"count":1,"href":"https:\/\/www.chnk.pl\/index.php?rest_route=\/wp\/v2\/posts\/3620\/revisions"}],"predecessor-version":[{"id":3621,"href":"https:\/\/www.chnk.pl\/index.php?rest_route=\/wp\/v2\/posts\/3620\/revisions\/3621"}],"wp:attachment":[{"href":"https:\/\/www.chnk.pl\/index.php?rest_route=%2Fwp%2Fv2%2Fmedia&parent=3620"}],"wp:term":[{"taxonomy":"category","embeddable":true,"href":"https:\/\/www.chnk.pl\/index.php?rest_route=%2Fwp%2Fv2%2Fcategories&post=3620"},{"taxonomy":"post_tag","embeddable":true,"href":"https:\/\/www.chnk.pl\/index.php?rest_route=%2Fwp%2Fv2%2Ftags&post=3620"}],"curies":[{"name":"wp","href":"https:\/\/api.w.org\/{rel}","templated":true}]}}