{"id":3606,"date":"2022-11-19T18:33:25","date_gmt":"2022-11-19T18:33:25","guid":{"rendered":"http:\/\/www.chnk.pl\/?p=3606"},"modified":"2022-11-19T18:33:25","modified_gmt":"2022-11-19T18:33:25","slug":"uroczystosc-jezusa-chrystusa-krola-wszechswiata-4","status":"publish","type":"post","link":"https:\/\/www.chnk.pl\/?p=3606","title":{"rendered":"Uroczysto\u015b\u0107 Jezusa Chrystusa Kr\u00f3la Wszech\u015bwiata"},"content":{"rendered":"<p><strong>OG\u0141OSZENIA DUSZPASTERSKIE<\/strong><\/p>\n<p><strong>Uroczysto\u015b\u0107 Jezusa Chrystusa Kr\u00f3la Wszech\u015bwiata<\/strong><\/p>\n<p><strong>20 listopada 2022 r.<\/strong><\/p>\n<p><strong>&nbsp;<\/strong><\/p>\n<ol>\n<li><strong> Kalendarz liturgiczny:<\/strong><\/li>\n<\/ol>\n<p><strong>poniedzia\u0142ek \u2013 Ofiarowanie NMP<\/strong><\/p>\n<p><strong>wtorek &#8211; \u015bw. Cecylii,<\/strong><\/p>\n<p><strong>\u015broda \u2013 \u015bw. Klemensa I, papie\u017ca i \u015bw. Kolumbana,<\/strong><\/p>\n<p><strong>czwartek \u2013 \u015bw. Andrzeja Dung-Lac,<\/strong><\/p>\n<p><strong>pi\u0105tek- &nbsp;\u015bw. Katarzyny Aleksandryjskiej.<\/strong><\/p>\n<ol start=\"2\">\n<li><strong> Dzisiaj, po mszy \u015bw. wystawienie Naj\u015bwi\u0119tszego Sakramentu i akt po\u015bwi\u0119cenia Jezusowi Chrystusowi Kr\u00f3lowi. Msza \u015bw. ko\u0144czy si\u0119 b\u0142ogos\u0142awie\u0144stwem eucharystycznym. Za pobo\u017cne i publiczne zm\u00f3wienie ww. aktu po\u015bwi\u0119cenie mo\u017cna dost\u0105pi\u0107 odpustu zupe\u0142nego.<\/strong><\/li>\n<li><strong> Spotkanie wsp\u00f3lnoty r\u00f3\u017ca\u0144cowej w \u015brod\u0119 po wieczornej mszy w. w ko\u015bciele.<\/strong><\/li>\n<li><strong> Msza \u015bw. z modlitw\u0105 o uzdrowienie duszy i cia\u0142a w czwartek o 19:15. W koszyku pod ch\u00f3rem b\u0119dzie mo\u017cna z\u0142o\u017cy\u0107 zapisane intencje, w kt\u00f3rych b\u0119dzie sprawowana Eucharystia.<\/strong><\/li>\n<li><strong> W pi\u0105tek nie b\u0119dzie spotkania duszpasterstwa m\u0142odzie\u017cy.<\/strong><\/li>\n<li><strong> Dzieci zapraszamy na warsztaty plastyczne, w czasie kt\u00f3rych przygotujemy kalendarze adwentowe i lampiony na Roraty. Zaj\u0119cia odb\u0119d\u0105 si\u0119 w sobot\u0119 od godz. 16:00 w salce.<\/strong><\/li>\n<li><strong> W dniu 27 listopada, w niedziel\u0119, minie dziewi\u0119\u0107 lat od \u015bmierci S\u0142u\u017cebnicy Bo\u017cej doktor Wandy B\u0142e\u0144skiej, lekarki i \u015bwieckiej misjonarki, nazywanej Matk\u0105 Tr\u0119dowatych, kt\u00f3rych leczy\u0142a ponad 40 lat w Ugandzie. Tego dnia o godz. 18:00 w parafii pw. Chrystusa Dobrego Pasterza na Nowinie odb\u0119dzie si\u0119 Msza \u015bw. i r\u00f3\u017caniec przy grobie Poznanianki Stulecia.<\/strong><\/li>\n<li>Za tydzie\u0144 rozpoczynamy Adwent Zach\u0119camy do przygotowania rodzinnego wie\u0144ca adwentowego z czterema \u015bwiecami we w\u0142asnym zakresie. Po\u015bwi\u0119cenie wie\u0144c\u00f3w adwentowych, w przysz\u0142\u0105 niedziel\u0119 na ka\u017cdej mszy \u015bw. Zach\u0119camy dzieci do przygotowania lampionu roratniego i rodzinnej stajenki betlejemskiej pod choink\u0119. Roraty&nbsp;&nbsp;&nbsp;&nbsp;&nbsp;&nbsp;&nbsp;&nbsp;&nbsp;&nbsp;&nbsp;&nbsp;&nbsp;&nbsp;&nbsp;&nbsp; o godz. 6.00.<\/li>\n<li><strong> Zach\u0119camy do czytania prasy katolickiej. Przy zakrystii:<em> Przewodnik Katolicki<\/em>, <em>Ma\u0142y Przewodni Katolicki<\/em>, <em>Go\u015b\u0107 Niedzielny<\/em> i gazetka parafialna.<\/strong><\/li>\n<li><strong> Op\u0142atki wigilijne i \u015bwiece Caritas od przysz\u0142ej niedzieli w salce parafialnej. Ofiary przeznaczone na CARITAS oraz ogrzewanie ko\u015bcio\u0142a.<\/strong><\/li>\n<li><strong> M\u00f3dlmy si\u0119 za zmar\u0142ych Parafian. Za dusz\u0119 \u015bp. Barbary Mularczyk, (msza \u015bw. pogrzebowa w \u015brod\u0119 o godz. 11.00). Wieczny odpoczynek racz zmar\u0142ym da\u0107 Panie.<\/strong><\/li>\n<\/ol>\n<p><strong>&nbsp;<\/strong>&nbsp;&nbsp;&nbsp;&nbsp;&nbsp;&nbsp;&nbsp;&nbsp;&nbsp;&nbsp;&nbsp;&nbsp;&nbsp;&nbsp;&nbsp;&nbsp;&nbsp;&nbsp;&nbsp;&nbsp;&nbsp;&nbsp;&nbsp;&nbsp;&nbsp;&nbsp;&nbsp;&nbsp;&nbsp;&nbsp;&nbsp;&nbsp;&nbsp;&nbsp;&nbsp;&nbsp;&nbsp;&nbsp;&nbsp;&nbsp;&nbsp;&nbsp;&nbsp;&nbsp;&nbsp;&nbsp;&nbsp;&nbsp;&nbsp;&nbsp;&nbsp;&nbsp;&nbsp;&nbsp;&nbsp;&nbsp;&nbsp;&nbsp;&nbsp;&nbsp;&nbsp;&nbsp;&nbsp;&nbsp;&nbsp;&nbsp;&nbsp;&nbsp;&nbsp;&nbsp;&nbsp;&nbsp;&nbsp;&nbsp;&nbsp;&nbsp;<\/p>\n","protected":false},"excerpt":{"rendered":"<p>OG\u0141OSZENIA DUSZPASTERSKIE Uroczysto\u015b\u0107 Jezusa Chrystusa Kr\u00f3la Wszech\u015bwiata 20 listopada 2022 r. &nbsp; Kalendarz liturgiczny: poniedzia\u0142ek \u2013 Ofiarowanie NMP wtorek &#8211; \u015bw. Cecylii, \u015broda \u2013 \u015bw. Klemensa I, papie\u017ca i \u015bw. Kolumbana, czwartek \u2013 \u015bw. Andrzeja Dung-Lac, pi\u0105tek- &nbsp;\u015bw. Katarzyny Aleksandryjskiej. Dzisiaj, po mszy \u015bw. wystawienie Naj\u015bwi\u0119tszego Sakramentu i akt po\u015bwi\u0119cenia Jezusowi Chrystusowi Kr\u00f3lowi. Msza \u015bw. &#8230; <span class=\"more\"><a class=\"more-link\" href=\"https:\/\/www.chnk.pl\/?p=3606\">czytaj wi\u0119cej<\/a><\/span><\/p>\n","protected":false},"author":3,"featured_media":0,"comment_status":"open","ping_status":"open","sticky":false,"template":"","format":"standard","meta":{"ngg_post_thumbnail":0,"footnotes":""},"categories":[1],"tags":[],"_links":{"self":[{"href":"https:\/\/www.chnk.pl\/index.php?rest_route=\/wp\/v2\/posts\/3606"}],"collection":[{"href":"https:\/\/www.chnk.pl\/index.php?rest_route=\/wp\/v2\/posts"}],"about":[{"href":"https:\/\/www.chnk.pl\/index.php?rest_route=\/wp\/v2\/types\/post"}],"author":[{"embeddable":true,"href":"https:\/\/www.chnk.pl\/index.php?rest_route=\/wp\/v2\/users\/3"}],"replies":[{"embeddable":true,"href":"https:\/\/www.chnk.pl\/index.php?rest_route=%2Fwp%2Fv2%2Fcomments&post=3606"}],"version-history":[{"count":1,"href":"https:\/\/www.chnk.pl\/index.php?rest_route=\/wp\/v2\/posts\/3606\/revisions"}],"predecessor-version":[{"id":3607,"href":"https:\/\/www.chnk.pl\/index.php?rest_route=\/wp\/v2\/posts\/3606\/revisions\/3607"}],"wp:attachment":[{"href":"https:\/\/www.chnk.pl\/index.php?rest_route=%2Fwp%2Fv2%2Fmedia&parent=3606"}],"wp:term":[{"taxonomy":"category","embeddable":true,"href":"https:\/\/www.chnk.pl\/index.php?rest_route=%2Fwp%2Fv2%2Fcategories&post=3606"},{"taxonomy":"post_tag","embeddable":true,"href":"https:\/\/www.chnk.pl\/index.php?rest_route=%2Fwp%2Fv2%2Ftags&post=3606"}],"curies":[{"name":"wp","href":"https:\/\/api.w.org\/{rel}","templated":true}]}}