{"id":3598,"date":"2022-11-05T16:48:20","date_gmt":"2022-11-05T16:48:20","guid":{"rendered":"http:\/\/www.chnk.pl\/?p=3598"},"modified":"2022-11-05T16:48:36","modified_gmt":"2022-11-05T16:48:36","slug":"32-niedziela-zwykla-6","status":"publish","type":"post","link":"https:\/\/www.chnk.pl\/?p=3598","title":{"rendered":"32 Niedziela Zwyk\u0142a"},"content":{"rendered":"<p>&nbsp;<\/p>\n<p><strong>OG\u0141OSZENIA DUSZPASTERSKIE<\/strong><\/p>\n<p><strong>NIEDZIELA&nbsp; XXXII ZWYK\u0141A<\/strong><\/p>\n<p>6<strong> listopada 2022 r.<\/strong><\/p>\n<ol>\n<li><strong> Kalendarz liturgiczny:<\/strong><\/li>\n<\/ol>\n<p><strong>\u015broda \u2013 Rocznica Po\u015bwi\u0119cenia Bazyliki Latera\u0144skiej,<\/strong><\/p>\n<p><strong>czwartek \u2013 \u015bw. Leona Wielkiego,<\/strong><\/p>\n<p><strong>pi\u0105tek \u2013 \u015bw. Marcina,<\/strong><\/p>\n<p><strong>sobota \u2013 \u015bw. Jozafata,<\/strong><\/p>\n<p><strong>niedziela \u2013 \u015bw. Benedykta Jana Mateusza Izaaka i Krystyna<\/strong><\/p>\n<p><strong>&nbsp;<\/strong><\/p>\n<p><strong>2<\/strong><strong>. R\u00f3\u017caniec z wymieniankami od dzisiaj o godz. 17.30.<\/strong><\/p>\n<p><strong>3.<\/strong><strong>We wtorek modlitwa za zmar\u0142ych cz\u0142onk\u00f3w Stowarzyszenia Matki Bo\u017cej Patronki Dobrej \u015amierci: w ich intencji r\u00f3\u017caniec z wymieniankami o 7.30 i msza \u015bw. o godz. 8.00.<\/strong><\/p>\n<p><strong>4.<\/strong><strong>Kr\u0105g Biblijny w \u015brod\u0119, w salce parafialnej, po wieczornej mszy \u015bw.<\/strong><\/p>\n<p><strong>&nbsp;5.<\/strong><strong>W pi\u0105tek, 11 listopada, Narodowe \u015awi\u0119to Niepodleg\u0142o\u015bci. Msza \u015bw. w intencji Ojczyzny o godz. 9.00. Ofiary na potrzeby Stolicy \u015awi\u0119tej. Prosimy o flagowanie mieszka\u0144 na znak duchowej \u0142\u0105czno\u015bci z wszystkimi, kt\u00f3rzy oddali \u017cycie i pracowali dla niepodleg\u0142ej Polski. Mo\u017cna skorzysta\u0107 z dyspensy od pokarm\u00f3w mi\u0119snych.<\/strong><\/p>\n<p><strong>&nbsp;6.<\/strong><strong>Nie b\u0119dzie pi\u0105tkowego spotkania dla m\u0142odzie\u017cy.<\/strong><\/p>\n<p><strong>&nbsp;7.<\/strong><strong>W przysz\u0142\u0105 niedziel\u0119 b\u0119dziemy modli\u0107 si\u0119 o nowe powo\u0142ania kap\u0142a\u0144skie dla naszej Archidiecezji. Przed ko\u015bcio\u0142em mo\u017cliwo\u015b\u0107 z\u0142o\u017cenia ofiary na Arcybiskupie Seminarium Duchowne.<\/strong><strong> Jest to tak\u017ce Niedziela Solidarno\u015bci z Ko\u015bcio\u0142em Prze\u015bladowanym i \u015awiatowy Dzie\u0144 Ubogich.<\/strong><\/p>\n<p><strong>&nbsp;8.<\/strong><strong>W niedziel\u0119, 13 listopada, uroczysto\u015b\u0107 odpustowa w Parafii pw. Pierwszych Polskich M\u0119cze\u00adnnik\u00f3w. Suma odpustowa o godz. 12.30.<\/strong><\/p>\n<p><strong>9.<\/strong><strong>B\u00f3g zap\u0142a\u0107 za ofiary sk\u0142adane przy okazji wymieninek oraz na utrzymanie naszego ko\u015bcio\u0142a.<\/strong><\/p>\n<p><strong>10.<\/strong><strong>Zach\u0119camy do czytania prasy katolickiej. Przy zakrystii: Przewodnik Katolicki<em>. <\/em>Jest Ma\u0142y Przewodni Katolicki, Go\u015b\u0107 Niedzielny, Ziarno, gazetka parafialna.<\/strong><\/p>\n<p><strong>11.<\/strong><strong>M\u00f3dlmy sie o pok\u00f3j na \u015bwiecie, a zwa\u0142aszcza na Ukrainie. \u015awi\u0119ty Bo\u017ce, \u015awi\u0119ty Mocny, \u015awi\u0119ty Nie\u015bmiertelny, zmi\u0142uj si\u0119 nad nami.<\/strong><\/p>\n<p>&nbsp;&nbsp;&nbsp;&nbsp;&nbsp;&nbsp;&nbsp;&nbsp;&nbsp;&nbsp;&nbsp;&nbsp;&nbsp;&nbsp;&nbsp;&nbsp;&nbsp;&nbsp;&nbsp;&nbsp;&nbsp;&nbsp;&nbsp; &nbsp;&nbsp;&nbsp;&nbsp;&nbsp;&nbsp;&nbsp;&nbsp;&nbsp;&nbsp;&nbsp;&nbsp;&nbsp;&nbsp;&nbsp;&nbsp;&nbsp;&nbsp;&nbsp;&nbsp;&nbsp;&nbsp;&nbsp;&nbsp;&nbsp;&nbsp;&nbsp;&nbsp;&nbsp;&nbsp;&nbsp;&nbsp;&nbsp;&nbsp;&nbsp;&nbsp;&nbsp;&nbsp;&nbsp;&nbsp;&nbsp;&nbsp;&nbsp;&nbsp;&nbsp;&nbsp;&nbsp;&nbsp;&nbsp;&nbsp;&nbsp;&nbsp;&nbsp;&nbsp;&nbsp;&nbsp;&nbsp;&nbsp;&nbsp;&nbsp;&nbsp;&nbsp;&nbsp;&nbsp;&nbsp;&nbsp;&nbsp;&nbsp;&nbsp;&nbsp;&nbsp;&nbsp;&nbsp;&nbsp;&nbsp;&nbsp;&nbsp;&nbsp;&nbsp;&nbsp;&nbsp;&nbsp;&nbsp;&nbsp;&nbsp;&nbsp;&nbsp;&nbsp;&nbsp;&nbsp;&nbsp;&nbsp;&nbsp;&nbsp;&nbsp;&nbsp;&nbsp;&nbsp;&nbsp;&nbsp;&nbsp;&nbsp;&nbsp;&nbsp;&nbsp;&nbsp;&nbsp;&nbsp;&nbsp;&nbsp;&nbsp;&nbsp;&nbsp;&nbsp;&nbsp;&nbsp;&nbsp;&nbsp;&nbsp;&nbsp;&nbsp;&nbsp;&nbsp;&nbsp;&nbsp;&nbsp;&nbsp;&nbsp;&nbsp;&nbsp;&nbsp;&nbsp;&nbsp;&nbsp;&nbsp;&nbsp;&nbsp;&nbsp;&nbsp;&nbsp;&nbsp;&nbsp;&nbsp;&nbsp;&nbsp;&nbsp;&nbsp;&nbsp;&nbsp;&nbsp;&nbsp;&nbsp;&nbsp;&nbsp;&nbsp;&nbsp;&nbsp;&nbsp;&nbsp;&nbsp;&nbsp;&nbsp;&nbsp;&nbsp;&nbsp;&nbsp;&nbsp;&nbsp;&nbsp;&nbsp;&nbsp;&nbsp;&nbsp;&nbsp;&nbsp;&nbsp;&nbsp;&nbsp;&nbsp;&nbsp;&nbsp;&nbsp;&nbsp;&nbsp;&nbsp;&nbsp;&nbsp;&nbsp;&nbsp;&nbsp;&nbsp;&nbsp;&nbsp;&nbsp;&nbsp;&nbsp;&nbsp;&nbsp;&nbsp;&nbsp;&nbsp;&nbsp;&nbsp;&nbsp;&nbsp;&nbsp;&nbsp;&nbsp;&nbsp;&nbsp;&nbsp;&nbsp;&nbsp;&nbsp;&nbsp;&nbsp;&nbsp;&nbsp;&nbsp;&nbsp;&nbsp;&nbsp;&nbsp;&nbsp;&nbsp;&nbsp;&nbsp;&nbsp;&nbsp;&nbsp;&nbsp;&nbsp;&nbsp;&nbsp;&nbsp;&nbsp;&nbsp;&nbsp;&nbsp;&nbsp;&nbsp;&nbsp;&nbsp;<\/p>\n","protected":false},"excerpt":{"rendered":"<p>&nbsp; OG\u0141OSZENIA DUSZPASTERSKIE NIEDZIELA&nbsp; XXXII ZWYK\u0141A 6 listopada 2022 r. Kalendarz liturgiczny: \u015broda \u2013 Rocznica Po\u015bwi\u0119cenia Bazyliki Latera\u0144skiej, czwartek \u2013 \u015bw. Leona Wielkiego, pi\u0105tek \u2013 \u015bw. Marcina, sobota \u2013 \u015bw. Jozafata, niedziela \u2013 \u015bw. Benedykta Jana Mateusza Izaaka i Krystyna &nbsp; 2. R\u00f3\u017caniec z wymieniankami od dzisiaj o godz. 17.30. 3.We wtorek modlitwa za zmar\u0142ych &#8230; <span class=\"more\"><a class=\"more-link\" href=\"https:\/\/www.chnk.pl\/?p=3598\">czytaj wi\u0119cej<\/a><\/span><\/p>\n","protected":false},"author":3,"featured_media":0,"comment_status":"open","ping_status":"open","sticky":false,"template":"","format":"standard","meta":{"ngg_post_thumbnail":0,"footnotes":""},"categories":[1],"tags":[],"_links":{"self":[{"href":"https:\/\/www.chnk.pl\/index.php?rest_route=\/wp\/v2\/posts\/3598"}],"collection":[{"href":"https:\/\/www.chnk.pl\/index.php?rest_route=\/wp\/v2\/posts"}],"about":[{"href":"https:\/\/www.chnk.pl\/index.php?rest_route=\/wp\/v2\/types\/post"}],"author":[{"embeddable":true,"href":"https:\/\/www.chnk.pl\/index.php?rest_route=\/wp\/v2\/users\/3"}],"replies":[{"embeddable":true,"href":"https:\/\/www.chnk.pl\/index.php?rest_route=%2Fwp%2Fv2%2Fcomments&post=3598"}],"version-history":[{"count":1,"href":"https:\/\/www.chnk.pl\/index.php?rest_route=\/wp\/v2\/posts\/3598\/revisions"}],"predecessor-version":[{"id":3599,"href":"https:\/\/www.chnk.pl\/index.php?rest_route=\/wp\/v2\/posts\/3598\/revisions\/3599"}],"wp:attachment":[{"href":"https:\/\/www.chnk.pl\/index.php?rest_route=%2Fwp%2Fv2%2Fmedia&parent=3598"}],"wp:term":[{"taxonomy":"category","embeddable":true,"href":"https:\/\/www.chnk.pl\/index.php?rest_route=%2Fwp%2Fv2%2Fcategories&post=3598"},{"taxonomy":"post_tag","embeddable":true,"href":"https:\/\/www.chnk.pl\/index.php?rest_route=%2Fwp%2Fv2%2Ftags&post=3598"}],"curies":[{"name":"wp","href":"https:\/\/api.w.org\/{rel}","templated":true}]}}