{"id":3594,"date":"2022-10-29T19:06:28","date_gmt":"2022-10-29T19:06:28","guid":{"rendered":"http:\/\/www.chnk.pl\/?p=3594"},"modified":"2022-10-29T19:06:28","modified_gmt":"2022-10-29T19:06:28","slug":"31-niedziela-zwykla-4","status":"publish","type":"post","link":"https:\/\/www.chnk.pl\/?p=3594","title":{"rendered":"31 Niedziela Zwyk\u0142a"},"content":{"rendered":"<p><strong>&nbsp;<\/strong><\/p>\n<p><strong>OG\u0141OSZENIA DUSZPASTERSKIE<\/strong><\/p>\n<p><strong>NIEDZIELA XXXI ZWYK\u0141A<\/strong><strong><br \/>\n31 pa\u017adziernika 2022 r.<\/strong><\/p>\n<ol>\n<li>We wtorek Uroczysto\u015b\u0107 Wszystkich \u015awi\u0119tych. Msza \u015bw. o godz. 8.00, 9.30, 11.15 i 18.00. Nie b\u0119dzie Mszy \u015bw. o godz. 12.30. W Uroczysto\u015b\u0107 Wszystkich \u015awi\u0119tych na cmentarzach pozna\u0144skich nabo\u017ce\u0144stwa \u017ca\u0142obne o godz. 15.00. Msza \u015bw. w&nbsp; Dzie\u0144 Zaduszny<strong>, <\/strong>(\u015broda) o godz. 8.00, 10.00, 16.30 i 18.00. R\u00f3\u017caniec za Parafian zmar\u0142ych od ubieg\u0142orocznych Wszystkich \u015awi\u0119tych, w Dzie\u0144 Zaduszny o godz. 17.30. R\u00f3\u017caniec&nbsp; &nbsp;&nbsp;&nbsp;&nbsp;&nbsp;&nbsp;&nbsp;&nbsp;&nbsp;&nbsp;&nbsp;&nbsp;&nbsp;&nbsp;&nbsp;&nbsp;z wymieniankami w pi\u0105tek i sobot\u0119, o godz. 17.30. Wymienianki mo\u017cna sk\u0142ada\u0107 do skarbony przy zakrystii. W dniach od 1 do 8 listopada mo\u017cna codziennie zyska\u0107 odpust zupe\u0142ny dla tych, kt\u00f3rzy w czy\u015b\u0107cu oczekuj\u0105 pe\u0142ni zbawienia. Odpust zyskuje ten, kto nawiedzi cmentarz oraz wype\u0142ni zwyk\u0142e warunki, tj. przyst\u0105pi do Komunii \u015bw. w dniu nawiedzenia cmentarza i odm\u00f3wi na cmentarzu Ojcze nasz, Wierz\u0119 w Boga oraz jak\u0105kolwiek modlitw\u0119 w intencjach wyznaczonych na dany dzie\u0144 przez Ojca \u015awi\u0119tego. Ponadto w dniu&nbsp; 2 listopada \u2013 przy zachowaniu tych samych warunk\u00f3w \u2013 r\u00f3wnie\u017c mo\u017cna uzyska\u0107 odpust za zmar\u0142ych zwi\u0105zany z nawiedzeniem ko\u015bcio\u0142a&nbsp;&nbsp; i odm\u00f3wieniem w nim wspomnianych modlitw.<\/li>\n<\/ol>\n<p>&nbsp;<\/p>\n<ol start=\"2\">\n<li>Zebranie wsp\u00f3lnoty r\u00f3\u017ca\u0144cowej w \u015brod\u0119 po wieczornej mszy \u015bw. ko\u015bciele. B\u00f3g zap\u0142a\u0107 Paniom za adoracj\u0119 Naj\u015bwi\u0119tszego Sakramentu w Katedrze.<\/li>\n<\/ol>\n<p>&nbsp;<\/p>\n<ol start=\"3\">\n<li>Po\u015bwi\u0119cenie ksi\u0105\u017ceczek. Spotkanie dzieci pierwszokomunijnych i ich rodzic\u00f3w w czwartek: o godz. 15.45 klasy a, b, oraz o 16.45 klasy c, d i inne szko\u0142y. Na spotkanie dzieci przynosz\u0105 ksi\u0105\u017ceczk\u0119 do nabo\u017ce\u0144stwa i plansz\u0119 z uczestnictwem w r\u00f3\u017ca\u0144cu. Po\u015bwi\u0119cenie ksi\u0105\u017ceczek w niedziel\u0119 na mszy \u015bw. o godz. 11.15.<\/li>\n<\/ol>\n<p>&nbsp;<\/p>\n<ol start=\"4\">\n<li>W tym tygodniu: I czwartek, I pi\u0105tek i I sobota miesi\u0105ca. <u>I czwartek:<\/u> adoracja Naj\u015bwi\u0119tszego Sakramentu po mszy \u015bw. porannej do 10.30 oraz od godz. 17.00 do 18.00. Uczestnicz\u0105cych w duchowej adopcji zapraszamy na r\u00f3\u017caniec o godz. 17.15 w intencji obrony \u017cycia. Po mszy \u015bw. wieczornej adoracja do godz. 21.00 w intencji zachowania oraz o nowe powo\u0142ania kap\u0142a\u0144skie i zakonne. <u>I pi\u0105tek:<\/u> spowied\u017a \u015bw. dla dzieci od 15.00 i Komunia \u015bw. o godz. 16.30. Msza \u015bw. pierwszopi\u0105tkowa o godz. 18.00. <u>I sobota:<\/u> r\u00f3\u017caniec do Niepokalanego Serca Matki Bo\u017cej o 7.15 i msza \u015bw. Odwiedziny chorych z sakramentami \u015bw. w pi\u0105tek i w sobot\u0119. Spotkanie Wsp\u00f3lnoty Rodzin w sobot\u0119 o 19:15 w ko\u015bciele konferencja, Adoracja, nast\u0119pnie spotkanie w salce.<\/li>\n<\/ol>\n<p>&nbsp;Spotkanie duszpasterstwa m\u0142odzie\u017cy w pi\u0105tek o 19:15 w salce.<\/p>\n<p>&nbsp;<\/p>\n<ol start=\"5\">\n<li>Dzieci zapraszamy na Bal Wszystkich \u015awi\u0119tych w poniedzia\u0142ek w godz. 16:00-17:30 do salki. Dzieci przebieraj\u0105 si\u0119 za ulubionego \u015bwi\u0119tego (ewentualnie anio\u0142a) i przygotowuj\u0105 kr\u00f3tk\u0105 informacj\u0119 na jego temat.<\/li>\n<\/ol>\n<p>&nbsp;<\/p>\n<ol start=\"6\">\n<li>Zach\u0119camy do czytania prasy katolickiej. Przy zakrystii: <em>Przewodnik Katolicki <\/em>(z modlitewnikiem na listopad)), <em>Ma\u0142y Przewodnik<\/em> <em>Katolicki, Go\u015b\u0107 Niedzielny, Ziarno,<\/em> <em>Mi\u0142ujcie si\u0119, <\/em>gazetka parafialna i kalendarzyki Ksi\u0119garni \u015aw. Wojciecha.<\/li>\n<\/ol>\n<p><strong>&nbsp;<\/strong><\/p>\n<ol start=\"7\">\n<li>M\u00f3dlmy si\u0119 za zmar\u0142ych Parafia. Za dusz\u0119 \u015bp. Mariana K\u0119dziory, os. Lecha 18 (msza \u015bw. pogrzebowa w \u015brod\u0119 o godz. 11.30). Wieczny odpoczynek racz zmar\u0142ym da\u0107 Panie.<\/li>\n<\/ol>\n<p><u>&nbsp;<\/u><\/p>\n<p style=\"text-align: left;\"><u>&nbsp;<\/u><\/p>\n<p><strong>&nbsp;<\/strong><\/p>\n<p><strong>MODLITWA O POK\u00d3J<\/strong><\/p>\n<p><em>(na motywach Listu do Efezjan]<\/em><\/p>\n<p><em>&nbsp;<\/em><\/p>\n<p>Panie Jezu Chryste,<\/p>\n<p>Ty, kt\u00f3ry jeste\u015b naszym pokojem,<\/p>\n<p>Ty, kt\u00f3ry zburzy\u0142e\u015b rozdzielaj\u0105cy ludzi mur \u2013 wrogo\u015b\u0107,<\/p>\n<p>Ty, kt\u00f3ry ludzi dalekich czynisz bliskimi,<\/p>\n<p>Ty, kt\u00f3ry w sobie zada\u0142e\u015b \u015bmier\u0107 wrogo\u015bci!<\/p>\n<p>Prosimy, zadaj \u015bmier\u0107 tak\u017ce jakiejkolwiek wrogo\u015bci w nas!<\/p>\n<p>Daj nam \u015bwiat\u0142e oczy serca, by\u015bmy przestali widzie\u0107 w sobie wzajemnie przeciwnik\u00f3w, a zobaczyli wsp\u00f3\u0142domownik\u00f3w \u2013&nbsp;&nbsp;&nbsp;&nbsp;&nbsp;&nbsp;&nbsp;&nbsp;&nbsp;&nbsp;&nbsp;&nbsp;&nbsp;&nbsp;&nbsp;&nbsp;&nbsp;&nbsp;&nbsp;&nbsp;&nbsp;&nbsp; w Twoim Domu, a tak\u017ce w tym domu, kt\u00f3ry ma na imi\u0119 Polska;<\/p>\n<p>Nawr\u00f3\u0107 nasze wzajemne my\u015blenie o sobie, i daj nam s\u0142owa&nbsp; i czyny na miar\u0119 tego nawr\u00f3cenia.<\/p>\n<p>W\u0142\u00f3\u017c nam w usta \u2013 a jeszcze wcze\u015bniej w nasze my\u015bli \u2013 s\u0142owa, kt\u00f3re buduj\u0105, nie rujnuj\u0105; lecz\u0105, nie zadaj\u0105 rany; pocieszaj\u0105, nie odbieraj\u0105 nadziej\u0119; nios\u0105 pok\u00f3j, nie wywo\u0142uj\u0105 agresj\u0119.<\/p>\n<p>Wska\u017c nam czyny konkretnej mi\u0142o\u015bci i mi\u0142osierdzia, wok\u00f3\u0142 kt\u00f3rych odbudujemy nasz\u0105 wsp\u00f3lnot\u0119. Zw\u0142aszcza w tak trudnej, obecnej chwili pandemii poprowad\u017a nas do os\u00f3b chorych&nbsp;&nbsp;&nbsp;&nbsp;&nbsp;&nbsp;&nbsp;&nbsp;&nbsp;&nbsp;&nbsp;&nbsp;&nbsp;&nbsp;&nbsp;&nbsp;&nbsp;&nbsp;&nbsp;&nbsp;&nbsp;&nbsp; i starszych, tych, kt\u00f3rzy przebywaj\u0105 na kwarantannie i tych, kt\u00f3rzy op\u0142akuj\u0105 swoich zmar\u0142ych. Pomn\u00f3\u017c w nas ofiarno\u015b\u0107 i wsp\u00f3\u0142czucie.<\/p>\n<p>Uczy\u0144 ka\u017cdego z nas \u201enowym cz\u0142owiekiem\u201d, a nastanie pok\u00f3j!<\/p>\n<p>&nbsp;<\/p>\n<p>Modlimy si\u0119 za wszystkich!<\/p>\n<p>O m\u0105dro\u015b\u0107 i pragnienie dobra wsp\u00f3lnego dla ka\u017cdego, kto w obecnym sporze zabiera g\u0142os;<\/p>\n<p>Za polityk\u00f3w wszystkich opcji w parlamencie i poza nim.<\/p>\n<p>Za tych, kt\u00f3rzy modl\u0105 si\u0119 w ko\u015bcio\u0142ach, i za tych, kt\u00f3rzy demonstruj\u0105.<\/p>\n<p>Za wierz\u0105cych w Boga, i za tych, kt\u00f3rzy warto\u015bci prawdy, sprawiedliwo\u015bci, dobra i pi\u0119kna wywodz\u0105 z \u201einnych \u017ar\u00f3de\u0142\u201d;<\/p>\n<p>R\u00f3wnie\u017c za tych, kt\u00f3rzy w tej chwili wcale ich nie szukaj\u0105.<\/p>\n<p>Ty \u2013 rozpoznany czy nierozpoznany \u2013 znajd\u017a drog\u0119 do ka\u017cdego z nas, wska\u017c nam w\u0142a\u015bciwe drogi ku sobie nawzajem.&nbsp;&nbsp;&nbsp;&nbsp;&nbsp;&nbsp;&nbsp;&nbsp;&nbsp;&nbsp;&nbsp;&nbsp;&nbsp;&nbsp;&nbsp;&nbsp;&nbsp;&nbsp;&nbsp;&nbsp;&nbsp;&nbsp;&nbsp;&nbsp;&nbsp;&nbsp;&nbsp;&nbsp; I skutecznie nas po nich<\/p>\n","protected":false},"excerpt":{"rendered":"<p>&nbsp; OG\u0141OSZENIA DUSZPASTERSKIE NIEDZIELA XXXI ZWYK\u0141A 31 pa\u017adziernika 2022 r. We wtorek Uroczysto\u015b\u0107 Wszystkich \u015awi\u0119tych. Msza \u015bw. o godz. 8.00, 9.30, 11.15 i 18.00. Nie b\u0119dzie Mszy \u015bw. o godz. 12.30. W Uroczysto\u015b\u0107 Wszystkich \u015awi\u0119tych na cmentarzach pozna\u0144skich nabo\u017ce\u0144stwa \u017ca\u0142obne o godz. 15.00. Msza \u015bw. w&nbsp; Dzie\u0144 Zaduszny, (\u015broda) o godz. 8.00, 10.00, 16.30 i &#8230; <span class=\"more\"><a class=\"more-link\" href=\"https:\/\/www.chnk.pl\/?p=3594\">czytaj wi\u0119cej<\/a><\/span><\/p>\n","protected":false},"author":3,"featured_media":0,"comment_status":"open","ping_status":"open","sticky":false,"template":"","format":"standard","meta":{"ngg_post_thumbnail":0,"footnotes":""},"categories":[1],"tags":[],"_links":{"self":[{"href":"https:\/\/www.chnk.pl\/index.php?rest_route=\/wp\/v2\/posts\/3594"}],"collection":[{"href":"https:\/\/www.chnk.pl\/index.php?rest_route=\/wp\/v2\/posts"}],"about":[{"href":"https:\/\/www.chnk.pl\/index.php?rest_route=\/wp\/v2\/types\/post"}],"author":[{"embeddable":true,"href":"https:\/\/www.chnk.pl\/index.php?rest_route=\/wp\/v2\/users\/3"}],"replies":[{"embeddable":true,"href":"https:\/\/www.chnk.pl\/index.php?rest_route=%2Fwp%2Fv2%2Fcomments&post=3594"}],"version-history":[{"count":1,"href":"https:\/\/www.chnk.pl\/index.php?rest_route=\/wp\/v2\/posts\/3594\/revisions"}],"predecessor-version":[{"id":3595,"href":"https:\/\/www.chnk.pl\/index.php?rest_route=\/wp\/v2\/posts\/3594\/revisions\/3595"}],"wp:attachment":[{"href":"https:\/\/www.chnk.pl\/index.php?rest_route=%2Fwp%2Fv2%2Fmedia&parent=3594"}],"wp:term":[{"taxonomy":"category","embeddable":true,"href":"https:\/\/www.chnk.pl\/index.php?rest_route=%2Fwp%2Fv2%2Fcategories&post=3594"},{"taxonomy":"post_tag","embeddable":true,"href":"https:\/\/www.chnk.pl\/index.php?rest_route=%2Fwp%2Fv2%2Ftags&post=3594"}],"curies":[{"name":"wp","href":"https:\/\/api.w.org\/{rel}","templated":true}]}}