{"id":3587,"date":"2022-10-22T15:26:54","date_gmt":"2022-10-22T15:26:54","guid":{"rendered":"http:\/\/www.chnk.pl\/?p=3587"},"modified":"2022-10-22T15:26:54","modified_gmt":"2022-10-22T15:26:54","slug":"30-niedziela-zwykla-5","status":"publish","type":"post","link":"https:\/\/www.chnk.pl\/?p=3587","title":{"rendered":"30 Niedziela Zwyk\u0142a"},"content":{"rendered":"<p><strong>&nbsp;<\/strong><\/p>\n<p><strong>&nbsp;<\/strong><\/p>\n<p><strong>OG\u0141OSZENIA DUSZPASTERSKIE<\/strong><\/p>\n<p><strong>NIEDZIELA XXX ZWYK\u0141A<br \/>\n23 pa\u017adziernika 2022 r.<\/strong><\/p>\n<p>&nbsp;<\/p>\n<ol>\n<li><strong> Nale\u017c\u0105cych do<\/strong> <strong>\u017bywego <\/strong><strong>R\u00f3\u017ca\u0144ca zapraszamy na pielgrzymk\u0119 do Katedry na modlitewne czuwanie w pi\u0105tek w godz. od 12.00 do 13.00. Wyj\u015bcie sprzed ko\u015bcio\u0142a o godz. 11.00. Przejazd autobusem w zast\u0119pstwie tramwaju.<\/strong><\/li>\n<li><strong> Nabo\u017ce\u0144stwa r\u00f3\u017ca\u0144cowe, w intencji misji, codziennie o godz. 17.30. W dni powszednie r\u00f3\u017caniec tak\u017ce po mszy \u015bw. porannej z wyj\u0105tkiem wtorku, wtedy r\u00f3\u017caniec o 7.25. R\u00f3\u017caniec dla dzieci we wtorki, \u015brody i czwartki o godz. 16.30.<\/strong><\/li>\n<li><strong>Zbli\u017ca si\u0119 uroczysto\u015b\u0107 Wszystkich \u015awi\u0119tych i potem Dzie\u0144 Zaduszny. Nawiedzenie cmentarza nie zwalnia od obowi\u0105zku uczestniczenia we mszy \u015bw. w sam\u0105 Uroczysto\u015b\u0107. W<\/strong><strong> dniach od 1 do 8 listopada mo\u017cna codziennie uzyska\u0107 odpust zupe\u0142ny dla dusz czy\u015b\u0107cowych. Odpust zyskuje ten, kto nawiedzi cmentarz oraz przyst\u0105pi do Komunii \u015bw. w dniu nawiedzenia cmentarza i odm\u00f3wi na cmentarzu Ojcze nasz i Wierz\u0119&nbsp; w Boga oraz jak\u0105kolwiek modlitw\u0119&nbsp; w intencjach wyznaczonych na dany dzie\u0144 przez Ojca \u015awi\u0119tego. Ponadto w dniu 2 listopada \u2013 przy zachowaniu tych samych warunk\u00f3w \u2013 r\u00f3wnie\u017c mo\u017cna uzyska\u0107 odpust za zmar\u0142ych zwi\u0105zany z nawiedzeniem ko\u015bcio\u0142a&nbsp; i odm\u00f3wieniem w nich wspomnianych modlitw. <\/strong><strong>W zwi\u0105zku z tym okazja do spowiedzi \u015bw. w pi\u0105tek od godz. 17.00 do 18.00 i w sobot\u0119 od 16.00 do 18.00.<\/strong><\/li>\n<li><strong> Zapraszamy rodzic\u00f3w m\u0142odzie\u017cy, kt\u00f3ra zg\u0142osi\u0142a swoj\u0105 ch\u0119\u0107 rozpocz\u0119cia przygotowa\u0144 do przyj\u0119cia bierzmowania na spotkanie do salki we wtorek na godz. 19:00. M\u0142odzie\u017c swoje pierwsze spotkanie b\u0119dzie mia\u0142a 17 listopada o godz. 19:00.<\/strong><\/li>\n<li><strong> Z racji Tygodnia Misyjnego ks. Wikariusz zaprasza w \u015brod\u0119 na godz. 19:00 do salki wszystkich, kt\u00f3rzy chcieliby us\u0142ysze\u0107 o do\u015bwiadczeniu misyjnym, w kt\u00f3rym bra\u0142 udzia\u0142. Ks. Wikariusz i studenci opowiedz\u0105 o miesi\u0105cu sp\u0119dzonym w Ugandzie, miejscu pracy dr Wandy B\u0142e\u0144skiej.<\/strong><\/li>\n<li><strong> Spotkanie duszpasterstwa m\u0142odzie\u017cy w pi\u0105tek o 19:15 w salce.<\/strong><\/li>\n<li><strong> Konkurs plastyczny dla dzieci. Zapraszamy dzieci do przygotowania pracy plastycznej \u2013 w dowolnej formie \u2013 przedstawiaj\u0105cej ulubionego \u015bwi\u0119tego. Prace przynosimy w przysz\u0142\u0105 niedziel\u0119.<\/strong><\/li>\n<li><strong> Dzieci zapraszamy tak\u017ce na Bal Wszystkich \u015awi\u0119tych w poniedzia\u0142ek 31 pa\u017adziernika w godz. 16:00-17:30 do salki. Dzieci przebieraj\u0105 si\u0119 za ulubionego \u015bwi\u0119tego (ewentualnie anio\u0142a) i przygotowuj\u0105 bardzo kr\u00f3tk\u0105 informacj\u0119 na jego temat.<\/strong><\/li>\n<li><strong>B\u00f3g zap\u0142a\u0107 z ofiary na Fundacj\u0119 Dzie\u0142o Nowego Tysi\u0105clecia i utrzymane naszego ko\u015bcio\u0142a<em>.<\/em> Dzisiaj, przed ko\u015bcio\u0142em, kwesta na misje.<\/strong><\/li>\n<li><strong>Zach\u0119camy do czytania <em>Przewodnika Katolickiego<\/em>. Jest <em>Go\u015b\u0107 Niedzielny<\/em>, <em>Ziarno<\/em>,<em> Mi\u0142ujcie si\u0119, <\/em>gazetka parafialna, kieszonkowy kalendarzyk Ksi\u0119garni \u015bw. Wojciecha. <\/strong><\/li>\n<li><strong> M\u00f3dlmy si\u0119 za zmar\u0142ych Parafian. Za dusz\u0119 \u015bp. Czes\u0142awa Machnikowskiego, os. Lecha 122 i dusz\u0119 \u015bp. Danuty Kubiak (pogrzeb w czwartek o godz. 10.30 na cmentarzu przy ul. Bluszczowej). Wieczny odpoczynek racz zmar\u0142ym da\u0107 Panie.<\/strong><\/li>\n<\/ol>\n<p><strong>&nbsp;<\/strong><\/p>\n<p><strong><u>&nbsp;<\/u><\/strong><\/p>\n","protected":false},"excerpt":{"rendered":"<p>&nbsp; &nbsp; OG\u0141OSZENIA DUSZPASTERSKIE NIEDZIELA XXX ZWYK\u0141A 23 pa\u017adziernika 2022 r. &nbsp; Nale\u017c\u0105cych do \u017bywego R\u00f3\u017ca\u0144ca zapraszamy na pielgrzymk\u0119 do Katedry na modlitewne czuwanie w pi\u0105tek w godz. od 12.00 do 13.00. Wyj\u015bcie sprzed ko\u015bcio\u0142a o godz. 11.00. Przejazd autobusem w zast\u0119pstwie tramwaju. Nabo\u017ce\u0144stwa r\u00f3\u017ca\u0144cowe, w intencji misji, codziennie o godz. 17.30. W dni powszednie &#8230; <span class=\"more\"><a class=\"more-link\" href=\"https:\/\/www.chnk.pl\/?p=3587\">czytaj wi\u0119cej<\/a><\/span><\/p>\n","protected":false},"author":3,"featured_media":0,"comment_status":"open","ping_status":"open","sticky":false,"template":"","format":"standard","meta":{"ngg_post_thumbnail":0,"footnotes":""},"categories":[1],"tags":[],"_links":{"self":[{"href":"https:\/\/www.chnk.pl\/index.php?rest_route=\/wp\/v2\/posts\/3587"}],"collection":[{"href":"https:\/\/www.chnk.pl\/index.php?rest_route=\/wp\/v2\/posts"}],"about":[{"href":"https:\/\/www.chnk.pl\/index.php?rest_route=\/wp\/v2\/types\/post"}],"author":[{"embeddable":true,"href":"https:\/\/www.chnk.pl\/index.php?rest_route=\/wp\/v2\/users\/3"}],"replies":[{"embeddable":true,"href":"https:\/\/www.chnk.pl\/index.php?rest_route=%2Fwp%2Fv2%2Fcomments&post=3587"}],"version-history":[{"count":1,"href":"https:\/\/www.chnk.pl\/index.php?rest_route=\/wp\/v2\/posts\/3587\/revisions"}],"predecessor-version":[{"id":3588,"href":"https:\/\/www.chnk.pl\/index.php?rest_route=\/wp\/v2\/posts\/3587\/revisions\/3588"}],"wp:attachment":[{"href":"https:\/\/www.chnk.pl\/index.php?rest_route=%2Fwp%2Fv2%2Fmedia&parent=3587"}],"wp:term":[{"taxonomy":"category","embeddable":true,"href":"https:\/\/www.chnk.pl\/index.php?rest_route=%2Fwp%2Fv2%2Fcategories&post=3587"},{"taxonomy":"post_tag","embeddable":true,"href":"https:\/\/www.chnk.pl\/index.php?rest_route=%2Fwp%2Fv2%2Ftags&post=3587"}],"curies":[{"name":"wp","href":"https:\/\/api.w.org\/{rel}","templated":true}]}}