{"id":3584,"date":"2022-10-15T16:38:41","date_gmt":"2022-10-15T16:38:41","guid":{"rendered":"http:\/\/www.chnk.pl\/?p=3584"},"modified":"2022-10-15T16:38:41","modified_gmt":"2022-10-15T16:38:41","slug":"29-niedziela-zwykla-4","status":"publish","type":"post","link":"https:\/\/www.chnk.pl\/?p=3584","title":{"rendered":"29 Niedziela Zwyk\u0142a"},"content":{"rendered":"<p><strong>OG\u0141OSZENIA DUSZPASTERSKIE<\/strong><\/p>\n<p><strong>&nbsp;&nbsp;&nbsp;&nbsp;&nbsp;&nbsp;&nbsp;&nbsp;&nbsp;&nbsp;&nbsp;&nbsp;&nbsp;&nbsp;&nbsp;&nbsp;&nbsp;&nbsp;&nbsp;&nbsp;&nbsp;&nbsp;&nbsp;&nbsp;&nbsp;&nbsp;&nbsp;&nbsp;&nbsp;&nbsp;&nbsp;&nbsp;&nbsp;&nbsp;&nbsp;&nbsp;&nbsp;&nbsp;&nbsp;&nbsp;&nbsp;&nbsp;&nbsp;&nbsp;&nbsp;&nbsp;&nbsp;&nbsp;&nbsp;&nbsp;&nbsp;&nbsp;&nbsp;&nbsp;&nbsp;&nbsp;&nbsp;&nbsp;&nbsp;&nbsp;&nbsp;&nbsp;&nbsp;&nbsp;&nbsp;&nbsp;&nbsp; <\/strong><strong>NIEDZIELA XXIX ZWYK\u0141A&nbsp; <\/strong><\/p>\n<p><strong>&nbsp;&nbsp;&nbsp;&nbsp;&nbsp;&nbsp;&nbsp;&nbsp;&nbsp;&nbsp;&nbsp;&nbsp;&nbsp;&nbsp;&nbsp;&nbsp;&nbsp;&nbsp;&nbsp;&nbsp;&nbsp;&nbsp;&nbsp;&nbsp;&nbsp;&nbsp;&nbsp;&nbsp;&nbsp;&nbsp;&nbsp;&nbsp;&nbsp;&nbsp;&nbsp;&nbsp;&nbsp;&nbsp;&nbsp;&nbsp;&nbsp;&nbsp;&nbsp;&nbsp;&nbsp;&nbsp;&nbsp;&nbsp;&nbsp;&nbsp;&nbsp;&nbsp;&nbsp;&nbsp;&nbsp;&nbsp;&nbsp;&nbsp;&nbsp;&nbsp;&nbsp;&nbsp;&nbsp;&nbsp;&nbsp;&nbsp;&nbsp;&nbsp;&nbsp;&nbsp;&nbsp;&nbsp; 16 pa\u017adziernika 2022 r.<\/strong><\/p>\n<p><strong>&nbsp;&nbsp;&nbsp;&nbsp;&nbsp;&nbsp;&nbsp;&nbsp;&nbsp;&nbsp;&nbsp;&nbsp;&nbsp;&nbsp;&nbsp;&nbsp;&nbsp;&nbsp;&nbsp;&nbsp;&nbsp;&nbsp;&nbsp;&nbsp;&nbsp;&nbsp;&nbsp;&nbsp;&nbsp;&nbsp;&nbsp;&nbsp;&nbsp;&nbsp;&nbsp;&nbsp;&nbsp;&nbsp;&nbsp;&nbsp;&nbsp;&nbsp;&nbsp;&nbsp;&nbsp; <\/strong><\/p>\n<ol>\n<li><strong> Kalendarz liturgiczny: poniedzia\u0142ek \u2013 \u015bw. Ignacego Antioche\u0144skiego, wtorek &#8211; \u015bw. \u0141ukasza, \u015broda \u2013 \u015bw. Paw\u0142a od Krzy\u017ca, czwartek &#8211; \u015bw. Jana Kantego, sobota \u2013 \u015bw. Jana Paw\u0142a II.<\/strong><\/li>\n<li><strong> W miniony czwartek Ks. Bp Szymon Stu\u0142kowski udzieli\u0142 bierzmowania m\u0142odzie\u017cy naszej Parafii. B\u00f3g zap\u0142a\u0107 m\u0142odzie\u017cy za pobo\u017cne prze\u017cycie tego sakramentu. B\u00f3g zap\u0142a\u0107 wolontariuszom, kt\u00f3rzy przygotowali m\u0142odych do tego sakramentu. Scholi parafialnej i s\u0142u\u017cbie liturgicznej B\u00f3g zap\u0142a\u0107 za przygotowanie liturgii.<\/strong><\/li>\n<li><strong> Zapraszamy do scholi parafialnej. Zapraszamy m\u0142odzie\u017c i doros\u0142ych w ka\u017cdym wieku, kt\u00f3rzy czuj\u0105 w sobie powo\u0142anie do \u015bpiewu. Pr\u00f3by w pi\u0105tki o godz. 19.00.<\/strong><\/li>\n<li><strong> Najbli\u017csza pr\u00f3ba scholi \u201eDzieci \u015bw. Cecyli\u201d, w sobot\u0119 23 pa\u017adziernika o godz. 11.00 w salce parafialnej<\/strong><\/li>\n<li><strong> Nabo\u017ce\u0144stwa r\u00f3\u017ca\u0144cowe codziennie o godz. 17.30. W dni powszednie r\u00f3\u017caniec tak\u017ce po mszy \u015bw. porannej z wyj\u0105tkiem wtorku, wtedy r\u00f3\u017caniec o 7.25. R\u00f3\u017caniec dla dzieci we wtorki, \u015brody i czwartki o godz. 16.30. Prosimy o liczniejszy udzia\u0142 dzieci.<\/strong><\/li>\n<li><strong> We wtorek 18 pa\u017adziernika obchodzimy \u015bwi\u0119to \u015bw. \u0141ukasza \u2013 Patrona lekarzy i wszystkich opiekuj\u0105cych si\u0119 chorymi. Z tej okazji zapraszamy wszystkich pracownik\u00f3w s\u0142u\u017cby zdrowia na msz\u0119 \u015bw. w ich intencji. Zostanie ona odprawiona w ko\u015bciele pw. \u015bw. \u0141ukasza na Os. Rusa, 18 pa\u017adziernika o godz. 18.30.<\/strong><\/li>\n<li><strong> W \u015brod\u0119 procesja salety\u0144ska po porannej mszy \u015bw.<\/strong><\/li>\n<li><strong> Msza \u015bw. z modlitw\u0105 o uzdrowienie duszy i cia\u0142a w czwartek o 19:15. Intencje mo\u017cna sk\u0142ada\u0107 do koszyka, kt\u00f3ry b\u0119dzie wystawiony pod ch\u00f3rem.<\/strong><\/li>\n<li><strong>M\u0142odzie\u017c z klas 7 i 8 szko\u0142y podstawowej i ewentualnie szk\u00f3\u0142 \u015brednich, kt\u00f3ra do tej pory nie przyst\u0105pi\u0142a do sakramentu bierzmowania prosimy o zg\u0142aszanie swojej ch\u0119ci rozpocz\u0119cia przygotowa\u0144. Z kaplicy przy zakrystii prosimy zabra\u0107 deklaracj\u0119 zg\u0142oszeniow\u0105 i wype\u0142nion\u0105 przynie\u015b\u0107 w najbli\u017cszym czasie do zakrystii lub Biura.<\/strong><\/li>\n<li><strong> Spotkanie duszpasterstwa m\u0142odzie\u017cy w pi\u0105tek o 19:15 w salce<\/strong><\/li>\n<li><strong> Przysz\u0142\u0105 niedziel\u0119 obchodzi\u0107 b\u0119dziemy jako \u015awiatow\u0105 Niedziel\u0119 Misyjn\u0105 i rozpoczniemy Tydzie\u0144 Misyjny.<\/strong><\/li>\n<li><strong>B\u00f3g zap\u0142a\u0107 z ofiary na utrzymanie naszego ko\u015bcio\u0142a i za sk\u0142adane dzisiaj ofiary na Fundacj\u0119<em> Dzie\u0142o Nowego Tysi\u0105clecia.<\/em> W przysz\u0142\u0105 niedziel\u0119 przed ko\u015bcio\u0142em kwesta na misje.<\/strong><\/li>\n<li><strong> Zach\u0119camy do czytania <em>Przewodnika Katolickiego<\/em>. Jest <em>Go\u015b\u0107 Niedzielny<\/em>, <em>Ziarno<\/em>,<em> Mi\u0142ujcie si\u0119, <\/em>gazetka parafialna, kieszonkowy kalendarzyk Ksi\u0119garni \u015bw. Wojciecha. <\/strong><\/li>\n<\/ol>\n<p><strong>&nbsp;<\/strong><\/p>\n<p><strong>&nbsp;<\/strong><\/p>\n<p><u>&nbsp;<\/u><\/p>\n","protected":false},"excerpt":{"rendered":"<p>OG\u0141OSZENIA DUSZPASTERSKIE &nbsp;&nbsp;&nbsp;&nbsp;&nbsp;&nbsp;&nbsp;&nbsp;&nbsp;&nbsp;&nbsp;&nbsp;&nbsp;&nbsp;&nbsp;&nbsp;&nbsp;&nbsp;&nbsp;&nbsp;&nbsp;&nbsp;&nbsp;&nbsp;&nbsp;&nbsp;&nbsp;&nbsp;&nbsp;&nbsp;&nbsp;&nbsp;&nbsp;&nbsp;&nbsp;&nbsp;&nbsp;&nbsp;&nbsp;&nbsp;&nbsp;&nbsp;&nbsp;&nbsp;&nbsp;&nbsp;&nbsp;&nbsp;&nbsp;&nbsp;&nbsp;&nbsp;&nbsp;&nbsp;&nbsp;&nbsp;&nbsp;&nbsp;&nbsp;&nbsp;&nbsp;&nbsp;&nbsp;&nbsp;&nbsp;&nbsp;&nbsp; NIEDZIELA XXIX ZWYK\u0141A&nbsp; &nbsp;&nbsp;&nbsp;&nbsp;&nbsp;&nbsp;&nbsp;&nbsp;&nbsp;&nbsp;&nbsp;&nbsp;&nbsp;&nbsp;&nbsp;&nbsp;&nbsp;&nbsp;&nbsp;&nbsp;&nbsp;&nbsp;&nbsp;&nbsp;&nbsp;&nbsp;&nbsp;&nbsp;&nbsp;&nbsp;&nbsp;&nbsp;&nbsp;&nbsp;&nbsp;&nbsp;&nbsp;&nbsp;&nbsp;&nbsp;&nbsp;&nbsp;&nbsp;&nbsp;&nbsp;&nbsp;&nbsp;&nbsp;&nbsp;&nbsp;&nbsp;&nbsp;&nbsp;&nbsp;&nbsp;&nbsp;&nbsp;&nbsp;&nbsp;&nbsp;&nbsp;&nbsp;&nbsp;&nbsp;&nbsp;&nbsp;&nbsp;&nbsp;&nbsp;&nbsp;&nbsp;&nbsp; 16 pa\u017adziernika 2022 r. &nbsp;&nbsp;&nbsp;&nbsp;&nbsp;&nbsp;&nbsp;&nbsp;&nbsp;&nbsp;&nbsp;&nbsp;&nbsp;&nbsp;&nbsp;&nbsp;&nbsp;&nbsp;&nbsp;&nbsp;&nbsp;&nbsp;&nbsp;&nbsp;&nbsp;&nbsp;&nbsp;&nbsp;&nbsp;&nbsp;&nbsp;&nbsp;&nbsp;&nbsp;&nbsp;&nbsp;&nbsp;&nbsp;&nbsp;&nbsp;&nbsp;&nbsp;&nbsp;&nbsp;&nbsp; Kalendarz liturgiczny: poniedzia\u0142ek \u2013 \u015bw. Ignacego Antioche\u0144skiego, wtorek &#8211; \u015bw. \u0141ukasza, \u015broda \u2013 \u015bw. Paw\u0142a od Krzy\u017ca, czwartek &#8211; \u015bw. Jana Kantego, sobota \u2013 \u015bw. Jana Paw\u0142a II. W miniony czwartek Ks. Bp Szymon Stu\u0142kowski udzieli\u0142 bierzmowania m\u0142odzie\u017cy naszej Parafii. B\u00f3g zap\u0142a\u0107 m\u0142odzie\u017cy &#8230; <span class=\"more\"><a class=\"more-link\" href=\"https:\/\/www.chnk.pl\/?p=3584\">czytaj wi\u0119cej<\/a><\/span><\/p>\n","protected":false},"author":3,"featured_media":0,"comment_status":"open","ping_status":"open","sticky":false,"template":"","format":"standard","meta":{"ngg_post_thumbnail":0,"footnotes":""},"categories":[1],"tags":[],"_links":{"self":[{"href":"https:\/\/www.chnk.pl\/index.php?rest_route=\/wp\/v2\/posts\/3584"}],"collection":[{"href":"https:\/\/www.chnk.pl\/index.php?rest_route=\/wp\/v2\/posts"}],"about":[{"href":"https:\/\/www.chnk.pl\/index.php?rest_route=\/wp\/v2\/types\/post"}],"author":[{"embeddable":true,"href":"https:\/\/www.chnk.pl\/index.php?rest_route=\/wp\/v2\/users\/3"}],"replies":[{"embeddable":true,"href":"https:\/\/www.chnk.pl\/index.php?rest_route=%2Fwp%2Fv2%2Fcomments&post=3584"}],"version-history":[{"count":1,"href":"https:\/\/www.chnk.pl\/index.php?rest_route=\/wp\/v2\/posts\/3584\/revisions"}],"predecessor-version":[{"id":3585,"href":"https:\/\/www.chnk.pl\/index.php?rest_route=\/wp\/v2\/posts\/3584\/revisions\/3585"}],"wp:attachment":[{"href":"https:\/\/www.chnk.pl\/index.php?rest_route=%2Fwp%2Fv2%2Fmedia&parent=3584"}],"wp:term":[{"taxonomy":"category","embeddable":true,"href":"https:\/\/www.chnk.pl\/index.php?rest_route=%2Fwp%2Fv2%2Fcategories&post=3584"},{"taxonomy":"post_tag","embeddable":true,"href":"https:\/\/www.chnk.pl\/index.php?rest_route=%2Fwp%2Fv2%2Ftags&post=3584"}],"curies":[{"name":"wp","href":"https:\/\/api.w.org\/{rel}","templated":true}]}}