{"id":3580,"date":"2022-10-08T16:44:34","date_gmt":"2022-10-08T16:44:34","guid":{"rendered":"http:\/\/www.chnk.pl\/?p=3580"},"modified":"2022-10-08T16:44:34","modified_gmt":"2022-10-08T16:44:34","slug":"28-niedziela-zwykla-5","status":"publish","type":"post","link":"https:\/\/www.chnk.pl\/?p=3580","title":{"rendered":"28 Niedziela Zwyk\u0142a"},"content":{"rendered":"<p><strong>&nbsp;<\/strong><\/p>\n<p><strong>OG\u0141OSZENIA DUSZPASTERSKIE<\/strong><\/p>\n<p><strong>NIEDZIELA&nbsp; XXVIII ZWYK\u0141A<\/strong><\/p>\n<p><strong>9 pa\u017adziernika 2022 r.<\/strong><\/p>\n<ol>\n<li><strong> W \u015brod\u0119, 12 pa\u017adziernika br., w Rocznic\u0119 Po\u015bwi\u0119cenia Katedry Pozna\u0144skiej odb\u0119d\u0105 si\u0119 w&nbsp;Bazylice Archikatedralnej dwa uroczyste nabo\u017ce\u0144stwa, kt\u00f3rym w tym roku w spos\u00f3b szczeg\u00f3lny b\u0119dzie towarzyszy\u0142a intencja o b\u0142ogos\u0142awione owoce dla Ko\u015bcio\u0142a w Polsce podj\u0119tej w archidiecezji drogi synodalnej: O<\/strong><strong> godz. 11<sup>30<\/sup>, z okazji \u015awiatowego Dnia Seniora Msza&nbsp;\u015bw., kt\u00f3rej przewodniczy\u0107 b\u0119dzie Ksi\u0105dz Biskup Grzegorz Balcerek, na kt\u00f3r\u0105 zapraszamy szczeg\u00f3lnie wszystkich senior\u00f3w, emeryt\u00f3w i starszych wiekiem. Przed Msz\u0105&nbsp;\u015bw. o godz. 11<sup>00<\/sup> kr\u00f3tki koncert religijny. O godz. 18<sup>00<\/sup> uroczyste Nieszpory, na kt\u00f3re zapraszamy wiernych m.&nbsp;Poznania. Modlitwie przewodniczy\u0107 b\u0119dzie Ks. Biskup Grzegorz Balcerek.<\/strong><\/li>\n<li><strong> W czwartek o 16:30 bp Szymon Stu\u0142kowski udzieli sakramentu bierzmowania 30 m\u0142odzie\u017cy z naszej parafii. Obowi\u0105zkowe spotkania dla kandydat\u00f3w: w poniedzia\u0142ek i wtorek o 19:30 \u2013 pr\u00f3by liturgiczne, a w \u015brod\u0119 o 19:30 \u2013 nabo\u017ce\u0144stwo i okazja do spowiedzi z udzia\u0142em zaproszonych ksi\u0119\u017cy dla kandydat\u00f3w, rodzic\u00f3w i \u015bwiadk\u00f3w. W zwi\u0105zku z bierzmowaniem nie b\u0119dzie w czwartek nabo\u017ce\u0144stwa r\u00f3\u017ca\u0144cowego dla dzieci.<\/strong><\/li>\n<li><strong> Zapraszamy m\u0142odzie\u017c na wyj\u015bcie do kina na film \u201eJohny\u201d o ks. Janie Kaczkowskim. Zbi\u00f3rka w pi\u0105tek o 19:15 w salce.<\/strong><\/li>\n<li><strong> Zbi\u00f3rka dla ministrant\u00f3w i kandydat\u00f3w w sobot\u0119 o godz. 10:00.<\/strong><\/li>\n<li><strong>Nabo\u017ce\u0144stwa r\u00f3\u017ca\u0144cowe codziennie o godz. 17.30 i r\u00f3\u017caniec, w dni powszednie, po mszy \u015bw. porannej z wyj\u0105tkiem wtorku, wtedy r\u00f3\u017caniec o 7.25. W tym tygodniu r\u00f3\u017caniec dla dzieci we wtorek \u015brod\u0119 o godz. 16.30. Prosimy o liczniejszy udzia\u0142 dzieci przygotowuj\u0105cych si\u0119 do I komunii \u015bw.<\/strong><\/li>\n<li><strong> W dni powszednie przyjmujemy rezerwacje intencji mszalnych na 2023 r.<\/strong><\/li>\n<li><strong> W przysz\u0142\u0105 niedziel\u0119 w naszej parafii Dzie\u0144 Papieski. Przed ko\u015bcio\u0142em mo\u017cliwo\u015b\u0107 z\u0142o\u017cenia ofiary na fundusz stypendialny dla niezamo\u017cnej m\u0142odzie\u017cy &#8211; \u017cywy pomnik wdzi\u0119czno\u015bci za \u017cycie i pontyfikat \u015bw. Jana Paw\u0142a II.<\/strong><\/li>\n<li><strong> W niedziel\u0119, 16 pa\u017adziernika, przypada Dzie\u0144 Dziecka Utraconego. Na mszy \u015bw. o godz. 11.15 ogarniemy modlitw\u0105 rodzic\u00f3w i rodziny, kt\u00f3re przedwcze\u015bnie po\u017cegna\u0142y cz\u0142onka swojej rodziny. B\u0119dziemy modli\u0107 si\u0119 tak\u017ce o dzietno\u015b\u0107 rodzin. Zapraszamy do modlitwy w tej intencji.<\/strong><\/li>\n<li><strong> Zach\u0119camy do czytania prasy katolickiej. Przy zakrystii <em>Przewodnik Katolicki,<\/em><\/strong><strong> <em>Go\u015b\u0107 Niedzielny<\/em>, <em>Ma\u0142y Przewodnik Katolicki <\/em>i gazetka parafia.<\/strong><\/li>\n<li><strong> M\u00f3dlmy si\u0119 za zmar\u0142ych parafian. Za dusz\u0119 \u015bp. Andrzeja Rycherda, os. Lecha 39, dusz\u0119 \u015bp. Ireny K\u0105kolewskiej, os. Lecha 39 i dusz\u0119 \u015bp. Stefana Ma\u0107kowiaka, os. Lecha 42. Wieczny odpoczynek racz zmar\u0142ym da\u0107 Panie<\/strong><\/li>\n<\/ol>\n<p>&nbsp;<\/p>\n","protected":false},"excerpt":{"rendered":"<p>&nbsp; OG\u0141OSZENIA DUSZPASTERSKIE NIEDZIELA&nbsp; XXVIII ZWYK\u0141A 9 pa\u017adziernika 2022 r. W \u015brod\u0119, 12 pa\u017adziernika br., w Rocznic\u0119 Po\u015bwi\u0119cenia Katedry Pozna\u0144skiej odb\u0119d\u0105 si\u0119 w&nbsp;Bazylice Archikatedralnej dwa uroczyste nabo\u017ce\u0144stwa, kt\u00f3rym w tym roku w spos\u00f3b szczeg\u00f3lny b\u0119dzie towarzyszy\u0142a intencja o b\u0142ogos\u0142awione owoce dla Ko\u015bcio\u0142a w Polsce podj\u0119tej w archidiecezji drogi synodalnej: O godz. 1130, z okazji \u015awiatowego &#8230; <span class=\"more\"><a class=\"more-link\" href=\"https:\/\/www.chnk.pl\/?p=3580\">czytaj wi\u0119cej<\/a><\/span><\/p>\n","protected":false},"author":3,"featured_media":0,"comment_status":"open","ping_status":"open","sticky":false,"template":"","format":"standard","meta":{"ngg_post_thumbnail":0,"footnotes":""},"categories":[1],"tags":[],"_links":{"self":[{"href":"https:\/\/www.chnk.pl\/index.php?rest_route=\/wp\/v2\/posts\/3580"}],"collection":[{"href":"https:\/\/www.chnk.pl\/index.php?rest_route=\/wp\/v2\/posts"}],"about":[{"href":"https:\/\/www.chnk.pl\/index.php?rest_route=\/wp\/v2\/types\/post"}],"author":[{"embeddable":true,"href":"https:\/\/www.chnk.pl\/index.php?rest_route=\/wp\/v2\/users\/3"}],"replies":[{"embeddable":true,"href":"https:\/\/www.chnk.pl\/index.php?rest_route=%2Fwp%2Fv2%2Fcomments&post=3580"}],"version-history":[{"count":1,"href":"https:\/\/www.chnk.pl\/index.php?rest_route=\/wp\/v2\/posts\/3580\/revisions"}],"predecessor-version":[{"id":3581,"href":"https:\/\/www.chnk.pl\/index.php?rest_route=\/wp\/v2\/posts\/3580\/revisions\/3581"}],"wp:attachment":[{"href":"https:\/\/www.chnk.pl\/index.php?rest_route=%2Fwp%2Fv2%2Fmedia&parent=3580"}],"wp:term":[{"taxonomy":"category","embeddable":true,"href":"https:\/\/www.chnk.pl\/index.php?rest_route=%2Fwp%2Fv2%2Fcategories&post=3580"},{"taxonomy":"post_tag","embeddable":true,"href":"https:\/\/www.chnk.pl\/index.php?rest_route=%2Fwp%2Fv2%2Ftags&post=3580"}],"curies":[{"name":"wp","href":"https:\/\/api.w.org\/{rel}","templated":true}]}}