{"id":3576,"date":"2022-10-01T19:49:54","date_gmt":"2022-10-01T19:49:54","guid":{"rendered":"http:\/\/www.chnk.pl\/?p=3576"},"modified":"2022-10-01T19:49:54","modified_gmt":"2022-10-01T19:49:54","slug":"27-niedziela-zwykla-5","status":"publish","type":"post","link":"https:\/\/www.chnk.pl\/?p=3576","title":{"rendered":"27 Niedziela Zwyk\u0142a"},"content":{"rendered":"<p><strong>OG\u0141OSZENIA DUSZPASTERSKIE<\/strong><\/p>\n<p><strong>NIEDZIELA XXVII ZWYK\u0141A<\/strong><\/p>\n<p><strong>2 pa\u017adziernika 2022 r.<\/strong><\/p>\n<ol>\n<li><strong> Kalendarz liturgiczny: wtorek \u2013 \u015bw. Franciszka z Asy\u017cu, \u015broda \u2013 \u015bw. Faustyny Kowalskiej, czwartek \u2013 \u015bw. Brunona, pi\u0105tek &#8211; Matki Bo\u017cej R\u00f3\u017ca\u0144cowej.<\/strong><\/li>\n<li><strong> Nabo\u017ce\u0144stwa r\u00f3\u017ca\u0144cowe codziennie o godz. 17.30. Dla niemog\u0105cych bra\u0107 udzia\u0142u w nabo\u017ce\u0144stwie, w dni powszednie (opr\u00f3cz wtorku), r\u00f3\u017caniec po mszy \u015bw. porannej. Dla dzieci nabo\u017ce\u0144stwo r\u00f3\u017ca\u0144cowe: we wtorki, \u015brody i czwartki o godz. 16.30. &nbsp;&nbsp;&nbsp;&nbsp;&nbsp;&nbsp;&nbsp;&nbsp;&nbsp;&nbsp;&nbsp;&nbsp;&nbsp;&nbsp;&nbsp;W najbli\u017cszy wtorek, r\u00f3\u017caniec dla dzieci przy figurze Matki Bo\u017cej, ze zwierz\u0119tami.&nbsp; Prosimy rodzic\u00f3w, aby do\u0142o\u017cyli stara\u0144, by dzieci uczestniczy\u0142y w nabo\u017ce\u0144stwach&nbsp; r\u00f3\u017ca\u0144cowym.<\/strong><\/li>\n<li><strong> Zapraszamy na msze \u015bw. w intencji wsp\u00f3lnot r\u00f3\u017ca\u0144cowych: we wtorek o godz. 7.30 msza \u015bw. Apostolstwa Dobrej \u015amierci, a w pi\u0105tek, 7 pa\u017adziernika o godz. 18.00 msza \u015bw. \u017bywego R\u00f3\u017ca\u0144ca.<\/strong><\/li>\n<li><strong> M\u0142odzie\u017c z klas 7 i 8 szko\u0142y podstawowej i ewentualnie licealnej, kt\u00f3ra do tej pory nie przyst\u0105pi\u0142a do sakramentu bierzmowania prosimy o zg\u0142aszanie swojej ch\u0119ci rozpocz\u0119cia przygotowa\u0144. Z kaplicy przy zakrystii prosimy zabra\u0107 deklaracj\u0119 zg\u0142oszeniow\u0105 i wype\u0142nion\u0105 przynie\u015b\u0107 w najbli\u017cszym czasie do zakrystii lub Biura.<\/strong><\/li>\n<li><strong> Spotkanie dla pielgrzym\u00f3w udaj\u0105cych si\u0119 do Ziemi \u015awi\u0119tej w terminie 9-16 listopada zapraszamy na spotkanie przedpielgrzymkowe w \u015brod\u0119 o godz. 19:15 do salki.<\/strong><\/li>\n<li><strong> Spotkanie wsp\u00f3lnoty r\u00f3\u017ca\u0144cowej w \u015brod\u0119 po mszy \u015bw. wieczornej.<\/strong><\/li>\n<li><strong> Kr\u0105g Biblijny w \u015brod\u0119 po mszy \u015bw. wieczornej w salce parafialnej.<\/strong><\/li>\n<li><strong> Spotkanie duszpasterstwa m\u0142odzie\u017cy w pi\u0105tek o 19:15 w salce. <\/strong><\/li>\n<li><strong> W tym tygodniu : I czwartek i I pi\u0105tek miesi\u0105ca. W czwartek adoracja Naj\u015bwi\u0119tszego Sakramentu od godz. 8.00 do 10.30 i od 17.00 do 18.00 w intencji poszanowania \u017cycia ludzkiego. Po mszy \u015bw. wieczornej adoracja do godz. 21.00 w intencji nowych powo\u0142a\u0144 kap\u0142a\u0144skich i zakonnych. Spowied\u017a i Komunia \u015bw. dla klas: 4, 5, 6 w pi\u0105tek od godz. 15.00 i komunia \u015bw. o godz. 16.30. Od godziny 17.00 do 18.00 spowied\u017a \u015bw. dla klas 7, 8 i starszej m\u0142odzie\u017cy.&nbsp; Odwiedziny chorych w pi\u0105tek wed\u0142ug sta\u0142ego planu.<\/strong><\/li>\n<li><strong> Spowied\u017a w pa\u017adzierniku: w poniedzia\u0142ki i wtorki p\u00f3\u0142 godziny przed rann\u0105 msz\u0105 \u015bw.; od \u015brody do pi\u0105tku p\u00f3\u0142 godziny przed rann\u0105 i wieczorn\u0105 msz\u0105 \u015bw.; w soboty p\u00f3\u0142 godziny przed rann\u0105 msz\u0105 \u015bw. oraz 16:00-18:00; w niedziele przed mszami \u015bw. z wyj\u0105tkiem wieczornej.<\/strong><\/li>\n<li><strong> B\u00f3g zap\u0142a\u0107 za owoce tegorocznego lata ( zostan\u0105 przekazane SS. Albertynkom do jad\u0142odajni Caritas) i B\u00f3g zap\u0142a\u0107 za ofiary z \u017c\u00f3\u0142tych kartek na utrzymanie ko\u015bcio\u0142a.<\/strong><\/li>\n<li><strong> W przysz\u0142\u0105 niedziel\u0119 mo\u017cliwo\u015b\u0107 wsparcia ofiar\u0105 rehabilitacji Kamila, dziecka niepe\u0142nosprawnego.<\/strong><\/li>\n<li><strong> Zach\u0119camy do czytania prasy katolickiej. <\/strong><\/li>\n<li><strong> M\u00f3dlmy si\u0119 do Anio\u0142a Str\u00f3\u017ca.<\/strong><\/li>\n<\/ol>\n<ul>\n<li><strong>Aniele Bo\u017cy, Str\u00f3\u017cu m\u00f3j,<\/strong><\/li>\n<li><strong>Ty zawsze przy mnie st\u00f3j.<\/strong><\/li>\n<li><strong>Rano, wiecz\u00f3r, we dnie, w nocy,<\/strong><\/li>\n<li><strong>b\u0105d\u017a mi zawsze ku pomocy.<\/strong><\/li>\n<li><strong>Bro\u0144 mnie od wszelkiego z\u0142ego<\/strong><\/li>\n<li><strong>i doprowad\u017a do \u017cywota wiecznego. Amen.<\/strong><\/li>\n<li>&nbsp;<\/li>\n<\/ul>\n<p>&nbsp;&nbsp;<\/p>\n<p>&nbsp;<\/p>\n<p>&nbsp;<\/p>\n<p>&nbsp;&nbsp;&nbsp;&nbsp;&nbsp;&nbsp;<\/p>\n<p>&nbsp;<\/p>\n<p>&nbsp;<\/p>\n<p>&nbsp;<\/p>\n<ul>\n<li><strong>&nbsp;Spowied\u017a w pa\u017adzierniku:<\/strong><\/li>\n<li><strong>w poniedzia\u0142ki i wtorki<\/strong> p\u00f3\u0142 godziny przed rann\u0105 msz\u0105 \u015bw.;<\/li>\n<li><strong>od \u015brody do pi\u0105tku<\/strong> p\u00f3\u0142 godziny przed rann\u0105 i wieczorn\u0105 msz\u0105 \u015bw.;<\/li>\n<li><strong>w soboty<\/strong> p\u00f3\u0142 godziny przed rann\u0105 msz\u0105 \u015bw. oraz 16:00-18:00;<\/li>\n<li><strong>w niedziele<\/strong> przed mszami \u015bw. z wyj\u0105tkiem wieczornej.<\/li>\n<\/ul>\n<p>&nbsp;<\/p>\n<p>&nbsp;<\/p>\n<p>&nbsp;<\/p>\n<p>&nbsp;<\/p>\n<p>&nbsp;<\/p>\n<p>&nbsp;<\/p>\n<p>&nbsp;<\/p>\n<p>&nbsp;<\/p>\n<p>&nbsp;<\/p>\n<p>&nbsp;<\/p>\n<p>&nbsp;<\/p>\n<p>&nbsp;<\/p>\n<p>&nbsp;<\/p>\n<p>&nbsp;<\/p>\n<p>&nbsp;<\/p>\n<p>&nbsp;<\/p>\n<p>&nbsp;<\/p>\n<p>&nbsp;<\/p>\n<p>&nbsp;<\/p>\n<p>&nbsp;<\/p>\n<p>&nbsp;<\/p>\n<p>&nbsp;<\/p>\n<p>&nbsp;<\/p>\n<p>&nbsp;<\/p>\n<p>&nbsp;<\/p>\n<p>&nbsp;<\/p>\n<p>&nbsp;<\/p>\n<p>&nbsp;<\/p>\n<p>&nbsp;<\/p>\n<p>&nbsp;<\/p>\n<p>&nbsp;<\/p>\n<p>&nbsp;<\/p>\n<p>&nbsp;<\/p>\n<p>&nbsp;<\/p>\n<p>&nbsp;<\/p>\n<p>&nbsp;<\/p>\n","protected":false},"excerpt":{"rendered":"<p>OG\u0141OSZENIA DUSZPASTERSKIE NIEDZIELA XXVII ZWYK\u0141A 2 pa\u017adziernika 2022 r. Kalendarz liturgiczny: wtorek \u2013 \u015bw. Franciszka z Asy\u017cu, \u015broda \u2013 \u015bw. Faustyny Kowalskiej, czwartek \u2013 \u015bw. Brunona, pi\u0105tek &#8211; Matki Bo\u017cej R\u00f3\u017ca\u0144cowej. Nabo\u017ce\u0144stwa r\u00f3\u017ca\u0144cowe codziennie o godz. 17.30. Dla niemog\u0105cych bra\u0107 udzia\u0142u w nabo\u017ce\u0144stwie, w dni powszednie (opr\u00f3cz wtorku), r\u00f3\u017caniec po mszy \u015bw. porannej. Dla dzieci &#8230; <span class=\"more\"><a class=\"more-link\" href=\"https:\/\/www.chnk.pl\/?p=3576\">czytaj wi\u0119cej<\/a><\/span><\/p>\n","protected":false},"author":3,"featured_media":0,"comment_status":"open","ping_status":"open","sticky":false,"template":"","format":"standard","meta":{"ngg_post_thumbnail":0,"footnotes":""},"categories":[1],"tags":[],"_links":{"self":[{"href":"https:\/\/www.chnk.pl\/index.php?rest_route=\/wp\/v2\/posts\/3576"}],"collection":[{"href":"https:\/\/www.chnk.pl\/index.php?rest_route=\/wp\/v2\/posts"}],"about":[{"href":"https:\/\/www.chnk.pl\/index.php?rest_route=\/wp\/v2\/types\/post"}],"author":[{"embeddable":true,"href":"https:\/\/www.chnk.pl\/index.php?rest_route=\/wp\/v2\/users\/3"}],"replies":[{"embeddable":true,"href":"https:\/\/www.chnk.pl\/index.php?rest_route=%2Fwp%2Fv2%2Fcomments&post=3576"}],"version-history":[{"count":1,"href":"https:\/\/www.chnk.pl\/index.php?rest_route=\/wp\/v2\/posts\/3576\/revisions"}],"predecessor-version":[{"id":3577,"href":"https:\/\/www.chnk.pl\/index.php?rest_route=\/wp\/v2\/posts\/3576\/revisions\/3577"}],"wp:attachment":[{"href":"https:\/\/www.chnk.pl\/index.php?rest_route=%2Fwp%2Fv2%2Fmedia&parent=3576"}],"wp:term":[{"taxonomy":"category","embeddable":true,"href":"https:\/\/www.chnk.pl\/index.php?rest_route=%2Fwp%2Fv2%2Fcategories&post=3576"},{"taxonomy":"post_tag","embeddable":true,"href":"https:\/\/www.chnk.pl\/index.php?rest_route=%2Fwp%2Fv2%2Ftags&post=3576"}],"curies":[{"name":"wp","href":"https:\/\/api.w.org\/{rel}","templated":true}]}}