{"id":3572,"date":"2022-09-24T15:43:51","date_gmt":"2022-09-24T15:43:51","guid":{"rendered":"http:\/\/www.chnk.pl\/?p=3572"},"modified":"2022-09-24T15:43:51","modified_gmt":"2022-09-24T15:43:51","slug":"26-niedziela-zwykla-3","status":"publish","type":"post","link":"https:\/\/www.chnk.pl\/?p=3572","title":{"rendered":"26 Niedziela Zwyk\u0142a"},"content":{"rendered":"<p><strong>OG\u0141OSZENIA DUSZPASTERSKIE<\/strong><\/p>\n<p><strong>NIEDZIELA XXVI ZWYK\u0141A<\/strong><\/p>\n<p><strong>25 wrze\u015bnia 2022 r.<\/strong><\/p>\n<ol>\n<li><strong> Kalendarz liturgiczny: wtorek \u2013 \u015bw. Wincentego a`Paulo, \u015broda &#8211; \u015bw. Wac\u0142awa,<\/strong><strong>czwartek \u2013 \u015bw. Archanio\u0142\u00f3w Micha\u0142a, Gabriela i Rafa\u0142a, pi\u0105tek &#8211; Hieronima, sobota \u2013 \u015bw. Teresy od Dzieci\u0105tka Jezus.<\/strong><\/li>\n<\/ol>\n<ol start=\"2\">\n<li><strong> Pa\u017adziernik jest miesi\u0105cem R\u00f3\u017ca\u0144ca \u015bw. Nabo\u017ce\u0144stwo R\u00f3\u017ca\u0144cowe od soboty o godz. 17.30. Dla dzieci od przysz\u0142ego tygodnia we wtorki, \u015brody i czwartki o godz. 16.30. W ci\u0105gu ca\u0142ego roku mo\u017cna dost\u0105pi\u0107 odpustu zupe\u0142nego za zm\u00f3wienie R\u00f3\u017ca\u0144ca. Trzeba dan\u0105 cz\u0119\u015b\u0107 zm\u00f3wi\u0107 bez przerwy, z modlitw\u0105 z\u0142\u0105czy\u0107 rozwa\u017canie tajemnic, odm\u00f3wi\u0107 r\u00f3\u017caniec w ko\u015bciele albo w rodzinie.<\/strong><\/li>\n<li><strong> M\u0142odzie\u017c przygotowuj\u0105c\u0105 si\u0119 do bierzmowania z grupy zielonej i \u017c\u00f3\u0142tej zapraszamy na spotkanie w czwartek 29 wrze\u015bnia na 19:00 do salki. Z kolei spotkania przygotowuj\u0105ce do bierzmowania dla kolejnej grupy m\u0142odzie\u017cy rozpoczn\u0105 si\u0119 po 13 pa\u017adziernika. Dotyczy to m\u0142odzie\u017cy z klas 7 i 8 szko\u0142y podstawowej i ewentualnie licealnej, kt\u00f3ra do tej pory nie przyst\u0105pi\u0142a do bierzmowania. Z kaplicy przy zakrystii prosimy zabra\u0107 deklaracj\u0119 zg\u0142oszeniow\u0105 i wype\u0142nion\u0105 przynie\u015b\u0107 w najbli\u017cszym czasie do zakrystii lub biura parafialnego.<\/strong><\/li>\n<li><strong> Spotkanie duszpasterstwa m\u0142odzie\u017cy w pi\u0105tek o 19:15 w salce.<\/strong><\/li>\n<li><strong> Odwiedziny chorych z sakramentami (ks. wikariusz) w sobot\u0119 1 pa\u017adziernika od 9:00.<\/strong><\/li>\n<li><strong> Spotkanie wsp\u00f3lnoty rodzin w sobot\u0119 o 19:15 \u2013 na pocz\u0105tku konferencja o trzech okresach \u017cycia duchowego, potem Adoracja w ciszy, nast\u0119pnie dzielenie i spotkanie przy stole w salce. Zapraszamy osoby w ka\u017cdym wieku i ka\u017cdym stanie \u017cycia.<\/strong><\/li>\n<li><strong> W przysz\u0142\u0105 niedziel\u0119 po mszy \u015bw. o 11:15 zapraszamy rodziny na spotkanie przy ciastku, dla dzieci b\u0119d\u0105 przygotowane zabawy. Osoby chc\u0105ce w\u0142\u0105czy\u0107 si\u0119 w przygotowanie wypiek\u00f3w prosimy o kontakt w zakrystii.<\/strong><\/li>\n<li><strong> Spotkanie dla dzieci pierwszokomunijnych, przed po\u015bwi\u0119ceniem r\u00f3\u017ca\u0144ca w czwartek, 29 wrze\u015bnia o godz.: 15.45 klasy a,b oraz o 16.45 klasy c,d i inne szko\u0142y. Spotkanie w salce parafialnej. W tym samym czasie spotkanie dla rodzic\u00f3w w drugiej salce. Po\u015bwi\u0119cenie r\u00f3\u017ca\u0144ca w niedziel\u0119, 2 pa\u017adziernika, na mszy \u015bw. o godz. 11.15.<\/strong><\/li>\n<li><strong> W tym tygodniu : I sobota miesi\u0105ca. Nabo\u017ce\u0144stwo do Niepokalanego Serca Matki Bo\u017cej o godz. 7.15. <\/strong><\/li>\n<li><strong> W przysz\u0142\u0105 niedziel\u0119, 2 pa\u017adziernika, b\u0119dziemy dzi\u0119kowa\u0107 Panu Bogu za tegoroczne urodzaje. Mo\u017cna ofiarowa\u0107 w czasie mszy \u015bw. warzywa i owoce z w\u0142asnych upraw lub zakupione, kt\u00f3re zostan\u0105 przekazane do jad\u0142odajni, SS. Albertynek. W ten spos\u00f3b wyra\u017camy wdzi\u0119czno\u015b\u0107 Panu Bogu za urodzaje i okazujemy mi\u0142osierdzie b\u0119d\u0105cym w potrzebie.<\/strong><\/li>\n<li><strong> Prosimy o pomoc w sprz\u0105taniu ko\u015bcio\u0142a w soboty o godz. 9.00. Parafian ch\u0119tnych do pomocy prosimy, aby zadeklarowali pomoc, po mszy \u015bw., przy stoliku z pras\u0105. Chodzi o podtrzymanie i uzupe\u0142nienie czterech zespo\u0142\u00f3w, dy\u017curuj\u0105cych raz w miesi\u0105cu.<\/strong><\/li>\n<li><strong> W przysz\u0142\u0105 niedziel\u0119 zbi\u00f3rka do puszek na KUL i Wydzia\u0142 Teologiczny.<\/strong><\/li>\n<li><strong> Zach\u0119camy do czytania Przewodnika Katolickiego (z modlitewnikiem na pa\u017adziernik). Jest Go\u015b\u0107 Niedzielny, Ma\u0142y Przewodnik Katolicki, Ziarno, gazetka parafialna.<\/strong><\/li>\n<li><strong> M\u00f3dlmy si\u0119 o pok\u00f3j na Ukrainie i w \u015bwiecie. \u015awi\u0119ty Bo\u017ce, \u015awi\u0119ty Mocny, \u015awi\u0119ty nie\u015bmiertelny. Zmi\u0142uj si\u0119 nad nami.<\/strong><\/li>\n<\/ol>\n<p><strong>&nbsp;<\/strong><\/p>\n<p><em>&nbsp;<\/em><\/p>\n<p>&nbsp;<\/p>\n<p>&nbsp;<\/p>\n<p>&nbsp;<\/p>\n<p>&nbsp;<\/p>\n<p>&nbsp;<\/p>\n<p>&nbsp;<\/p>\n<p>&nbsp;<\/p>\n<p>&nbsp;<\/p>\n<p>&nbsp;<\/p>\n<p>&nbsp;<\/p>\n<p>&nbsp;<\/p>\n<p>&nbsp;<\/p>\n<p>&nbsp;<\/p>\n<p>&nbsp;<\/p>\n<p>&nbsp;<\/p>\n","protected":false},"excerpt":{"rendered":"<p>OG\u0141OSZENIA DUSZPASTERSKIE NIEDZIELA XXVI ZWYK\u0141A 25 wrze\u015bnia 2022 r. Kalendarz liturgiczny: wtorek \u2013 \u015bw. Wincentego a`Paulo, \u015broda &#8211; \u015bw. Wac\u0142awa,czwartek \u2013 \u015bw. Archanio\u0142\u00f3w Micha\u0142a, Gabriela i Rafa\u0142a, pi\u0105tek &#8211; Hieronima, sobota \u2013 \u015bw. Teresy od Dzieci\u0105tka Jezus. Pa\u017adziernik jest miesi\u0105cem R\u00f3\u017ca\u0144ca \u015bw. Nabo\u017ce\u0144stwo R\u00f3\u017ca\u0144cowe od soboty o godz. 17.30. Dla dzieci od przysz\u0142ego tygodnia we &#8230; <span class=\"more\"><a class=\"more-link\" href=\"https:\/\/www.chnk.pl\/?p=3572\">czytaj wi\u0119cej<\/a><\/span><\/p>\n","protected":false},"author":3,"featured_media":0,"comment_status":"open","ping_status":"open","sticky":false,"template":"","format":"standard","meta":{"ngg_post_thumbnail":0,"footnotes":""},"categories":[1],"tags":[],"_links":{"self":[{"href":"https:\/\/www.chnk.pl\/index.php?rest_route=\/wp\/v2\/posts\/3572"}],"collection":[{"href":"https:\/\/www.chnk.pl\/index.php?rest_route=\/wp\/v2\/posts"}],"about":[{"href":"https:\/\/www.chnk.pl\/index.php?rest_route=\/wp\/v2\/types\/post"}],"author":[{"embeddable":true,"href":"https:\/\/www.chnk.pl\/index.php?rest_route=\/wp\/v2\/users\/3"}],"replies":[{"embeddable":true,"href":"https:\/\/www.chnk.pl\/index.php?rest_route=%2Fwp%2Fv2%2Fcomments&post=3572"}],"version-history":[{"count":1,"href":"https:\/\/www.chnk.pl\/index.php?rest_route=\/wp\/v2\/posts\/3572\/revisions"}],"predecessor-version":[{"id":3575,"href":"https:\/\/www.chnk.pl\/index.php?rest_route=\/wp\/v2\/posts\/3572\/revisions\/3575"}],"wp:attachment":[{"href":"https:\/\/www.chnk.pl\/index.php?rest_route=%2Fwp%2Fv2%2Fmedia&parent=3572"}],"wp:term":[{"taxonomy":"category","embeddable":true,"href":"https:\/\/www.chnk.pl\/index.php?rest_route=%2Fwp%2Fv2%2Fcategories&post=3572"},{"taxonomy":"post_tag","embeddable":true,"href":"https:\/\/www.chnk.pl\/index.php?rest_route=%2Fwp%2Fv2%2Ftags&post=3572"}],"curies":[{"name":"wp","href":"https:\/\/api.w.org\/{rel}","templated":true}]}}