{"id":3569,"date":"2022-09-17T15:34:30","date_gmt":"2022-09-17T15:34:30","guid":{"rendered":"http:\/\/www.chnk.pl\/?p=3569"},"modified":"2022-09-17T15:34:30","modified_gmt":"2022-09-17T15:34:30","slug":"25-niedziela-zwykla-6","status":"publish","type":"post","link":"https:\/\/www.chnk.pl\/?p=3569","title":{"rendered":"25 Niedziela Zwyk\u0142a"},"content":{"rendered":"<p><strong>OG\u0141OSZENIA DUSZPASTERSKIE<\/strong><\/p>\n<p><strong>NIEDZIELA XXV ZWYK\u0141A<\/strong><\/p>\n<p><strong>18 wrze\u015bnia 2022 r.&nbsp; &nbsp; &nbsp; &nbsp; &nbsp; &nbsp; &nbsp; &nbsp; &nbsp; &nbsp; &nbsp; &nbsp; &nbsp; &nbsp; &nbsp; &nbsp; &nbsp; &nbsp; &nbsp; &nbsp; &nbsp; &nbsp; &nbsp; &nbsp; &nbsp; &nbsp; &nbsp; &nbsp; &nbsp; &nbsp; &nbsp; &nbsp; &nbsp; &nbsp; &nbsp; &nbsp; &nbsp; &nbsp; &nbsp; &nbsp; &nbsp; &nbsp; &nbsp; &nbsp; &nbsp; &nbsp; &nbsp; &nbsp; &nbsp; &nbsp; &nbsp; &nbsp; &nbsp; &nbsp; &nbsp; &nbsp; &nbsp; &nbsp; &nbsp; &nbsp; &nbsp; &nbsp; &nbsp; &nbsp; &nbsp; &nbsp; &nbsp; &nbsp; &nbsp; &nbsp; &nbsp; &nbsp; &nbsp; &nbsp; &nbsp; &nbsp; &nbsp; &nbsp; &nbsp; &nbsp; &nbsp; &nbsp; &nbsp; &nbsp; &nbsp; &nbsp; &nbsp; &nbsp; &nbsp; &nbsp; &nbsp; &nbsp; &nbsp; &nbsp; &nbsp; &nbsp; &nbsp; &nbsp; &nbsp; &nbsp; &nbsp; &nbsp; &nbsp; &nbsp; &nbsp; &nbsp; &nbsp; &nbsp; &nbsp; &nbsp; &nbsp; &nbsp; &nbsp; &nbsp; &nbsp; &nbsp; &nbsp; &nbsp; &nbsp; &nbsp; &nbsp;<\/strong><\/p>\n<ol>\n<li style=\"text-align: left;\"><strong> Dzisiaj, w \u015bwi\u0119to \u015bw. Stanis\u0142awa Kostki, Ksi\u0105dz Arcybiskup Stanis\u0142aw G\u0105decki \u015bwi\u0119tuje Imieniny. Czcigodny Solenizant b\u0119dzie przewodniczy\u0142 mszy \u015bw. w poniedzia\u0142ek, w Katedrze o godz. 10.00. Do udzia\u0142u zapraszamy Parafian. Dzie\u0144 Imienin naszego Arcypasterza niech b\u0119dzie te\u017c naznaczony modlitw\u0105 w Jego intencjach, a zw\u0142aszcza o \u0142aski niezb\u0119dne w prowadzeniu Ko\u015bcio\u0142a w Polsce i naszej archidiecezji.<\/strong><\/li>\n<li><strong> W poniedzia\u0142ek, 19 wrze\u015bnia, przypada si\u00f3dma rocznica po\u015bwi\u0119cenia naszego ko\u015bcio\u0142a i odpust ku czci Matki Bo\u017cej Salety\u0144skiej. R\u00f3\u017caniec salety\u0144ski o godz. 18.15, msza \u015bw. o godz. 19.00 i procesja. B\u0119dziemy dzi\u0119kowa\u0107 Panu Bogu za nasz\u0105 \u015bwi\u0105tyni\u0119, modli\u0107 si\u0119 za jej fundator\u00f3w \u017cyj\u0105cych i zmar\u0142ych. Przewodniczy ks. Wojciech Wasiak z \u017begrza.<\/strong><\/li>\n<li><strong> We wtorek na godz. 19:30 zapraszamy na spotkanie do ko\u015bcio\u0142a rodzic\u00f3w m\u0142odzie\u017cy, kt\u00f3ra przyst\u0105pi do bierzmowania 13 pa\u017adziernika. M\u0142odzie\u017c z kolei zapraszamy na spotkanie do salki na godz. 19:00: 22 wrze\u015bnia (grupa fioletowa i pomara\u0144czowa) oraz 29 wrze\u015bnia (grupa zielona i \u017c\u00f3\u0142ta). Spotkania przygotowuj\u0105ce do bierzmowania dla kolejnej grupy m\u0142odzie\u017cy rozpoczn\u0105 si\u0119 po 13 pa\u017adziernika.<\/strong><\/li>\n<li><strong> Spotkanie duszpasterstwa m\u0142odzie\u017cy w pi\u0105tek. Zbi\u00f3rka o 19:15 w salce i wyj\u015bcie do Kinepolis.<\/strong><\/li>\n<li><strong> W przysz\u0142\u0105 niedziel\u0119 go\u015bci\u0107 b\u0119dziemy Misjonarzy Oblat\u00f3w Maryi Niepokalanej, kt\u00f3rzy b\u0119d\u0105 rozprowadzali kalendarze misyjne na 2022 r. Ofiary z\u0142o\u017cone przy okazji ich nabywania przeznaczone s\u0105 na misje Oblat\u00f3w. B\u0119dzie te\u017c mo\u017cliwo\u015b\u0107 wsparcia na rehabilitacji dziecka niepe\u0142nosprawnego.<\/strong><\/li>\n<li><strong> W \u015brod\u0119, 21 wrze\u015bnia, odpust w Parafii \u015bw. Mateusza na os. Or\u0142a Bia\u0142ego. Suma odpustowa godz. 19.00. Zapraszamy celnik\u00f3w i urz\u0119dnik\u00f3w skarbowych, w dniu ich Patrona.<\/strong><\/li>\n<li><strong> Zapraszamy do Katedry ma\u0142\u017ce\u0144stwa, kt\u00f3re prze\u017cywaj\u0105 25 i 50 rocznic\u0119 Sakramentu Ma\u0142\u017ce\u0144stwa. Uroczysta Msza \u015bw. celebrowana przez Ksi\u0119dza Biskupa Szymona Stu\u0142kowskiego, po\u0142\u0105czona z odnowieniem przyrzecze\u0144 ma\u0142\u017ce\u0144skich, zostanie odprawiona w niedziel\u0119 16 pa\u017adziernika br. o godz. 16.00. Po Mszy \u015bw. spotkanie w Seminarium. 8. R<\/strong><strong>oczna Szko\u0142\u0119 modlitwy kontemplacyjnej w parafii \u015bw. Rocha. Spotkania b\u0119d\u0105 si\u0119 odbywa\u0107 raz w miesi\u0105cu w sobot\u0119 od godz. 19.00. Pierwsze spotkanie ju\u017c 24 wrze\u015bnia.<\/strong><\/li>\n<li><strong> \u201ePokuty za Pozna\u0144\u201d, wydarzenie religijne, odb\u0119dzie si\u0119, dnia 2 pa\u017adziernika 2022 roku, w liturgiczne wspomnienie \u015awi\u0119tych Anio\u0142\u00f3w Str\u00f3\u017c\u00f3w.<\/strong><\/li>\n<\/ol>\n<p><strong>Cel:&nbsp; a) Przeb\u0142aganie Pana Boga za nasze grzechy w Poznaniu.<\/strong><\/p>\n<ol>\n<li><strong> b) Pro\u015bba do Anio\u0142\u00f3w Str\u00f3\u017c\u00f3w mieszka\u0144c\u00f3w Poznania, oraz \u015bw. Micha\u0142a Archanio\u0142a o wstawiennictwo za nasze miasto.<\/strong><\/li>\n<\/ol>\n<p><strong>Przebieg:&nbsp; godz. 14.15 Msza \u015awi\u0119ta<\/strong><\/p>\n<p><strong>&nbsp;&nbsp;&nbsp;&nbsp;&nbsp;&nbsp;&nbsp;&nbsp;&nbsp;&nbsp;&nbsp;&nbsp;&nbsp;&nbsp;&nbsp;&nbsp;&nbsp; godz. 15.15 Przemarsz<\/strong><\/p>\n<p><strong>&nbsp;&nbsp;&nbsp;&nbsp;&nbsp;&nbsp;&nbsp;&nbsp;&nbsp;&nbsp;&nbsp;&nbsp;&nbsp;&nbsp;&nbsp;&nbsp;&nbsp; godz. 16.15 Adoracja<\/strong><\/p>\n<p><strong>Pocz\u0105tek ko\u015bciele Naj\u015bwi\u0119tszego Zbawiciela przy&nbsp; ul. Fredry, zako\u0144czenie w ko\u015bciele \u015bw. Micha\u0142a Archanio\u0142a przy ul. Stolarskiej. Komunikat na tablicy og\u0142osze\u0144.<\/strong><\/p>\n<ol start=\"10\">\n<li><strong>10<\/strong><strong>. Zach\u0119camy do czytania prasy katolickiej. W kaplicy przy zakrystii: Przewodnik Katolicki, Go\u015b\u0107 Niedzielny, Ma\u0142y Przewodnik Katolicki, Ziarno, gazetka parafialna.<\/strong><\/li>\n<li><strong> M\u00f3dlmy si\u0119 za zmar\u0142ych Parafian. Za dusz\u0119 \u015bp. Gerarda Wesnerowicza, os. Lecha 126, i \u015bp. Zbigniewa Lange, os. Lecha 39. Wieczny odpoczynek racz zmar\u0142ym da\u0107 Panie.<\/strong><\/li>\n<\/ol>\n<p><strong>&nbsp;<\/strong><\/p>\n<p><strong>Modlitwa do \u015aw. Rodziny<\/strong><\/p>\n<p><strong>&nbsp;<\/strong><\/p>\n<p><strong>Jezu, Maryjo i J\u00f3zefie<\/strong><\/p>\n<p><strong>w Was kontemplujemy<\/strong><\/p>\n<p><strong>blask prawdziwej mi\u0142o\u015bci,<\/strong><\/p>\n<p><strong>do Was zwracamy si\u0119 z ufno\u015bci\u0105.<\/strong><\/p>\n<p><strong>&nbsp;<\/strong><\/p>\n<p><strong>\u015awi\u0119ta Rodzino z Nazaretu,<\/strong><\/p>\n<p><strong>uczy\u0144 tak\u017ce nasze rodziny<\/strong><\/p>\n<p><strong>\u015brodowiskami komunii i wieczernikami modlitwy,<\/strong><\/p>\n<p><strong>autentycznymi szko\u0142ami Ewangelii<\/strong><\/p>\n<p><strong>i ma\u0142ymi Ko\u015bcio\u0142ami domowymi.<\/strong><\/p>\n<p><strong>\u015awi\u0119ta Rodzino z Nazaretu<\/strong><\/p>\n<p><strong>niech nigdy wi\u0119cej w naszych rodzinach nikt nie do\u015bwiadcza<\/strong><\/p>\n<p><strong>przemocy, zamkni\u0119cia i podzia\u0142\u00f3w:<\/strong><\/p>\n<p><strong>ktokolwiek zosta\u0142 zraniony albo zgorszony<\/strong><\/p>\n<p><strong>niech szybko zazna pocieszenia i uleczenia.<\/strong><\/p>\n<p><strong>\u015awi\u0119ta Rodzino z Nazaretu,<\/strong><\/p>\n<p><strong>oby przysz\u0142y Synod Biskup\u00f3w<\/strong><\/p>\n<p><strong>m\u00f3g\u0142 przywr\u00f3ci\u0107 wszystkim \u015bwiadomo\u015b\u0107<\/strong><\/p>\n<p><strong>sakralnego i nienaruszalnego charakteru rodziny,<\/strong><\/p>\n<p><strong>jej pi\u0119kna w Bo\u017cym zamy\u015ble.<\/strong><\/p>\n<p><strong>Jezu, Maryjo i J\u00f3zefie<\/strong><\/p>\n<p><strong>Us\u0142yszcie, wys\u0142uchajcie naszego b\u0142agania.<\/strong><\/p>\n<p><strong>&nbsp;<\/strong><\/p>\n<p><strong>KURIA METROPOLITALNA &nbsp;&nbsp;&nbsp;&nbsp;&nbsp;&nbsp;&nbsp;&nbsp;&nbsp;&nbsp;&nbsp;&nbsp;&nbsp;&nbsp;&nbsp;&nbsp;&nbsp;&nbsp;&nbsp;&nbsp;&nbsp;&nbsp;&nbsp;&nbsp;&nbsp;&nbsp;&nbsp;&nbsp;&nbsp;&nbsp;&nbsp;&nbsp;&nbsp; &nbsp;&nbsp;&nbsp;&nbsp;&nbsp;&nbsp;&nbsp;&nbsp;&nbsp;&nbsp;&nbsp; Pozna\u0144, dnia 16 wrze\u015bnia 2022 roku<\/strong><\/p>\n<ol>\n<li><strong> Ostr\u00f3w Tumski 2 &nbsp;&nbsp;&nbsp;&nbsp;&nbsp;&nbsp;&nbsp;&nbsp;&nbsp;&nbsp;&nbsp;&nbsp;&nbsp;&nbsp;&nbsp;&nbsp;&nbsp;&nbsp;&nbsp;&nbsp;&nbsp;&nbsp;&nbsp;&nbsp;&nbsp;&nbsp;&nbsp; <\/strong><strong>N. 5031\/2022<\/strong><\/li>\n<\/ol>\n<p><strong>61-109 Pozna\u0144<\/strong><\/p>\n<p><strong>tel.&nbsp; <\/strong><strong>+48 61 851 28 00<\/strong><\/p>\n<p><strong>fax: +48 61 851 28 14<\/strong><\/p>\n<p><strong>kuria@archpoznan.pl<\/strong><\/p>\n<p><strong>www.archpoznan.pl<\/strong><\/p>\n<p><strong>POKUTA ZA POZNA\u0143<\/strong><\/p>\n<p><strong>&nbsp;<\/strong><\/p>\n<p><strong>Wydarzenia \u201ePokuty za Pozna\u0144\u201d, kt\u00f3re odb\u0119dzie si\u0119, dnia 2 pa\u017adziernika 2022 roku, w liturgiczne wspomnienie \u015awi\u0119tych Anio\u0142\u00f3w Str\u00f3\u017c\u00f3w.<\/strong><\/p>\n<p><strong>Cel:&nbsp; <\/strong><\/p>\n<ol>\n<li><strong>a) Przeb\u0142aganie Pana Boga za nasze grzechy w Poznaniu.<\/strong><\/li>\n<li><strong>b) Pro\u015bba do Anio\u0142\u00f3w Str\u00f3\u017c\u00f3w wszystkich mieszka\u0144c\u00f3w Poznania, oraz ich Wodza \u015bw. Micha\u0142a Archanio\u0142a o wstawiennictwo za nasze miasto.<\/strong><\/li>\n<\/ol>\n<p><strong>Przebieg:&nbsp; godz. 14.15 Msza \u015awi\u0119ta<\/strong><\/p>\n<p><strong>&nbsp;&nbsp;&nbsp;&nbsp;&nbsp;&nbsp;&nbsp;&nbsp;&nbsp;&nbsp;&nbsp;&nbsp;&nbsp;&nbsp;&nbsp;&nbsp;&nbsp; godz. 15.15 Przemarsz<\/strong><\/p>\n<p><strong>&nbsp;&nbsp;&nbsp;&nbsp;&nbsp;&nbsp;&nbsp;&nbsp;&nbsp;&nbsp;&nbsp;&nbsp;&nbsp;&nbsp;&nbsp;&nbsp;&nbsp; godz. 16.15 Adoracja<\/strong><\/p>\n<p><strong>&nbsp;<\/strong><\/p>\n<ol>\n<li><strong> W ko\u015bciele Naj\u015bwi\u0119tszego Zbawiciela ul. Fredry 11:<\/strong><\/li>\n<\/ol>\n<p><strong>&#8211; Msza \u015awi\u0119ta celebrowana przez Ks. Biskupa Szymona Stu\u0142kowskiego. Po Komunii \u015bwi\u0119tej wsp\u00f3lne odm\u00f3wienie modlitwy Anio\u0142a z Fatimy \u201eTr\u00f3jco Przenaj\u015bwi\u0119tsza\u2026\u201d w pok\u0142onie, dla dzi\u0119kczynienia Jezusowi za Jego Obecno\u015b\u0107 w Naj\u015bwi\u0119tszej Eucharystii i przeproszenia Boga za grzechy przeciw Eucharystii.<\/strong><\/p>\n<p><strong>&#8211; B\u0142ogos\u0142awie\u0144stwo i rozes\u0142anie.<\/strong><\/p>\n<ol start=\"2\">\n<li><strong> Przemarsz z odmawianiem r\u00f3\u017ca\u0144ca (tajemnice bolesne i chwalebne) ulic\u0105 Fredry, Mostem Teatralnym, ul. D\u0105browskiego, Mickiewicza, Grunwaldzk\u0105, Stolarsk\u0105.<\/strong><\/li>\n<li><strong> W ko\u015bciele \u015bw. Micha\u0142a Archanio\u0142a ul. Stolarska 7:<\/strong><\/li>\n<\/ol>\n<p><strong>&#8211; Adoracja Naj\u015bwi\u0119tszego Sakramentu.<\/strong><\/p>\n<p><strong>&#8211; Przeproszenie Boga za grzechy Poznania. Przeczytanie S\u0142owa Bo\u017cego Dn 9, 4-10; 18-19.<\/strong><\/p>\n<p><strong>&#8211; Koronka do Bo\u017cego Mi\u0142osierdzia.<\/strong><\/p>\n<p><strong>&#8211; Uwielbienie Boga razem z Anio\u0142ami Str\u00f3\u017cami i \u015bw. Micha\u0142em Archanio\u0142em.<\/strong><\/p>\n<p><strong>&#8211; Modlitwa Anio\u0142a z Fatimy w pok\u0142onie \u201eO m\u00f3j Bo\u017ce\u2026\u201d dla wyra\u017cenia wiary i mi\u0142o\u015bci Boga.<\/strong><\/p>\n<p><strong>&#8211; B\u0142ogos\u0142awie\u0144stwo&nbsp;<\/strong><\/p>\n<p><strong>&nbsp;<\/strong><\/p>\n","protected":false},"excerpt":{"rendered":"<p>OG\u0141OSZENIA DUSZPASTERSKIE NIEDZIELA XXV ZWYK\u0141A 18 wrze\u015bnia 2022 r.&nbsp; &nbsp; &nbsp; &nbsp; &nbsp; &nbsp; &nbsp; &nbsp; &nbsp; &nbsp; &nbsp; &nbsp; &nbsp; &nbsp; &nbsp; &nbsp; &nbsp; &nbsp; &nbsp; &nbsp; &nbsp; &nbsp; &nbsp; &nbsp; &nbsp; &nbsp; &nbsp; &nbsp; &nbsp; &nbsp; &nbsp; &nbsp; &nbsp; &nbsp; &nbsp; &nbsp; &nbsp; &nbsp; &nbsp; &nbsp; &nbsp; &nbsp; &nbsp; &nbsp; &nbsp; &nbsp; &nbsp; &#8230; <span class=\"more\"><a class=\"more-link\" href=\"https:\/\/www.chnk.pl\/?p=3569\">czytaj wi\u0119cej<\/a><\/span><\/p>\n","protected":false},"author":3,"featured_media":0,"comment_status":"open","ping_status":"open","sticky":false,"template":"","format":"standard","meta":{"ngg_post_thumbnail":0,"footnotes":""},"categories":[1],"tags":[],"_links":{"self":[{"href":"https:\/\/www.chnk.pl\/index.php?rest_route=\/wp\/v2\/posts\/3569"}],"collection":[{"href":"https:\/\/www.chnk.pl\/index.php?rest_route=\/wp\/v2\/posts"}],"about":[{"href":"https:\/\/www.chnk.pl\/index.php?rest_route=\/wp\/v2\/types\/post"}],"author":[{"embeddable":true,"href":"https:\/\/www.chnk.pl\/index.php?rest_route=\/wp\/v2\/users\/3"}],"replies":[{"embeddable":true,"href":"https:\/\/www.chnk.pl\/index.php?rest_route=%2Fwp%2Fv2%2Fcomments&post=3569"}],"version-history":[{"count":1,"href":"https:\/\/www.chnk.pl\/index.php?rest_route=\/wp\/v2\/posts\/3569\/revisions"}],"predecessor-version":[{"id":3571,"href":"https:\/\/www.chnk.pl\/index.php?rest_route=\/wp\/v2\/posts\/3569\/revisions\/3571"}],"wp:attachment":[{"href":"https:\/\/www.chnk.pl\/index.php?rest_route=%2Fwp%2Fv2%2Fmedia&parent=3569"}],"wp:term":[{"taxonomy":"category","embeddable":true,"href":"https:\/\/www.chnk.pl\/index.php?rest_route=%2Fwp%2Fv2%2Fcategories&post=3569"},{"taxonomy":"post_tag","embeddable":true,"href":"https:\/\/www.chnk.pl\/index.php?rest_route=%2Fwp%2Fv2%2Ftags&post=3569"}],"curies":[{"name":"wp","href":"https:\/\/api.w.org\/{rel}","templated":true}]}}