{"id":3565,"date":"2022-09-10T17:09:46","date_gmt":"2022-09-10T17:09:46","guid":{"rendered":"http:\/\/www.chnk.pl\/?p=3565"},"modified":"2022-09-10T17:09:46","modified_gmt":"2022-09-10T17:09:46","slug":"24-niedziela-zwykla-5","status":"publish","type":"post","link":"https:\/\/www.chnk.pl\/?p=3565","title":{"rendered":"24 Niedziela Zwyk\u0142a"},"content":{"rendered":"<p><strong>&nbsp; <\/strong><\/p>\n<p><strong>OG\u0141OSZENIA DUSZPASTERSKIE<\/strong><\/p>\n<p><strong>&nbsp;<\/strong><\/p>\n<p><strong>NIEDZIELA&nbsp; XXIV ZWYK\u0141A<\/strong><\/p>\n<p><strong>11 wrze\u015bnia 2022 r.<\/strong><\/p>\n<p><strong>&nbsp;<\/strong><\/p>\n<p><strong>1.Kalendarz liturgiczny: poniedzia\u0142ek \u2013 Naj\u015bwi\u0119tszego Imienia Maryi, wtorek &#8211; \u015bw. Jana Chryzostom, \u015broda &#8211; \u015bwi\u0119to Podwy\u017cszenie Krzy\u017ca \u015awi\u0119tego, czwartek \u2013 NMP Bolesnej, pi\u0105tek \u2013 \u015bw. mm. Korneliusza i Cypriana, sobota \u2013 \u015bw. Zygmunta Szcz\u0119snego Feli\u0144skiego.<\/strong><\/p>\n<ol start=\"2\">\n<li><strong> W niedziel\u0119, dnia 18 wrze\u015bnia br. Ksi\u0105dz Arcybiskup Metropolita Stanis\u0142aw G\u0105decki b\u0119dzie \u015bwi\u0119towa\u0142 swoje Imieniny. Msza \u015bw. w Katedrze w poniedzia\u0142ek, dnia 19 wrze\u015bnia 2022 roku o godz. 10.00.<\/strong><\/li>\n<li><strong>W \u015brod\u0119 \u015bwi\u0119to Podwy\u017cszenia Krzy\u017ca \u015bw.<\/strong><strong> Prosimy, aby w to \u015bwi\u0119to, na Msz\u0119 \u015bw. przynie\u015b\u0107 do ko\u015bcio\u0142a domowe krzy\u017ce. Prosimy o to zw\u0142aszcza tych wszystkich, kt\u00f3rzy w swoim \u017cyciu do\u015bwiadczaj\u0105 krzy\u017ca. Ci, kt\u00f3rzy nie mog\u0105 dotrze\u0107 do ko\u015bcio\u0142a, niech adoruj\u0105 krzy\u017c w domu. Dnia, 14 wrze\u015bnia 2022 r. (\u015broda) o godz. 18<sup>00<\/sup>, w liturgiczne \u015awi\u0119to Podwy\u017cszenia Krzy\u017ca \u015awi\u0119tego, w Katedrze Pozna\u0144skiej zostanie odprawiona przez ks. kapelana Ryszarda Miko\u0142ajczaka msza \u015bwi\u0119ta. Na Eucharysti\u0119 zapraszamy wszystkich, kt\u00f3rzy w swym \u017cyciu do\u015bwiadczyli krzy\u017ca, jego trudu, b\u00f3lu, ciemno\u015bci, a przyj\u0105wszy go \u2013 zaznali jego mocy, chwa\u0142y, \u015bwiat\u0142a, zwyci\u0119stwa. Zapraszamy tych, kt\u00f3rzy przez swoj\u0105 pos\u0142ug\u0119 uczestnicz\u0105 w tej tajemnicy. Zapraszamy chorych, starszych, niepe\u0142nosprawnych, a tak\u017ce pracownik\u00f3w s\u0142u\u017cby zdrowia i wolontariuszy wspieraj\u0105cych bli\u017anich w d\u017awiganiu krzy\u017ca.<\/strong><\/li>\n<li><strong> Spotkanie dla rodzic\u00f3w dzieci pierwszokomunijnych, na rok 22\/23 odb\u0119dzie si\u0119 w \u015brod\u0119 14 wrze\u015bnia o godz. 19.00 w ko\u015bciele.<\/strong><\/li>\n<li><strong> Spotkanie duszpasterstwa m\u0142odzie\u017cy w pi\u0105tek o godz. 19.15. Zapraszamy m\u0142odych od klasy 7 szko\u0142y podstawowej wzwy\u017c.<\/strong><\/li>\n<li><strong> Spotkanie dla ministrant\u00f3w i kandydat\u00f3w w sobot\u0119 17 wrze\u015bnia o godz. 10.00.<\/strong><\/li>\n<li><strong> Spotkanie dla rodzic\u00f3w m\u0142odzie\u017cy, kt\u00f3ra 13 pa\u017adziernika przyst\u0105pi do Bierzmowanie, odb\u0119dzie si\u0119 20 wrze\u015bnia o godz. 19.30 w ko\u015bciele.<\/strong><\/li>\n<li><strong> Spotkanie dla m\u0142odzie\u017cy, kt\u00f3ra rozpocznie przygotowanie do Bierzmowania odb\u0119dzie si\u0119 po 13 pa\u017adziernika.<\/strong><\/li>\n<li><strong> W przysz\u0142y poniedzia\u0142ek, 19 wrze\u015bnia, przypada si\u00f3dma rocznica po\u015bwi\u0119cenia naszego ko\u015bcio\u0142a i odpust ku czci Matki Bo\u017cej Salety\u0144skiej. R\u00f3\u017caniec salety\u0144ski o godz. 18.15, msza \u015bw. o godz. 19.00 i procesja. B\u0119dziemy dzi\u0119kowa\u0107 Panu Bogu za nasz\u0105 \u015bwi\u0105tyni\u0119, modli\u0107 si\u0119 za jej fundator\u00f3w \u017cyj\u0105cych i zmar\u0142ych.<\/strong><\/li>\n<li><strong> Zach\u0119camy do czytania prasy katolickiej. Przy zakrystii: Przewodnik Katolicki z dodatkiem \u201edzieci w internecie\u201d, dodatek Przewodnika Katolickiego \u201eWielkopolska pod okupacj\u0105\u201d Ma\u0142y Przewodnik Katolicki, Go\u015b\u0107 Niedzielny, gazetka parafialna i dla dzieci Ziarno.<\/strong><\/li>\n<li><strong> M\u00f3dlmy si\u0119 za zmar\u0142ych Parafian. Za dusz\u0119 \u015bp. Jana Ku\u015bnierka, os. Lecha 6 ( r\u00f3\u017caniec o 7.30, msza \u015bw. o godz. 8.00), \u015bp. Hieronima Ma\u0107kowiaka, os. Lecha 109 (msza \u015bw. pogrzebowa we wtorek o godz. 7.00), \u015bp. Heleny Kuik, os. Lecha 40 (msza \u015bw. pogrzebowa w \u015brod\u0119 o godz. 9.00). Wieczny odpoczynek racz zmar\u0142ym da\u0107 Panie.<\/strong><\/li>\n<\/ol>\n<p><strong>&nbsp;<\/strong><\/p>\n<p>&nbsp;<\/p>\n<p>&nbsp;&nbsp;&nbsp;&nbsp;&nbsp;&nbsp;&nbsp;&nbsp;&nbsp;&nbsp;&nbsp;&nbsp;&nbsp;&nbsp;&nbsp;&nbsp;&nbsp;&nbsp;&nbsp;&nbsp;&nbsp;&nbsp;&nbsp;&nbsp;&nbsp;&nbsp;&nbsp;&nbsp;&nbsp;&nbsp;&nbsp;&nbsp;&nbsp;&nbsp;&nbsp;&nbsp;&nbsp;&nbsp;&nbsp;&nbsp;&nbsp;&nbsp;&nbsp;&nbsp;&nbsp;&nbsp;&nbsp;&nbsp;&nbsp;&nbsp;&nbsp;&nbsp;&nbsp;&nbsp;&nbsp;&nbsp;&nbsp;&nbsp;&nbsp;&nbsp;&nbsp;&nbsp;&nbsp;&nbsp;&nbsp;&nbsp;&nbsp;&nbsp;&nbsp;&nbsp;&nbsp;&nbsp;&nbsp;&nbsp;&nbsp;&nbsp;&nbsp;&nbsp;&nbsp;&nbsp;&nbsp;&nbsp;&nbsp;&nbsp;&nbsp;&nbsp;&nbsp;&nbsp;&nbsp;&nbsp;&nbsp;&nbsp;&nbsp;&nbsp;&nbsp;&nbsp;&nbsp;&nbsp;&nbsp;&nbsp;&nbsp;&nbsp;&nbsp;&nbsp;&nbsp;&nbsp;&nbsp;&nbsp;&nbsp;&nbsp;&nbsp;&nbsp;&nbsp;&nbsp;&nbsp;&nbsp;&nbsp;&nbsp;&nbsp;&nbsp;&nbsp;&nbsp;&nbsp;&nbsp;&nbsp;&nbsp;&nbsp;&nbsp;&nbsp;&nbsp;&nbsp;&nbsp;&nbsp;&nbsp;&nbsp;&nbsp;&nbsp;&nbsp;&nbsp;&nbsp;&nbsp;&nbsp;&nbsp;&nbsp;&nbsp;&nbsp;&nbsp;&nbsp;&nbsp;&nbsp;&nbsp;&nbsp;&nbsp;&nbsp;&nbsp;&nbsp;&nbsp;&nbsp;&nbsp;&nbsp; &nbsp;&nbsp;&nbsp;&nbsp;&nbsp;&nbsp;&nbsp;&nbsp;&nbsp;&nbsp;&nbsp;&nbsp;&nbsp;&nbsp;&nbsp;&nbsp;&nbsp;&nbsp;&nbsp;&nbsp;&nbsp;&nbsp;&nbsp;&nbsp;&nbsp;&nbsp;&nbsp;&nbsp;&nbsp;&nbsp;&nbsp;&nbsp;&nbsp;&nbsp;&nbsp;&nbsp;&nbsp;&nbsp;&nbsp;&nbsp;&nbsp;&nbsp;&nbsp;&nbsp;&nbsp;&nbsp;&nbsp;&nbsp;&nbsp;&nbsp;&nbsp;&nbsp;&nbsp;&nbsp;&nbsp;&nbsp;&nbsp;&nbsp;&nbsp;&nbsp;&nbsp;&nbsp;&nbsp;&nbsp;&nbsp;&nbsp;&nbsp;&nbsp;&nbsp;&nbsp;&nbsp;&nbsp;&nbsp;&nbsp;&nbsp;&nbsp;&nbsp;&nbsp;&nbsp;&nbsp;&nbsp;&nbsp;&nbsp;&nbsp;&nbsp;&nbsp;&nbsp;&nbsp;&nbsp;&nbsp;&nbsp;&nbsp;&nbsp;&nbsp;&nbsp;&nbsp;&nbsp;&nbsp;&nbsp;&nbsp;&nbsp;&nbsp;&nbsp;&nbsp;&nbsp;&nbsp;&nbsp;&nbsp;&nbsp;&nbsp;&nbsp;&nbsp;&nbsp;&nbsp;&nbsp;&nbsp;&nbsp;&nbsp;&nbsp;&nbsp;&nbsp;&nbsp;&nbsp;&nbsp;&nbsp;&nbsp;&nbsp;&nbsp;&nbsp;&nbsp;&nbsp;&nbsp;&nbsp;&nbsp;&nbsp;&nbsp;&nbsp;&nbsp;&nbsp;&nbsp;&nbsp;&nbsp;&nbsp;&nbsp;&nbsp;&nbsp;&nbsp;&nbsp;&nbsp;&nbsp;&nbsp;&nbsp;&nbsp;&nbsp;&nbsp;&nbsp;&nbsp;&nbsp;&nbsp;&nbsp;&nbsp;&nbsp;&nbsp;&nbsp;&nbsp;&nbsp;&nbsp;&nbsp;&nbsp;&nbsp;&nbsp;&nbsp;&nbsp;&nbsp;&nbsp;&nbsp;&nbsp;&nbsp;&nbsp;&nbsp;&nbsp;&nbsp;&nbsp;&nbsp;&nbsp;&nbsp;&nbsp;&nbsp;&nbsp;&nbsp;&nbsp;&nbsp;&nbsp;&nbsp;&nbsp;&nbsp;&nbsp;&nbsp;&nbsp;&nbsp;&nbsp;&nbsp;&nbsp;&nbsp;&nbsp;&nbsp;&nbsp;&nbsp;&nbsp;&nbsp;&nbsp;&nbsp;&nbsp;&nbsp;&nbsp;&nbsp;&nbsp;&nbsp;&nbsp;&nbsp;&nbsp;&nbsp;&nbsp;&nbsp;&nbsp;&nbsp;&nbsp;&nbsp;&nbsp;&nbsp;&nbsp;&nbsp;&nbsp;&nbsp;&nbsp;&nbsp;&nbsp;&nbsp;&nbsp;&nbsp;&nbsp;&nbsp;&nbsp;&nbsp;&nbsp;&nbsp;&nbsp;&nbsp;&nbsp;&nbsp;&nbsp;&nbsp;&nbsp;&nbsp;&nbsp;&nbsp;&nbsp;&nbsp;&nbsp;&nbsp;&nbsp;&nbsp;&nbsp;&nbsp;&nbsp;&nbsp;&nbsp;&nbsp;&nbsp;&nbsp;&nbsp;&nbsp;&nbsp;&nbsp;&nbsp;&nbsp;&nbsp;&nbsp;&nbsp;&nbsp;&nbsp;&nbsp;&nbsp;&nbsp;&nbsp;&nbsp;&nbsp;&nbsp;&nbsp;&nbsp;&nbsp;&nbsp;&nbsp;&nbsp;&nbsp;&nbsp;&nbsp;&nbsp;&nbsp;&nbsp;&nbsp;&nbsp;&nbsp;&nbsp;&nbsp;&nbsp;&nbsp;&nbsp;&nbsp;&nbsp;&nbsp;&nbsp;&nbsp;&nbsp;&nbsp;&nbsp;&nbsp;&nbsp;&nbsp;&nbsp;&nbsp;&nbsp;&nbsp;&nbsp;&nbsp;&nbsp;&nbsp;&nbsp;&nbsp;&nbsp;&nbsp;&nbsp;&nbsp;&nbsp;&nbsp;&nbsp;&nbsp;&nbsp;&nbsp;&nbsp;&nbsp;&nbsp;&nbsp;&nbsp;&nbsp;&nbsp;&nbsp;&nbsp;&nbsp;&nbsp;&nbsp;&nbsp;&nbsp;&nbsp;&nbsp;&nbsp;&nbsp;&nbsp;&nbsp;&nbsp;&nbsp;&nbsp;&nbsp;&nbsp;&nbsp;&nbsp;&nbsp;&nbsp;&nbsp;&nbsp;&nbsp;&nbsp;&nbsp;&nbsp;&nbsp;&nbsp;&nbsp;&nbsp;&nbsp;&nbsp;&nbsp;&nbsp;&nbsp;&nbsp;&nbsp;&nbsp;&nbsp;&nbsp;&nbsp;&nbsp;&nbsp;&nbsp;&nbsp;&nbsp;&nbsp;&nbsp;&nbsp;&nbsp;&nbsp;&nbsp;&nbsp;&nbsp;&nbsp;&nbsp;&nbsp;&nbsp;&nbsp;&nbsp;&nbsp;&nbsp;&nbsp;&nbsp;&nbsp;&nbsp;&nbsp;&nbsp;&nbsp;&nbsp;&nbsp;&nbsp;&nbsp;&nbsp;&nbsp;&nbsp;&nbsp;&nbsp;&nbsp;&nbsp;&nbsp;&nbsp;&nbsp;&nbsp;&nbsp;&nbsp;&nbsp;&nbsp;&nbsp;&nbsp;&nbsp;&nbsp;&nbsp;<\/p>\n","protected":false},"excerpt":{"rendered":"<p>&nbsp; OG\u0141OSZENIA DUSZPASTERSKIE &nbsp; NIEDZIELA&nbsp; XXIV ZWYK\u0141A 11 wrze\u015bnia 2022 r. &nbsp; 1.Kalendarz liturgiczny: poniedzia\u0142ek \u2013 Naj\u015bwi\u0119tszego Imienia Maryi, wtorek &#8211; \u015bw. Jana Chryzostom, \u015broda &#8211; \u015bwi\u0119to Podwy\u017cszenie Krzy\u017ca \u015awi\u0119tego, czwartek \u2013 NMP Bolesnej, pi\u0105tek \u2013 \u015bw. mm. Korneliusza i Cypriana, sobota \u2013 \u015bw. Zygmunta Szcz\u0119snego Feli\u0144skiego. W niedziel\u0119, dnia 18 wrze\u015bnia br. Ksi\u0105dz Arcybiskup &#8230; <span class=\"more\"><a class=\"more-link\" href=\"https:\/\/www.chnk.pl\/?p=3565\">czytaj wi\u0119cej<\/a><\/span><\/p>\n","protected":false},"author":3,"featured_media":0,"comment_status":"open","ping_status":"open","sticky":false,"template":"","format":"standard","meta":{"ngg_post_thumbnail":0,"footnotes":""},"categories":[1],"tags":[],"_links":{"self":[{"href":"https:\/\/www.chnk.pl\/index.php?rest_route=\/wp\/v2\/posts\/3565"}],"collection":[{"href":"https:\/\/www.chnk.pl\/index.php?rest_route=\/wp\/v2\/posts"}],"about":[{"href":"https:\/\/www.chnk.pl\/index.php?rest_route=\/wp\/v2\/types\/post"}],"author":[{"embeddable":true,"href":"https:\/\/www.chnk.pl\/index.php?rest_route=\/wp\/v2\/users\/3"}],"replies":[{"embeddable":true,"href":"https:\/\/www.chnk.pl\/index.php?rest_route=%2Fwp%2Fv2%2Fcomments&post=3565"}],"version-history":[{"count":1,"href":"https:\/\/www.chnk.pl\/index.php?rest_route=\/wp\/v2\/posts\/3565\/revisions"}],"predecessor-version":[{"id":3566,"href":"https:\/\/www.chnk.pl\/index.php?rest_route=\/wp\/v2\/posts\/3565\/revisions\/3566"}],"wp:attachment":[{"href":"https:\/\/www.chnk.pl\/index.php?rest_route=%2Fwp%2Fv2%2Fmedia&parent=3565"}],"wp:term":[{"taxonomy":"category","embeddable":true,"href":"https:\/\/www.chnk.pl\/index.php?rest_route=%2Fwp%2Fv2%2Fcategories&post=3565"},{"taxonomy":"post_tag","embeddable":true,"href":"https:\/\/www.chnk.pl\/index.php?rest_route=%2Fwp%2Fv2%2Ftags&post=3565"}],"curies":[{"name":"wp","href":"https:\/\/api.w.org\/{rel}","templated":true}]}}