{"id":3556,"date":"2022-09-03T14:22:52","date_gmt":"2022-09-03T14:22:52","guid":{"rendered":"http:\/\/www.chnk.pl\/?p=3556"},"modified":"2022-09-03T14:22:52","modified_gmt":"2022-09-03T14:22:52","slug":"23-niedziela-zwykla-5","status":"publish","type":"post","link":"https:\/\/www.chnk.pl\/?p=3556","title":{"rendered":"23 Niedziela Zwyk\u0142a"},"content":{"rendered":"<p><strong>&nbsp;<\/strong><\/p>\n<p><strong>&nbsp;<\/strong><\/p>\n<p><strong>OG\u0141OSZENIA DUSZPASTERSKIE<\/strong><\/p>\n<p><strong>NIEDZIELA XXIII ZWYK\u0141A<\/strong><\/p>\n<p><strong>4 wrze\u015bnia 2022 r.<\/strong><\/p>\n<p><strong>1.Kalendarz liturgiczny:<\/strong><\/p>\n<p><strong>\u015broda \u2013 \u015bw. Melchiora Grodzieckiego,<\/strong><\/p>\n<p><strong>czwartek &#8211; \u015bwi\u0119to Narodzenia Naj\u015bw. Maryi Panny,<\/strong><\/p>\n<p><strong>pi\u0105tek \u2013 \u015bw. Piotra Klawra<\/strong><\/p>\n<p><strong>&nbsp;<\/strong><\/p>\n<ol start=\"2\">\n<li><strong> Na Polance i \u0141acinie zosta\u0142a przez Ks. Abpa Stanis\u0142awa G\u0105deckiego ustanowiona Parafia pw. Imienia Jezus. Tymczasowa siedziba Parafii znajduje si\u0119 przy ul. Czes\u0142awa Niemena 5.<\/strong><\/li>\n<\/ol>\n<p><strong>&nbsp;<\/strong><\/p>\n<ol start=\"3\">\n<li><strong> Spotkanie \u017bywego R\u00f3\u017ca\u0144ca w \u015brod\u0119, w kaplicy po wieczornej mszy \u015bw.<\/strong><\/li>\n<\/ol>\n<p><strong>&nbsp;<\/strong><\/p>\n<ol start=\"4\">\n<li><strong>Rodzic\u00f3w dzieci pierwszokomunijnych prosimy by zakupili r\u00f3\u017ca\u0144ce dla swoich dzieci przygotowuj\u0105cych si\u0119 do pierwszej komunii \u015bw. Spotkanie dla rodzic\u00f3w tych dzieci w \u015brod\u0119, 14 wrze\u015bnia o godz. 19.00 w ko\u015bciele. Do I Komunii \u015bw. w naszym ko\u015bciele przyst\u0105pi\u0105 te dzieci, kt\u00f3re zamieszkuj\u0105 na terenie naszej parafii.<\/strong><\/li>\n<\/ol>\n<p><strong>&nbsp;<\/strong><\/p>\n<ol start=\"5\">\n<li><strong> Uprzejmie informujemy, \u017ce Sakramentu Bierzmowania w naszej Parafii udzieli biskup Szymon Stu\u0142kowski w czwartek, dnia 13 pa\u017adziernika br. o godz. 16.30. Spotkanie dla m\u0142odzie\u017cy odb\u0119dzie si\u0119 po powrocie ks. Wikariusza. Kandydat\u00f3w ochrzczonych w innej parafii prosimy o przygotowanie metryki chrztu \u015bw.<\/strong><\/li>\n<\/ol>\n<p><strong>&nbsp;<\/strong><\/p>\n<ol start=\"6\">\n<li><strong> Archidiecezja Pozna\u0144ska organizuje kolejn\u0105 Archidiecezjaln\u0105 pielgrzymk\u0119 do Francji, w dniach od&nbsp;29 kwietnia do 6 maja 2023&nbsp;roku (wylot i przylot \u2013 Pozna\u0144). Cena 2.300 PLN + 780 Euro z\u0142 Zg\u0142oszenia na pielgrzymk\u0119 mo\u017cna dokona\u0107 w Kurii Metropolitalnej u Ksi\u0119dza Kanclerza tel.&nbsp;61\/851-28-00 lub 601&nbsp;772&nbsp;833. Informacja o pielgrzymce oraz formularz zg\u0142oszeniowy dost\u0119pny jest na stronie Archidiecezji www.archpoznan.pl. w zak\u0142adce Duszpasterstwo, Pielgrzymki.<\/strong><\/li>\n<\/ol>\n<p><strong>&nbsp;<\/strong><\/p>\n<ol start=\"7\">\n<li><strong> Z<\/strong><strong>apraszamy do Szko\u0142y Katechist\u00f3w. Obecno\u015b\u0107 katechist\u00f3w w parafii staje si\u0119 wielk\u0105 szans\u0105 podj\u0119cia katechezy doros\u0142ych oraz wprowadzaniem w \u017cycie obowi\u0105zuj\u0105cych w archidiecezji zasad prowadzenia katechezy przed chrztem dziecka oraz prowadzenia przygotowania kandydat\u00f3w do bierzmowania w ma\u0142ych grupach. Zg\u0142oszenia do ko\u0144ca wrze\u015bnia 2022 roku. Szczeg\u00f3\u0142owe informacje na stronie internetowej www.katecheza.pl oraz pod numerem telefonu 603-624-952.<\/strong><\/li>\n<\/ol>\n<p><strong>&nbsp;<\/strong><\/p>\n<ol start=\"8\">\n<li><strong> B\u00f3g zap\u0142a\u0107 za ofiary na utrzymanie ko\u015bcio\u0142a.<\/strong><\/li>\n<\/ol>\n<p><strong>&nbsp;<\/strong><\/p>\n<ol start=\"9\">\n<li><strong> Zach\u0119camy do czytania prasy katolickiej. Przy zakrystii: <em>Przewodnik Katolicki, Przewodnik Katolicki Historia \u201eWielkopolska pod okupacj\u0105\u201d, Go\u015b\u0107 Niedzielny, Ma\u0142y Przewodni Katolicki i Ziarno (dla dzieci)<\/em><\/strong><\/li>\n<\/ol>\n<p><strong><em>&nbsp;<\/em><\/strong><\/p>\n<ol start=\"10\">\n<li><strong> M\u00f3dlmy si\u0119 o pok\u00f3j na Ukrainie. \u015awi\u0119ty Bo\u017ce! \u015awi\u0119ty Mocny! \u015awi\u0119ty Nie\u015bmiertelny! zmi\u0142uj si\u0119 nad nami!<\/strong><\/li>\n<\/ol>\n<p><strong>&nbsp;<\/strong><\/p>\n<p>&nbsp;<\/p>\n","protected":false},"excerpt":{"rendered":"<p>&nbsp; &nbsp; OG\u0141OSZENIA DUSZPASTERSKIE NIEDZIELA XXIII ZWYK\u0141A 4 wrze\u015bnia 2022 r. 1.Kalendarz liturgiczny: \u015broda \u2013 \u015bw. Melchiora Grodzieckiego, czwartek &#8211; \u015bwi\u0119to Narodzenia Naj\u015bw. Maryi Panny, pi\u0105tek \u2013 \u015bw. Piotra Klawra &nbsp; Na Polance i \u0141acinie zosta\u0142a przez Ks. Abpa Stanis\u0142awa G\u0105deckiego ustanowiona Parafia pw. Imienia Jezus. Tymczasowa siedziba Parafii znajduje si\u0119 przy ul. Czes\u0142awa Niemena &#8230; <span class=\"more\"><a class=\"more-link\" href=\"https:\/\/www.chnk.pl\/?p=3556\">czytaj wi\u0119cej<\/a><\/span><\/p>\n","protected":false},"author":3,"featured_media":0,"comment_status":"open","ping_status":"open","sticky":false,"template":"","format":"standard","meta":{"ngg_post_thumbnail":0,"footnotes":""},"categories":[1],"tags":[],"_links":{"self":[{"href":"https:\/\/www.chnk.pl\/index.php?rest_route=\/wp\/v2\/posts\/3556"}],"collection":[{"href":"https:\/\/www.chnk.pl\/index.php?rest_route=\/wp\/v2\/posts"}],"about":[{"href":"https:\/\/www.chnk.pl\/index.php?rest_route=\/wp\/v2\/types\/post"}],"author":[{"embeddable":true,"href":"https:\/\/www.chnk.pl\/index.php?rest_route=\/wp\/v2\/users\/3"}],"replies":[{"embeddable":true,"href":"https:\/\/www.chnk.pl\/index.php?rest_route=%2Fwp%2Fv2%2Fcomments&post=3556"}],"version-history":[{"count":1,"href":"https:\/\/www.chnk.pl\/index.php?rest_route=\/wp\/v2\/posts\/3556\/revisions"}],"predecessor-version":[{"id":3557,"href":"https:\/\/www.chnk.pl\/index.php?rest_route=\/wp\/v2\/posts\/3556\/revisions\/3557"}],"wp:attachment":[{"href":"https:\/\/www.chnk.pl\/index.php?rest_route=%2Fwp%2Fv2%2Fmedia&parent=3556"}],"wp:term":[{"taxonomy":"category","embeddable":true,"href":"https:\/\/www.chnk.pl\/index.php?rest_route=%2Fwp%2Fv2%2Fcategories&post=3556"},{"taxonomy":"post_tag","embeddable":true,"href":"https:\/\/www.chnk.pl\/index.php?rest_route=%2Fwp%2Fv2%2Ftags&post=3556"}],"curies":[{"name":"wp","href":"https:\/\/api.w.org\/{rel}","templated":true}]}}