{"id":3553,"date":"2022-08-27T15:27:08","date_gmt":"2022-08-27T15:27:08","guid":{"rendered":"http:\/\/www.chnk.pl\/?p=3553"},"modified":"2022-08-27T15:27:08","modified_gmt":"2022-08-27T15:27:08","slug":"22-niedziela-zwykla-5","status":"publish","type":"post","link":"https:\/\/www.chnk.pl\/?p=3553","title":{"rendered":"22 Niedziela Zwyk\u0142a"},"content":{"rendered":"<p><strong>OG\u0141OSZENIA DUSZPASTERSKIE<\/strong><\/p>\n<p><strong>&nbsp;<\/strong><\/p>\n<p><strong>NIEDZIELA XXII ZWYK\u0141A<\/strong><\/p>\n<p><strong>28 sierpnia 2022 r.<\/strong><\/p>\n<ol>\n<li><strong>1<\/strong>. Kalendarz liturgiczny: poniedzia\u0142ek \u2013 M\u0119cze\u0144stwo \u015bw. Jana Chrzciciela, sobota &#8211; \u015bw. Grzegorza Wielkiego, papie\u017ca.<\/li>\n<li>Od czwartku 1 wrze\u015bnia wracamy do tradycyjnych godzin odprawiania mszy \u015bw., a tak\u017ce godzin urz\u0119dowania Biura Parafialnego. <strong>Msze \u015bw. <\/strong>w niedziele o 8:00, 9:30, 11:15, 12:30 i 18:00; w dni powszednie o 8.00 i 18.00. Nowenna do Matki Bo\u017cej Nieustaj\u0105cej Pomocy w \u015brody po mszy \u015bw. o 18.00; R\u00f3\u017caniec do Matki Bo\u017cej Patronki Dobrej \u015amierci we wtorki o 7.30. <strong>Biuro Parafialne<\/strong>: poniedzia\u0142ki 16.00\u201317.30; czwartki 9.00\u201310.30; soboty 19.00\u201320.00. <strong>Spowied\u017a \u015bw.<\/strong> w tygodniu p\u00f3\u0142 godziny przed mszami \u015bw.; soboty p\u00f3\u0142 godziny przed porann\u0105 msz\u0105 \u015bw. oraz 16:00\u201318:00; w niedziele przed mszami \u015bw.<\/li>\n<\/ol>\n<p><strong>Uwaga \u2013 od poniedzia\u0142ku do \u015brody (29 do 31 sierpnia)<br \/>\nuk\u0142ad jeszcze wakacyjny.<\/strong><\/p>\n<ol start=\"3\">\n<li>W czwartek 1 wrze\u015bnia poranna msza \u015bw. w intencji ofiar II wojny \u015bwiatowej. 1 wrze\u015bnia to w Ko\u015bciele \u015awiatowy Dzie\u0144 Modlitw o Ochron\u0119 Stworzenia.<\/li>\n<li>Zapraszamy dzieci z klas I-III i ich rodzic\u00f3w na msz\u0119 \u015bw. po\u0142\u0105czon\u0105 z po\u015bwi\u0119ceniem tornistr\u00f3w i przybor\u00f3w szkolnych w czwartek na 18:00. Z kolei dzieci i m\u0142odzie\u017c z klas IV-VIII oraz szk\u00f3\u0142 \u015brednich zapraszamy na msz\u0119 \u015bw. w pi\u0105tek o 18:00; spowied\u017a pierwszopi\u0105tkowa, powakacyjna, w pi\u0105tek od 15:00 do 18:00.<\/li>\n<li>W tym tygodniu I czwartek, I pi\u0105tek i I sobota miesi\u0105ca.<\/li>\n<\/ol>\n<p><u>I czwartek:<\/u> adoracja Naj\u015bwi\u0119tszego Sakramentu od 17.00 do 18.00. Uczestnicz\u0105cych w duchowej adopcji zapraszamy na r\u00f3\u017caniec o 17.15 w intencji obrony \u017cycia, godno\u015bci jego przekazywania i os\u00f3b kszta\u0142tuj\u0105cych opini\u0119 publiczn\u0105 na ten temat. Po mszy \u015bw. wieczornej adoracja do 21.00 w intencji zachowania oraz o nowe powo\u0142ania kap\u0142a\u0144skie, zakonne&nbsp; i misyjne.<\/p>\n<p><u>I pi\u0105tek:<\/u> spowied\u017a \u015bw. od 15.00 do 18.00. Msza \u015bw. pierwszopi\u0105tkowa o 18.00.<\/p>\n<p><u>I sobota:<\/u> r\u00f3\u017caniec do Niepokalanego Serca Maryi o 7.15, nast\u0119pnie msza \u015bw. i nabo\u017ce\u0144stwo. R\u00f3\u017caniec w intencji rodzin o 17:20. Odwiedziny chorych z sakramentami \u015bw. w pi\u0105tek i w sobot\u0119 10 wrze\u015bnia.<\/p>\n<ol start=\"6\">\n<li>Piesza pielgrzymka na odpust w Tulcach w niedziel\u0119 4 wrze\u015bnia. Zbi\u00f3rka o 6:30 przed naszym ko\u015bcio\u0142em. Nast\u0119pnie przej\u015bcie do ko\u015bcio\u0142a na os. Rusa, gdzie o 7:00 wi\u0119ksza grupa wyruszy z ksi\u0119dzem do Tulec. Pielgrzymka rowerowa wyruszy spod figury Matki Bo\u017cej Salety\u0144skiej o godz. 10.00.<\/li>\n<li>17 wrze\u015bnia odb\u0119dzie si\u0119 w Poznaniu Og\u00f3lnopolskie Forum Duszpasterskie. Tegoroczne Forum, pod has\u0142em: \u201eWierz\u0119 w Ko\u015bci\u00f3\u0142 Chrystusowy\u201d, rozpocznie si\u0119 o 9:30 Msz\u0105 \u015bw. w ko\u015bciele pw. \u015bw. Rocha. Po Eucharystii, w auli Centrum Wyk\u0142adowo-Konferencyjnego Politechniki Pozna\u0144skiej, obrady. Konieczne jest zg\u0142oszenie si\u0119 najp\u00f3\u017aniej do 9 wrze\u015bnia za po\u015brednictwem strony: forum2022.pl. Szczeg\u00f3\u0142y do om\u00f3wienia w zakrystii i Biurze Parafialnym.<\/li>\n<li>Zach\u0119camy do czytania prasy katolickiej. Przy zakrystii: Przewodnik Katolicki i modlitewnik \u201e5 minut z Bogiem\u201d na wrzesie\u0144 (przy zakupie \u201ePrzewodnika\u201d modlitewnik jest gratis, cena samego modlitewnika to 3 z\u0142), Ma\u0142y Przewodnik Katolicki, Go\u015b\u0107 Niedzielny, Misyjne Drogi, gazeta parafialna.<\/li>\n<li>M\u00f3dlmy si\u0119 za zmar\u0142ych Parafian. Za dusz\u0119 \u015bp. Krystyny Wojtasiak, os. Lecha 128 i \u015bp. Krystyny Tabaczy\u0144skiej, os. Lecha 106. Wieczny odpoczynek racz zmar\u0142ym da\u0107 Panie.<\/li>\n<\/ol>\n","protected":false},"excerpt":{"rendered":"<p>OG\u0141OSZENIA DUSZPASTERSKIE &nbsp; NIEDZIELA XXII ZWYK\u0141A 28 sierpnia 2022 r. 1. Kalendarz liturgiczny: poniedzia\u0142ek \u2013 M\u0119cze\u0144stwo \u015bw. Jana Chrzciciela, sobota &#8211; \u015bw. Grzegorza Wielkiego, papie\u017ca. Od czwartku 1 wrze\u015bnia wracamy do tradycyjnych godzin odprawiania mszy \u015bw., a tak\u017ce godzin urz\u0119dowania Biura Parafialnego. Msze \u015bw. w niedziele o 8:00, 9:30, 11:15, 12:30 i 18:00; w dni &#8230; <span class=\"more\"><a class=\"more-link\" href=\"https:\/\/www.chnk.pl\/?p=3553\">czytaj wi\u0119cej<\/a><\/span><\/p>\n","protected":false},"author":3,"featured_media":0,"comment_status":"open","ping_status":"open","sticky":false,"template":"","format":"standard","meta":{"ngg_post_thumbnail":0,"footnotes":""},"categories":[1],"tags":[],"_links":{"self":[{"href":"https:\/\/www.chnk.pl\/index.php?rest_route=\/wp\/v2\/posts\/3553"}],"collection":[{"href":"https:\/\/www.chnk.pl\/index.php?rest_route=\/wp\/v2\/posts"}],"about":[{"href":"https:\/\/www.chnk.pl\/index.php?rest_route=\/wp\/v2\/types\/post"}],"author":[{"embeddable":true,"href":"https:\/\/www.chnk.pl\/index.php?rest_route=\/wp\/v2\/users\/3"}],"replies":[{"embeddable":true,"href":"https:\/\/www.chnk.pl\/index.php?rest_route=%2Fwp%2Fv2%2Fcomments&post=3553"}],"version-history":[{"count":1,"href":"https:\/\/www.chnk.pl\/index.php?rest_route=\/wp\/v2\/posts\/3553\/revisions"}],"predecessor-version":[{"id":3554,"href":"https:\/\/www.chnk.pl\/index.php?rest_route=\/wp\/v2\/posts\/3553\/revisions\/3554"}],"wp:attachment":[{"href":"https:\/\/www.chnk.pl\/index.php?rest_route=%2Fwp%2Fv2%2Fmedia&parent=3553"}],"wp:term":[{"taxonomy":"category","embeddable":true,"href":"https:\/\/www.chnk.pl\/index.php?rest_route=%2Fwp%2Fv2%2Fcategories&post=3553"},{"taxonomy":"post_tag","embeddable":true,"href":"https:\/\/www.chnk.pl\/index.php?rest_route=%2Fwp%2Fv2%2Ftags&post=3553"}],"curies":[{"name":"wp","href":"https:\/\/api.w.org\/{rel}","templated":true}]}}