{"id":3543,"date":"2022-08-13T16:05:17","date_gmt":"2022-08-13T16:05:17","guid":{"rendered":"http:\/\/www.chnk.pl\/?p=3543"},"modified":"2022-08-13T16:05:17","modified_gmt":"2022-08-13T16:05:17","slug":"20-niedziela-zwykla","status":"publish","type":"post","link":"https:\/\/www.chnk.pl\/?p=3543","title":{"rendered":"20 Niedziela Zwyk\u0142a"},"content":{"rendered":"<p>&nbsp;<\/p>\n<p><strong>OG\u0141OSZENIA DUSZPASTERSKIE<\/strong><\/p>\n<p><strong>NIEDZIELA&nbsp; XX ZWYK\u0141A<\/strong><\/p>\n<p><strong>14 sierpnia 2022 r.<\/strong><\/p>\n<p><strong>&nbsp;<\/strong><\/p>\n<ol>\n<li>Kalendarz liturgiczny: poniedzia\u0142ek \u2013 Wniebowzi\u0119cie NMP, wtorek \u2013 \u015bw. Stefana W\u0119gierskiego, \u015broda \u2013 \u015bw. Jacka, czwartek &#8211; b\u0142. Sancji Szymkowiak, pi\u0105tek &#8211; \u015bw. Jana Eudesa, sobota \u2013 \u015bw. Bernarda, opata.<\/li>\n<\/ol>\n<p>&nbsp;<\/p>\n<ol start=\"2\">\n<li>Dzisiejsz\u0105 wieczorn\u0105 msz\u0105 \u015bw. o godz. 18.00 rozpoczynamy \u015bwi\u0119towanie Wniebowzi\u0119cia Naj\u015bwi\u0119tszej Maryi Panny. Msza \u015bw. wed\u0142ug porz\u0105dku niedzielnego. Po ka\u017cdej mszy \u015bw. kr\u00f3tka procesja do figury Matki Bo\u017cej z La Salette i tam b\u0142ogos\u0142awienie zi\u00f3\u0142 i kwiat\u00f3w. Przed ko\u015bcio\u0142em zbi\u00f3rka do puszek na Caritas Pozna\u0144sk\u0105. Fundusze zostan\u0105 przeznaczone na wci\u0105\u017c n\u0119kan\u0105 ludno\u015b\u0107 Ukrainy.<\/li>\n<\/ol>\n<p>&nbsp;<\/p>\n<ol start=\"3\">\n<li>W pi\u0105tek, 19 dzie\u0144 miesi\u0105ca, dzie\u0144 salety\u0144ski w naszej Parafii. R\u00f3\u017caniec salety\u0144ski o godz. 7.30. Wynagradzamy Panu Bogu za przyczyn\u0105 Matki Bo\u017cej za nieposzanowanie niedzieli, lekkomy\u015blne opuszczanie niedzielnej mszy \u015bw., i za uzale\u017cnienie od wulgaryzm\u00f3w. Nie b\u0119dzie tradycyjnej procesji.<\/li>\n<\/ol>\n<p>&nbsp;<\/p>\n<ol start=\"4\">\n<li>Wraz z nowy rokiem akademickim rozpocznie si\u0119 przygotowanie nowych kadr dla Duszpasterstwa Rodzin. Skierowane jest ono do os\u00f3b, kt\u00f3re chc\u0105&nbsp; zaanga\u017cowa\u0107 si\u0119&nbsp;&nbsp;&nbsp;&nbsp;&nbsp;&nbsp;&nbsp;&nbsp;&nbsp;&nbsp;&nbsp;&nbsp;&nbsp;&nbsp;&nbsp;&nbsp;&nbsp;&nbsp;&nbsp;&nbsp; w duszpasterskie dzia\u0142ania na rzecz narzeczonych, ma\u0142\u017ce\u0144stw i rodzin. Studium Rodziny otwarte jest r\u00f3wnie\u017c dla os\u00f3b, szukaj\u0105cych osobistego pog\u0142\u0119bienia swojej wiedzy i formacji ma\u0142\u017ce\u0144skiej. Przewidujemy, \u017ce zaj\u0119cia Studium Rodziny b\u0119d\u0105 si\u0119 odbywa\u0142y od pa\u017adziernika do czerwca, co drug\u0105 sobot\u0119.&nbsp; Mog\u0105 zg\u0142asza\u0107 si\u0119 osoby pe\u0142noletnie do 55 roku \u017cycia, minimum z wykszta\u0142ceniem \u015brednim, zar\u00f3wno samotne jak i \u017cyj\u0105ce w ma\u0142\u017ce\u0144stwie.&nbsp;&nbsp;&nbsp;&nbsp;&nbsp;&nbsp;&nbsp;&nbsp;&nbsp;&nbsp;&nbsp;&nbsp;&nbsp;&nbsp;&nbsp;&nbsp;&nbsp;&nbsp;&nbsp;&nbsp; Wi\u0119cej informacji na <a href=\"http:\/\/www.dr.archpoznan.pl\/\">www.dr.archpoznan.pl<\/a> , w zakrystii i w Biurze Parafialnym.<\/li>\n<\/ol>\n<p>&nbsp;<\/p>\n<ol start=\"5\">\n<li>Do\u017cynki Archidiecezjalne odb\u0119d\u0105 si\u0119 w Przem\u0119cie, w niedziel\u0119, 28 sierpnia 2022r., o godz. 12.00 i b\u0119d\u0105 po\u0142\u0105czone z dzi\u0119kczynieniem miejscowej Gminy Przem\u0119t. Zach\u0119camy wiernych, nie tylko rolnik\u00f3w, do uczestnictwa w dzi\u0119kczynieniu Panu Bogu za plony i \u017cywno\u015b\u0107. Jest to dla nas te\u017c okazja do dzi\u0119kczynnej modlitwy Panu Bogu za codzienny chleb. Mszy \u015bw. dzi\u0119kczynnej b\u0119dzie przewodniczy\u0142 Ks. Abp Stanis\u0142awa G\u0105decki.<\/li>\n<\/ol>\n<p>&nbsp;<\/p>\n<ol start=\"6\">\n<li>Wielki odpust Narodzenia Naj\u015bw. Maryi Panny odb\u0119dzie si\u0119 w Tulcach w dniach od 28 sierpnia do 4 wrze\u015bnia. Pielgrzymka piesza z naszej Parafii 4 wrze\u015bnia, sprzed ko\u015bcio\u0142a o godz. 7.00.<\/li>\n<\/ol>\n<p>&nbsp;<\/p>\n<ol start=\"7\">\n<li>Zach\u0119camy do czytania prasy katolickiej: Przy zakrystii <em>Przewodnik Katolicki, Go\u015b\u0107 Niedzielny i Mi\u0142ujcie si\u0119.<\/em> Pobyt ks. Jaros\u0142awa w Ugandzie mo\u017cna \u015bledzi\u0107 w internecie. Informacja na tablicy og\u0142osze\u0144.<\/li>\n<\/ol>\n<p>&nbsp;<\/p>\n<ol start=\"8\">\n<li>M\u00f3dlmy si\u0119 za zmar\u0142ych parafian: za \u015bp. Lucyn\u0119 Szkudlarek, os. Lecha 46 (pogrzeb w Skwierzynie), za \u015bp. J\u00f3zefa Syskiego (msza \u015bw. pogrzebowa we wtorek o godz. 11.00), za \u015bp. Bronis\u0142aw\u0119 Bodys, os. Lecha 18 (msza \u015bw. pogrzebowa w pi\u0105tek o 9:00, pogrzeb na Junikowie o 11.50); Wieczny odpoczynek racz zmar\u0142ym da\u0107 Panie.<\/li>\n<\/ol>\n<p>&nbsp;<\/p>\n<p>&nbsp;&nbsp;&nbsp;&nbsp;&nbsp;&nbsp;&nbsp;&nbsp;&nbsp;&nbsp;&nbsp;&nbsp;&nbsp;&nbsp;&nbsp;&nbsp;&nbsp;&nbsp;&nbsp;&nbsp;&nbsp;&nbsp;&nbsp;&nbsp;&nbsp;&nbsp;&nbsp;&nbsp;&nbsp;&nbsp;&nbsp;&nbsp;&nbsp;&nbsp;&nbsp;&nbsp;&nbsp;&nbsp;&nbsp;&nbsp;&nbsp;&nbsp;&nbsp;&nbsp;&nbsp;&nbsp;&nbsp;&nbsp;&nbsp;&nbsp;&nbsp;&nbsp;&nbsp;&nbsp;&nbsp;&nbsp;&nbsp;&nbsp;&nbsp;&nbsp;&nbsp;&nbsp;&nbsp;&nbsp;&nbsp;&nbsp;&nbsp;&nbsp;&nbsp;&nbsp;&nbsp;&nbsp;&nbsp;&nbsp;&nbsp;&nbsp;&nbsp;&nbsp;&nbsp;&nbsp;&nbsp;&nbsp;&nbsp;&nbsp;&nbsp;&nbsp;&nbsp;&nbsp;&nbsp;&nbsp;&nbsp;&nbsp;&nbsp;&nbsp;&nbsp;&nbsp;&nbsp;&nbsp;&nbsp;&nbsp;&nbsp;&nbsp;&nbsp;&nbsp;&nbsp;&nbsp;&nbsp;&nbsp;&nbsp;&nbsp;&nbsp;&nbsp;&nbsp;&nbsp;&nbsp;&nbsp;&nbsp;&nbsp;&nbsp;&nbsp;&nbsp;&nbsp;&nbsp;&nbsp;&nbsp;&nbsp; &nbsp;&nbsp;&nbsp;&nbsp;&nbsp;&nbsp;&nbsp;&nbsp;&nbsp;&nbsp;&nbsp;&nbsp;&nbsp;&nbsp;&nbsp;&nbsp;&nbsp;&nbsp;&nbsp;&nbsp;&nbsp;&nbsp;&nbsp;&nbsp;&nbsp;&nbsp;&nbsp;&nbsp;&nbsp;&nbsp;&nbsp;&nbsp;&nbsp;&nbsp;&nbsp;&nbsp;&nbsp;&nbsp;&nbsp;&nbsp;&nbsp;&nbsp;&nbsp;&nbsp;&nbsp;&nbsp;&nbsp;&nbsp;&nbsp;&nbsp;&nbsp;&nbsp;&nbsp;&nbsp;&nbsp;&nbsp;&nbsp;&nbsp;&nbsp;&nbsp;&nbsp;&nbsp;&nbsp;&nbsp;&nbsp;&nbsp;&nbsp;&nbsp;&nbsp;&nbsp;&nbsp;&nbsp;&nbsp;&nbsp;&nbsp;&nbsp;&nbsp;&nbsp;&nbsp;&nbsp;&nbsp;&nbsp;&nbsp;&nbsp;&nbsp;&nbsp;&nbsp;&nbsp;&nbsp;&nbsp;&nbsp;&nbsp;&nbsp;&nbsp;&nbsp;&nbsp;&nbsp;&nbsp;&nbsp;&nbsp;&nbsp;&nbsp;&nbsp;&nbsp;&nbsp;&nbsp;&nbsp;&nbsp;&nbsp;<\/p>\n<p>&nbsp;<\/p>\n<p>&nbsp;<\/p>\n<p><strong>INFORMACJE STA\u0141E NA <\/strong><strong>LIPIEC I SIERPIE<\/strong><\/p>\n<p>W lipcu i w sierpniu zmienione godziny odprawiania Mszy \u015bw. w niedziele i dni powszednie oraz zmienione godziny urz\u0119dowania Biura Parafialnego. W niedziele wakacyjne nie ma mszy \u015bw. o godz. 12.30.<\/p>\n<p><u>Msza \u015bw.<\/u> o godz. 8.00 w poniedzia\u0142ek, \u015brod\u0119 i pi\u0105tek<br \/>\n&nbsp;o godz.18.00 we wtorek, czwartek i sobot\u0119.<\/p>\n<p>Nowenna do Matki Bo\u017cej Nieustaj\u0105cej Pomocy w \u015brod\u0119 o godz. 8.00<\/p>\n<p>R\u00f3\u017caniec do Matki Bo\u017cej Patronki Dobrej \u015amierci we wtorek o godz. 17.30<\/p>\n<p><u>Biuro Parafialne<\/u>: poniedzia\u0142ek godz. 9.00 do 10.30, czwartek godz. 16.00 do 17.30&nbsp;&nbsp;&nbsp;&nbsp;&nbsp;&nbsp;&nbsp;&nbsp;&nbsp;&nbsp;&nbsp;&nbsp;&nbsp;&nbsp;&nbsp;&nbsp;&nbsp;&nbsp;&nbsp; i sobota godz. 19.00 do 20.00.<\/p>\n<p>Msza \u015bw. niedzielna w godzinach p\u00f3\u017aniejszych w najbli\u017cszych parafiach: Parafia Pierwszych Polskich M\u0119czennik\u00f3w, os. Tysi\u0105clecia &#8211; godz. 20.00 i Parafia \u015bw. \u0141ukasza, os. Rusa &#8211; godz. 20.30<\/p>\n<p>Spowied\u017a \u015bw. p\u00f3\u0142 godziny przed Msz\u0105 \u015bw. i w sobot\u0119 od godz. 16.00 &#8211; 18.00. &nbsp;&nbsp;&nbsp;&nbsp;&nbsp;&nbsp;&nbsp;&nbsp;&nbsp;&nbsp;&nbsp;&nbsp;&nbsp;&nbsp;&nbsp;&nbsp;&nbsp;&nbsp;&nbsp;&nbsp;&nbsp;&nbsp;&nbsp;<\/p>\n<p><strong>&nbsp;&nbsp;&nbsp;&nbsp;&nbsp;&nbsp;&nbsp;&nbsp;&nbsp;&nbsp;&nbsp;&nbsp;&nbsp;&nbsp;&nbsp;&nbsp;&nbsp;&nbsp;&nbsp;&nbsp;&nbsp;&nbsp;&nbsp;&nbsp;&nbsp;&nbsp;&nbsp;&nbsp;&nbsp;&nbsp;&nbsp;&nbsp;&nbsp;&nbsp;&nbsp;&nbsp;&nbsp;&nbsp;&nbsp;&nbsp;&nbsp;&nbsp;&nbsp;&nbsp;&nbsp;&nbsp;&nbsp;&nbsp;&nbsp;&nbsp;&nbsp;&nbsp;&nbsp;&nbsp;&nbsp;&nbsp;&nbsp;&nbsp;&nbsp;&nbsp;&nbsp;&nbsp;&nbsp;&nbsp;&nbsp;&nbsp;&nbsp;&nbsp;&nbsp;&nbsp;&nbsp;&nbsp;&nbsp;&nbsp;&nbsp;&nbsp;&nbsp;&nbsp;&nbsp;&nbsp;&nbsp;&nbsp;&nbsp;&nbsp;&nbsp;&nbsp;&nbsp;&nbsp;&nbsp;&nbsp;&nbsp;&nbsp;&nbsp;&nbsp;&nbsp;&nbsp;&nbsp;&nbsp;&nbsp;&nbsp;&nbsp;&nbsp;&nbsp;&nbsp;&nbsp;&nbsp;&nbsp;&nbsp;&nbsp;&nbsp;&nbsp;&nbsp;&nbsp;&nbsp;&nbsp;&nbsp;&nbsp;&nbsp;&nbsp;&nbsp;&nbsp;&nbsp;&nbsp;&nbsp;&nbsp;&nbsp;&nbsp;&nbsp;&nbsp;&nbsp;&nbsp;&nbsp;&nbsp;&nbsp;&nbsp;&nbsp;&nbsp;&nbsp;&nbsp;&nbsp;&nbsp;&nbsp;&nbsp;&nbsp;&nbsp;&nbsp;&nbsp;&nbsp;&nbsp;&nbsp;&nbsp;&nbsp;&nbsp;&nbsp;&nbsp;&nbsp;&nbsp;&nbsp;&nbsp;&nbsp;&nbsp;&nbsp;&nbsp;&nbsp;&nbsp;&nbsp;&nbsp;&nbsp;&nbsp;&nbsp;&nbsp;&nbsp;&nbsp;&nbsp;&nbsp;&nbsp;&nbsp;&nbsp;&nbsp;&nbsp;&nbsp;&nbsp;&nbsp;&nbsp;&nbsp;&nbsp;&nbsp;&nbsp;&nbsp;&nbsp;&nbsp;&nbsp;&nbsp;&nbsp;&nbsp;&nbsp;&nbsp;&nbsp;&nbsp;&nbsp;&nbsp;&nbsp;&nbsp;&nbsp;&nbsp;&nbsp;&nbsp;&nbsp;&nbsp;&nbsp;&nbsp;&nbsp;&nbsp;&nbsp;&nbsp;&nbsp;&nbsp;&nbsp;&nbsp;&nbsp;&nbsp;&nbsp;&nbsp;&nbsp;&nbsp;&nbsp;&nbsp;&nbsp;&nbsp;&nbsp;&nbsp; &nbsp;&nbsp;&nbsp;&nbsp;&nbsp;&nbsp;&nbsp;&nbsp;&nbsp;&nbsp;&nbsp;&nbsp;&nbsp;&nbsp;&nbsp;&nbsp;&nbsp;&nbsp;&nbsp;&nbsp;&nbsp;&nbsp;&nbsp;&nbsp;&nbsp;&nbsp;&nbsp;&nbsp;&nbsp;&nbsp;&nbsp;&nbsp;&nbsp;<\/strong><\/p>\n<p><strong>&nbsp;<\/strong><\/p>\n<p><strong>&nbsp;<\/strong><\/p>\n<p><strong>&nbsp;<\/strong><\/p>\n<p><strong>&nbsp;<\/strong><\/p>\n<p><strong>&nbsp;<\/strong><\/p>\n<p><strong>&nbsp;<\/strong><\/p>\n<p><strong>&nbsp;<\/strong><\/p>\n<p><strong>&nbsp;<\/strong><\/p>\n<p><strong>&nbsp;<\/strong><\/p>\n<p><strong>&nbsp;<\/strong><\/p>\n<p><strong>&nbsp;<\/strong><\/p>\n<p><strong>&nbsp;<\/strong><\/p>\n<p><strong>&nbsp;<\/strong><\/p>\n","protected":false},"excerpt":{"rendered":"<p>&nbsp; OG\u0141OSZENIA DUSZPASTERSKIE NIEDZIELA&nbsp; XX ZWYK\u0141A 14 sierpnia 2022 r. &nbsp; Kalendarz liturgiczny: poniedzia\u0142ek \u2013 Wniebowzi\u0119cie NMP, wtorek \u2013 \u015bw. Stefana W\u0119gierskiego, \u015broda \u2013 \u015bw. Jacka, czwartek &#8211; b\u0142. Sancji Szymkowiak, pi\u0105tek &#8211; \u015bw. Jana Eudesa, sobota \u2013 \u015bw. Bernarda, opata. &nbsp; Dzisiejsz\u0105 wieczorn\u0105 msz\u0105 \u015bw. o godz. 18.00 rozpoczynamy \u015bwi\u0119towanie Wniebowzi\u0119cia Naj\u015bwi\u0119tszej Maryi Panny. &#8230; <span class=\"more\"><a class=\"more-link\" href=\"https:\/\/www.chnk.pl\/?p=3543\">czytaj wi\u0119cej<\/a><\/span><\/p>\n","protected":false},"author":3,"featured_media":0,"comment_status":"open","ping_status":"open","sticky":false,"template":"","format":"standard","meta":{"ngg_post_thumbnail":0,"footnotes":""},"categories":[1],"tags":[],"_links":{"self":[{"href":"https:\/\/www.chnk.pl\/index.php?rest_route=\/wp\/v2\/posts\/3543"}],"collection":[{"href":"https:\/\/www.chnk.pl\/index.php?rest_route=\/wp\/v2\/posts"}],"about":[{"href":"https:\/\/www.chnk.pl\/index.php?rest_route=\/wp\/v2\/types\/post"}],"author":[{"embeddable":true,"href":"https:\/\/www.chnk.pl\/index.php?rest_route=\/wp\/v2\/users\/3"}],"replies":[{"embeddable":true,"href":"https:\/\/www.chnk.pl\/index.php?rest_route=%2Fwp%2Fv2%2Fcomments&post=3543"}],"version-history":[{"count":1,"href":"https:\/\/www.chnk.pl\/index.php?rest_route=\/wp\/v2\/posts\/3543\/revisions"}],"predecessor-version":[{"id":3544,"href":"https:\/\/www.chnk.pl\/index.php?rest_route=\/wp\/v2\/posts\/3543\/revisions\/3544"}],"wp:attachment":[{"href":"https:\/\/www.chnk.pl\/index.php?rest_route=%2Fwp%2Fv2%2Fmedia&parent=3543"}],"wp:term":[{"taxonomy":"category","embeddable":true,"href":"https:\/\/www.chnk.pl\/index.php?rest_route=%2Fwp%2Fv2%2Fcategories&post=3543"},{"taxonomy":"post_tag","embeddable":true,"href":"https:\/\/www.chnk.pl\/index.php?rest_route=%2Fwp%2Fv2%2Ftags&post=3543"}],"curies":[{"name":"wp","href":"https:\/\/api.w.org\/{rel}","templated":true}]}}