{"id":3529,"date":"2022-07-18T13:53:57","date_gmt":"2022-07-18T13:53:57","guid":{"rendered":"http:\/\/www.chnk.pl\/?p=3529"},"modified":"2022-07-18T13:54:30","modified_gmt":"2022-07-18T13:54:30","slug":"16-niedziela-zwykla-4","status":"publish","type":"post","link":"https:\/\/www.chnk.pl\/?p=3529","title":{"rendered":"16 Niedziela Zwyk\u0142a"},"content":{"rendered":"<p><strong>OG\u0141OSZENIA DUSZPASTERSKIE<\/strong><\/p>\n<p><strong>NIEDZIELA XVI ZWYK\u0141A<\/strong><\/p>\n<p><strong>17 lipca 2022 r.<\/strong><\/p>\n<p><strong>&nbsp;<\/strong><\/p>\n<p><strong>&nbsp;<\/strong><\/p>\n<ol>\n<li>Kalendarz liturgiczny: poniedzia\u0142ek \u2013 \u015bw. Szymona z Lipnicy (tego dnia przypadaj\u0105 imieniny bp. Szymona Stu\u0142kowskiego), \u015broda \u2013 b\u0142. Czes\u0142awa, pi\u0105tek \u2013 \u015bwi\u0119to \u015bw. Marii Magdaleny, pi\u0105tek \u2013 \u015bwi\u0119to \u015bw. Brygidy, patronki Europy.<\/li>\n<\/ol>\n<p>&nbsp;<\/p>\n<ol start=\"2\">\n<li>W ubieg\u0142ym tygodniu odby\u0142y si\u0119 w naszej parafii p\u00f3\u0142kolonie, w kt\u00f3rych uczestniczy\u0142o 30 dzieci. Dzi\u0119kujemy Panu Bogu za szcz\u0119\u015bliwy czas, rodzicom za zaufanie, dzieciom za radosny i aktywny udzia\u0142 w zaj\u0119ciach i wyj\u015bciach oraz paniom, kt\u00f3re zorganizowa\u0142y wydarzenie i opiekowa\u0142y si\u0119 dzie\u0107mi: p. Agacie G\u0142uszek, p. Annie Czapli\u0144skiej i p. Annie Krawczyk.<\/li>\n<\/ol>\n<p>&nbsp;<\/p>\n<ol start=\"3\">\n<li>W poniedzia\u0142ek Biuro Parafialne b\u0119dzie nieczynne<\/li>\n<\/ol>\n<p>&nbsp;<\/p>\n<ol start=\"4\">\n<li>We wtorek 19 dzie\u0144 miesi\u0105ca, dzie\u0144 salety\u0144ski w naszej parafii. Procesja salety\u0144ska po mszy \u015bw. o godz. 18.00. R\u00f3\u017caniec z intencjami salety\u0144skimi o godz. 17.20.<\/li>\n<\/ol>\n<p>&nbsp;<\/p>\n<ol start=\"5\">\n<li>W czwartek po mszy \u015bw. wieczornej p\u00f3\u0142godzinna adoracja Naj\u015bwi\u0119tszego Sakramentu.<\/li>\n<\/ol>\n<p>&nbsp;<\/p>\n<ol start=\"6\">\n<li>B\u0142ogos\u0142awie\u0144stwo kierowc\u00f3w i pojazd\u00f3w mechanicznych we wspomnienie liturgiczne \u015bw. Krzysztofa: w przysz\u0142\u0105 sobot\u0119 po mszy \u015bw. o godz. 18.00 i w niedziel\u0119 po mszy \u015bw. o godz. 9.30, 11.15 i 18.00. Przy tej okazji mo\u017cliwo\u015b\u0107 z\u0142o\u017cenia ofiary na \u015brodki transportu dla misjonarzy. Samochodami i motocyklami mo\u017cna wjecha\u0107 na plac przy ko\u015bciele.<\/li>\n<\/ol>\n<p>&nbsp;<\/p>\n<ol start=\"7\">\n<li>Jest jeszcze kilka wolnych miejsc na pielgrzymk\u0119 do Ziemi \u015awi\u0119tej w terminie 10\u201317 listopada. W programie najwa\u017cniejsze miejsca dzia\u0142alno\u015bci Chrystusa. Wylot z Poznania. Koszt 3690 z\u0142 + 210$. Program i szczeg\u00f3\u0142y do zabrania ze stolika w zakrystii. Zg\u0142oszenia w zakrystii i u ks. wikariusza.<\/li>\n<\/ol>\n<p>&nbsp;<\/p>\n<ol start=\"8\">\n<li>Zach\u0119camy do czytania prasy katolickiej. Przy zakrystii m.in. <em>Przewodnik Katolicki <\/em>i<em> Go\u015b\u0107 Niedzielny.<\/em><\/li>\n<\/ol>\n<p><em>&nbsp;<\/em><\/p>\n<ol start=\"9\">\n<li>M\u00f3dlmy si\u0119 za zmar\u0142ych Parafian. Za dusz\u0119 \u015bp. Mieczys\u0142awa Bonia, os. Lecha 96 (pogrzeb odby\u0142 si\u0119 w czwartek w Luboniu). Wieczny odpoczynek racz zmar\u0142ym da\u0107 Panie.<\/li>\n<\/ol>\n<p>&nbsp;<\/p>\n<p>&nbsp;<\/p>\n<p>&nbsp;<\/p>\n<p>&nbsp;<\/p>\n<p>&nbsp;<\/p>\n<p>&nbsp;<\/p>\n<p>&nbsp;<\/p>\n<p>&nbsp;<\/p>\n<p>&nbsp;<\/p>\n<p>&nbsp;<\/p>\n<p>&nbsp;<\/p>\n<p>&nbsp;<\/p>\n<p>&nbsp;<\/p>\n<p>&nbsp;<\/p>\n<p>&nbsp;<\/p>\n<p>&nbsp;<\/p>\n<p>&nbsp;<\/p>\n<p>&nbsp;<\/p>\n<p>&nbsp;<\/p>\n<p>&nbsp;<\/p>\n<p>&nbsp;<\/p>\n<p>&nbsp;<\/p>\n<p>&nbsp;<\/p>\n<p>&#8230;&#8230;&#8230;&#8230;&#8230;&#8230;&#8230;&#8230;&#8230;&#8230;&#8230;&#8230;&#8230;&#8230;&#8230;&#8230;&#8230;&#8230;&#8230;&#8230;&#8230;&#8230;&#8230;&#8230;&#8230;&#8230;&#8230;&#8230;&#8230;&#8230;&#8230;&#8230;&#8230;&#8230;&#8230;&#8230;&#8230;&#8230;&#8230;&#8230;&#8230;&#8230;&#8230;&#8230;&#8230;&#8230;..<\/p>\n<p>INFORMACJE STA\u0141E NA&nbsp; LIPIEC<\/p>\n<ol start=\"12\">\n<li>W lipcu i w sierpniu zmienione godziny odprawiania Mszy \u015bw. w niedziele i dni powszednie oraz zmienione godziny urz\u0119dowania Biura Parafialnego. W niedziele wakacyjne nie ma mszy \u015bw. o godz. 12.30.<\/li>\n<\/ol>\n<p><u>Msza \u015bw.<\/u> o godz. 8.00 w poniedzia\u0142ek, \u015brod\u0119 i pi\u0105tek<br \/>\n&nbsp;&nbsp;&nbsp;&nbsp;&nbsp;&nbsp;&nbsp;&nbsp;&nbsp;&nbsp;&nbsp;&nbsp;&nbsp;&nbsp;&nbsp; o godz. 18.00 we wtorek, czwartek i sobot\u0119.<\/p>\n<p>Nowenna do Matki Bo\u017cej Nieustaj\u0105cej Pomocy w \u015brod\u0119 o godz. 8.00<\/p>\n<p>R\u00f3\u017caniec do Matki Bo\u017cej Patronki Dobrej \u015amierci we wtorek o godz. 17.30<\/p>\n<p><u>Biuro Parafialne<\/u>: poniedzia\u0142ek od godz. 9.00 do 10.30, czwartek od godz. 16.00 do 17.30 i sobota od godz. 19.00 do 20.00.<\/p>\n<ol start=\"20\">\n<li>Msza \u015bw. niedzielna w godzinach p\u00f3\u017aniejszych w najbli\u017cszych parafiach: Parafia Pierwszych Polskich M\u0119czennik\u00f3w, os. Tysi\u0105clecia \u2013 godz. 20.00 i Parafia \u015bw. \u0141ukasza, os. Rusa \u2013 godz. 20.30<\/li>\n<li>Grupa Anonimowych Alkoholik\u00f3w spotyka si\u0119 w ka\u017cdy wtorek o godz. 19.00 w salce parafialnej i jest otwarta na wszystkich, kt\u00f3rzy szukaj\u0105 pomocy do \u017cycia w trze\u017awo\u015bci.<\/li>\n<li>Spowied\u017a \u015bw. p\u00f3\u0142 godziny przed Msz\u0105 \u015bw. i w sobot\u0119 w godz. 16.00\u201318.00.<\/li>\n<\/ol>\n","protected":false},"excerpt":{"rendered":"<p>OG\u0141OSZENIA DUSZPASTERSKIE NIEDZIELA XVI ZWYK\u0141A 17 lipca 2022 r. &nbsp; &nbsp; Kalendarz liturgiczny: poniedzia\u0142ek \u2013 \u015bw. Szymona z Lipnicy (tego dnia przypadaj\u0105 imieniny bp. Szymona Stu\u0142kowskiego), \u015broda \u2013 b\u0142. Czes\u0142awa, pi\u0105tek \u2013 \u015bwi\u0119to \u015bw. Marii Magdaleny, pi\u0105tek \u2013 \u015bwi\u0119to \u015bw. Brygidy, patronki Europy. &nbsp; W ubieg\u0142ym tygodniu odby\u0142y si\u0119 w naszej parafii p\u00f3\u0142kolonie, w kt\u00f3rych &#8230; <span class=\"more\"><a class=\"more-link\" href=\"https:\/\/www.chnk.pl\/?p=3529\">czytaj wi\u0119cej<\/a><\/span><\/p>\n","protected":false},"author":3,"featured_media":0,"comment_status":"open","ping_status":"open","sticky":false,"template":"","format":"standard","meta":{"ngg_post_thumbnail":0,"footnotes":""},"categories":[1],"tags":[],"_links":{"self":[{"href":"https:\/\/www.chnk.pl\/index.php?rest_route=\/wp\/v2\/posts\/3529"}],"collection":[{"href":"https:\/\/www.chnk.pl\/index.php?rest_route=\/wp\/v2\/posts"}],"about":[{"href":"https:\/\/www.chnk.pl\/index.php?rest_route=\/wp\/v2\/types\/post"}],"author":[{"embeddable":true,"href":"https:\/\/www.chnk.pl\/index.php?rest_route=\/wp\/v2\/users\/3"}],"replies":[{"embeddable":true,"href":"https:\/\/www.chnk.pl\/index.php?rest_route=%2Fwp%2Fv2%2Fcomments&post=3529"}],"version-history":[{"count":1,"href":"https:\/\/www.chnk.pl\/index.php?rest_route=\/wp\/v2\/posts\/3529\/revisions"}],"predecessor-version":[{"id":3530,"href":"https:\/\/www.chnk.pl\/index.php?rest_route=\/wp\/v2\/posts\/3529\/revisions\/3530"}],"wp:attachment":[{"href":"https:\/\/www.chnk.pl\/index.php?rest_route=%2Fwp%2Fv2%2Fmedia&parent=3529"}],"wp:term":[{"taxonomy":"category","embeddable":true,"href":"https:\/\/www.chnk.pl\/index.php?rest_route=%2Fwp%2Fv2%2Fcategories&post=3529"},{"taxonomy":"post_tag","embeddable":true,"href":"https:\/\/www.chnk.pl\/index.php?rest_route=%2Fwp%2Fv2%2Ftags&post=3529"}],"curies":[{"name":"wp","href":"https:\/\/api.w.org\/{rel}","templated":true}]}}