{"id":3515,"date":"2022-07-09T14:06:56","date_gmt":"2022-07-09T14:06:56","guid":{"rendered":"http:\/\/www.chnk.pl\/?p=3515"},"modified":"2022-07-09T14:06:56","modified_gmt":"2022-07-09T14:06:56","slug":"15-niedziela-zwykla-5","status":"publish","type":"post","link":"https:\/\/www.chnk.pl\/?p=3515","title":{"rendered":"15 Niedziela Zwyk\u0142a"},"content":{"rendered":"<p><strong>OG\u0141OSZENIA DUSZPASTERSKIE<\/strong><\/p>\n<p><strong>NIEDZIELA&nbsp; XV ZWYK\u0141A<\/strong><\/p>\n<p><strong>10 lipca 2022 r.<\/strong><\/p>\n<p><strong>&nbsp;<\/strong><\/p>\n<ol>\n<li><strong> Kalendarz liturgiczny: poniedzia\u0142ek \u2013 \u015bw. Benedykta, patrona Europy, wtorek &#8211; \u015bw. Brunona Bonifacego z Kwerfurtu, \u015broda &#8211; \u015bw. pustelnik\u00f3w Andrzeja \u015awierada i Benedykta, czwartek \u2013 \u015bw. Kamila de Lellis i \u015bw. Henryka, pi\u0105tek \u2013 \u015bw. Bonawentury, sobota &#8211; Naj\u015bwi\u0119tszej Maryi Panny z G\u00f3ry Karmel.<\/strong><\/li>\n<li><strong> W czwartek po mszy \u015bw. wieczornej p\u00f3\u0142godzinna adoracja Naj\u015bwi\u0119tszego Sakramentu.<\/strong><\/li>\n<li><strong> W sobot\u0119, w dniu Matki Bo\u017cej Szkaplerznej, msza \u015bw. u OO Karmelit\u00f3w z na\u0142o\u017ceniem szkaplerza o godz. 7.15, 11.30, 15.30 i 18.00.<\/strong><\/li>\n<\/ol>\n<p><strong>4.Trwa rekrutacja na Studia Podyplomowe Katechezy Przedszkolnej i Studia Podyplomowe Teologiczno-Katechetyczne od 1 lipca 2022 r. &nbsp;do 9.09.2022 r. na Wydziale Teologicznym. Adresatami studi\u00f3w s\u0105 osoby, posiadaj\u0105ce dyplom uko\u0144czenia studi\u00f3w magisterskich w zakresie wychowania przedszkolnego lub wczesnoszkolnego oraz osoby, posiadaj\u0105ce dyplom uko\u0144czenia studi\u00f3w magisterskich wszystkich kierunk\u00f3w z przygotowaniem lub bez przygotowania pedagogicznego. &nbsp;Studia daj\u0105 kwalifikacje do nauczania religii w przedszkolach oraz&nbsp; szko\u0142ach. &nbsp;Szczeg\u00f3\u0142owe informacje znajduj\u0105 si\u0119 &nbsp;na stronach wydzia\u0142u w zak\u0142adce Studia Podyplomowe i kursy:<\/strong><a href=\"https:\/\/teologia.amu.edu.pl\/studia-podyplomowe-i-kursy\/studia-podyplomowe-i-kursy\/aktualnosci\"><strong>https:\/\/teologia.amu.edu.pl\/studia-podyplomowe-i-kursy\/studia-podyplomowe-i-kursy\/aktualnosci<\/strong><\/a><strong>&nbsp;<\/strong><\/p>\n<ol start=\"5\">\n<li><strong> Z<\/strong><strong>apraszamy do wzi\u0119cia udzia\u0142u w Rodzinnym Og\u00f3lnopolskim Konkursie Fotograficznym: \u201eWakacyjne \u015blady \u015bw. Jana Paw\u0142a II\u201d organizowanym przez \u201eLaboratorium \u015bw. Jana Paw\u0142a II\u201d w Toruniu. W Polsce jest mn\u00f3stwo miejsc zwi\u0105zanym z Janem Paw\u0142em II. W prawie ka\u017cdym wojew\u00f3dztwie mo\u017cna znale\u017a\u0107 szlak papieski \u2013 pieszy lub kajakowy. Zach\u0119camy do podzielenia si\u0119 z nami swoimi wakacyjnymi wra\u017ceniami z miejsc zwi\u0105zanych z papie\u017cem Polakiem.&nbsp;Zdj\u0119cia wraz z podpisanym o\u015bwiadczeniem mo\u017cna wysy\u0142a\u0107 na adres mailowy: <\/strong><a href=\"mailto:lab_jp2@umk.pl\"><strong>lab jp2@umk.pl<\/strong><\/a><strong>do 10 wrze\u015bnia 2022 roku. Zdj\u0119cia b\u0119d\u0105 publikowana na bie\u017c\u0105co na stornie FB Laboratorium \u015bw. Jana Paw\u0142a II&nbsp;<\/strong><strong>FB @LabJPII. <\/strong><strong>Wi\u0119cej informacji oraz Regulamin Konkursu na&nbsp;<\/strong><strong>FB @LabJPII oraz<\/strong><a href=\"http:\/\/jp2.umk.pl\/\"><strong>jp2.umk.pl<\/strong><\/a><\/li>\n<li><strong> S\u0142uchacze Radia Maryja i widzowie telewizji Trwam, kt\u00f3rzy chcieliby wesprze\u0107 te rozg\u0142o\u015bnie, chocia\u017c skromnymi ofiarami, mog\u0105 je przekaza\u0107 pani Marii lub z\u0142o\u017cy\u0107 do skarbony przy wej\u015bciu do ko\u015bcio\u0142a. Najbezpieczniej jest wk\u0142ada\u0107 monety.<\/strong><\/li>\n<li><strong> B\u00f3g zap\u0142a\u0107 za ofiary sk\u0142adane na utrzymanie naszego ko\u015bcio\u0142a. Informujemy, \u017ce nadzwyczajni szafarze Komunii \u015bw. pe\u0142ni\u0105 swoj\u0105 pos\u0142ug\u0119 charytatywnie i nie przyjmuj\u0105 z tej racji ofiar. Korzystaj\u0105cy z ich pos\u0142ugi niechaj modl\u0105 si\u0119 usilnie o nowych szafarzy dla naszej parafii.<\/strong><\/li>\n<li><strong> Zach\u0119camy do czytania prasy katolickiej. Przy zakrystii: \u201ePrzewodnik Katolicki\u201d, \u201eGo\u015b\u0107 Niedzielny\u201d, i \u201eMa\u0142y Przewodnik Katolicki\u201d.<\/strong><\/li>\n<li><strong> Z wytrwa\u0142o\u015bci\u0105 m\u00f3dlmy si\u0119 o pok\u00f3j w Ukrainie, w Ojczy\u017anie naszej i na ca\u0142ym \u015bwiecie. M\u00f3dlmy si\u0119 o deszcz i zachowanie plon\u00f3w, o oddalenie niebezpiecze\u0144stwa g\u0142odu ognia i wojny. \u015awi\u0119ty Bo\u017ce, \u015awi\u0119ty mocny, \u015awi\u0119ty nie\u015bmiertelny, zmi\u0142uj si\u0119 nad nami.<\/strong><\/li>\n<\/ol>\n<p><strong>&nbsp;<\/strong><\/p>\n<p><strong>&nbsp;<\/strong><\/p>\n<p>&nbsp;<\/p>\n<p>&nbsp;<\/p>\n<p>&nbsp;<\/p>\n<p>&nbsp;<\/p>\n<p>&nbsp;<\/p>\n<p>&nbsp;<\/p>\n<p>&nbsp;<\/p>\n<p>&#8230;&#8230;&#8230;&#8230;&#8230;&#8230;&#8230;&#8230;&#8230;&#8230;&#8230;&#8230;&#8230;&#8230;&#8230;&#8230;&#8230;&#8230;&#8230;&#8230;&#8230;&#8230;&#8230;&#8230;&#8230;&#8230;&#8230;&#8230;&#8230;&#8230;&#8230;&#8230;&#8230;&#8230;&#8230;&#8230;&#8230;&#8230;&#8230;&#8230;&#8230;&#8230;&#8230;&#8230;&#8230;&#8230;.<\/p>\n<p><strong>&nbsp;<\/strong><\/p>\n<p><strong>INFORMACJE STA\u0141E&nbsp;&nbsp; <\/strong><strong>\/LIPIEC&nbsp; I SIERPIE\u0143\/<\/strong><\/p>\n<ol start=\"8\">\n<li>W lipcu i w sierpniu zmienione godziny odprawiania Mszy \u015bw. w niedziele i dni powszednie oraz zmienione godziny urz\u0119dowania Biura Parafialnego. W niedziele wakacyjne msza \u015bw. o godz. 8.00, 9.30, 11.15. 18.00. Nie ma mszy \u015bw. o godz. 12.30.<\/li>\n<\/ol>\n<p><u>Msza \u015bw.<\/u> o godz.&nbsp; 8.00 w poniedzia\u0142ek, \u015brod\u0119 i pi\u0105tek<br \/>\n&nbsp;&nbsp;&nbsp;&nbsp;&nbsp;&nbsp;&nbsp;&nbsp;&nbsp;&nbsp;&nbsp;&nbsp;&nbsp;&nbsp; o godz.18.00 we wtorek, czwartek i sobot\u0119<\/p>\n<p>Nowenna do Matki Bo\u017cej Nieustaj\u0105cej Pomocy w \u015brod\u0119 o godz. 8.00. R\u00f3\u017caniec do Matki Bo\u017cej Patronki Dobrej \u015amierci i Nowenna do \u015bw. J\u00f3zefa&nbsp; we wtorek o godz. 17.30<\/p>\n<p><u>Biuro Parafialne<\/u>: poniedzia\u0142ek godz. 9.00 do 10.30, czwartek godz. 16.00 do 17.30 i sobota godz. 19.00 do 20.00.<\/p>\n<ol start=\"20\">\n<li>Msza \u015bw. niedzielna w godzinach p\u00f3\u017aniejszych w najbli\u017cszych parafiach: Parafia Pierwszych Polskich M\u0119czennik\u00f3w, os. Tysi\u0105clecia &#8211; godz. 20.00 i Parafia \u015bw. \u0141ukasza, os. Rusa &#8211; godz. 20.30<\/li>\n<li>Dzieci wyje\u017cd\u017caj\u0105ce na kolonie powinny zabra\u0107 pisemne o\u015bwiadczenie rodzic\u00f3w, i\u017c jest ich wol\u0105, aby dziecko uczestniczy\u0142o w niedzielnej Mszy \u015bw.<\/li>\n<li>Spowied\u017a \u015bw. p\u00f3\u0142 godziny przed Msz\u0105 \u015bw. i w sobot\u0119 od godz. 16.00 -18.00.<\/li>\n<li>Grupa Anonimowych Alkoholik\u00f3w spotyka si\u0119 w ka\u017cdy wtorek o godz. 19.00 w salce parafialnej i jest otwarta na wszystkich, kt\u00f3rzy szukaj\u0105 pomocy do \u017cycia w trze\u017awo\u015bci.<\/li>\n<li>Prosimy o podawanie intencji mszalnych, uprzednio zarezerwowanych, na lipiec i sierpie\u0144. Mo\u017cna to uczyni\u0107 w niedziel\u0119, po Mszy \u015bw., w zakrystii.<\/li>\n<\/ol>\n<p>&nbsp;<\/p>\n","protected":false},"excerpt":{"rendered":"<p>OG\u0141OSZENIA DUSZPASTERSKIE NIEDZIELA&nbsp; XV ZWYK\u0141A 10 lipca 2022 r. &nbsp; Kalendarz liturgiczny: poniedzia\u0142ek \u2013 \u015bw. Benedykta, patrona Europy, wtorek &#8211; \u015bw. Brunona Bonifacego z Kwerfurtu, \u015broda &#8211; \u015bw. pustelnik\u00f3w Andrzeja \u015awierada i Benedykta, czwartek \u2013 \u015bw. Kamila de Lellis i \u015bw. Henryka, pi\u0105tek \u2013 \u015bw. Bonawentury, sobota &#8211; Naj\u015bwi\u0119tszej Maryi Panny z G\u00f3ry Karmel. W &#8230; <span class=\"more\"><a class=\"more-link\" href=\"https:\/\/www.chnk.pl\/?p=3515\">czytaj wi\u0119cej<\/a><\/span><\/p>\n","protected":false},"author":3,"featured_media":0,"comment_status":"open","ping_status":"open","sticky":false,"template":"","format":"standard","meta":{"ngg_post_thumbnail":0,"footnotes":""},"categories":[1],"tags":[],"_links":{"self":[{"href":"https:\/\/www.chnk.pl\/index.php?rest_route=\/wp\/v2\/posts\/3515"}],"collection":[{"href":"https:\/\/www.chnk.pl\/index.php?rest_route=\/wp\/v2\/posts"}],"about":[{"href":"https:\/\/www.chnk.pl\/index.php?rest_route=\/wp\/v2\/types\/post"}],"author":[{"embeddable":true,"href":"https:\/\/www.chnk.pl\/index.php?rest_route=\/wp\/v2\/users\/3"}],"replies":[{"embeddable":true,"href":"https:\/\/www.chnk.pl\/index.php?rest_route=%2Fwp%2Fv2%2Fcomments&post=3515"}],"version-history":[{"count":1,"href":"https:\/\/www.chnk.pl\/index.php?rest_route=\/wp\/v2\/posts\/3515\/revisions"}],"predecessor-version":[{"id":3516,"href":"https:\/\/www.chnk.pl\/index.php?rest_route=\/wp\/v2\/posts\/3515\/revisions\/3516"}],"wp:attachment":[{"href":"https:\/\/www.chnk.pl\/index.php?rest_route=%2Fwp%2Fv2%2Fmedia&parent=3515"}],"wp:term":[{"taxonomy":"category","embeddable":true,"href":"https:\/\/www.chnk.pl\/index.php?rest_route=%2Fwp%2Fv2%2Fcategories&post=3515"},{"taxonomy":"post_tag","embeddable":true,"href":"https:\/\/www.chnk.pl\/index.php?rest_route=%2Fwp%2Fv2%2Ftags&post=3515"}],"curies":[{"name":"wp","href":"https:\/\/api.w.org\/{rel}","templated":true}]}}