{"id":3509,"date":"2022-07-04T12:43:02","date_gmt":"2022-07-04T12:43:02","guid":{"rendered":"http:\/\/www.chnk.pl\/?p=3509"},"modified":"2022-07-04T12:43:02","modified_gmt":"2022-07-04T12:43:02","slug":"14-niedziela-zwykla-6","status":"publish","type":"post","link":"https:\/\/www.chnk.pl\/?p=3509","title":{"rendered":"14 Niedziela Zwyk\u0142a"},"content":{"rendered":"<p><strong>OG\u0141OSZENIA DUSZPASTERSKIE<\/strong><\/p>\n<p><strong>NIEDZIELA XIV ZWYK\u0141A<\/strong><\/p>\n<p><strong>3 lipca 2022 r.<\/strong><\/p>\n<p><strong>1.<\/strong>Kalendarz liturgiczny:poniedzia\u0142ek \u2013 El\u017cbiety Portugalskiej, wtorek &#8211; Marii Goretti, \u015broda \u2013 b\u0142. Marii Teresy Led\u00f3chowskiej, pi\u0105tek \u2013 \u015bw. Jana z Dukli, sobota \u2013 \u015bw. Augustyna Zhao Rohg.<\/p>\n<ol start=\"2\">\n<li>W czwartek, pierwszy w miesi\u0105cu, adoracja Naj\u015bwi\u0119tszego Sakramentu od godz. 17.00 do 18.00 w intencji poszanowania \u017cycia ludzkiego, godno\u015bci jego przekazywania i kszta\u0142tuj\u0105cych opini\u0119 spo\u0142eczn\u0105 na ten temat. Zapraszamy na r\u00f3\u017caniec wszystkich, kt\u00f3rzy podj\u0119li duchow\u0105 adopcj\u0119 dziecka nienarodzonego. Adoracja w intencji zachowania i uproszenie nowych powo\u0142a\u0144 kap\u0142a\u0144skich, zakonnych i misyjnych po wieczornej mszy \u015bw. do godz. 21.00.<\/li>\n<li>Zach\u0119camy do czytania prasy katolickiej. Przy zakrystii: \u201ePrzewodnik Katolicki\u201d. Jest &#8222;Ma\u0142y Przewodnik Katolicki&#8221;, \u201eGo\u015b\u0107 Niedzielny\u201d. W internecie: www ProPublico.TV, www Wiara.pl, przez wakacje nie b\u0119dzie gazetki parafialnej<\/li>\n<li>B\u00f3g zap\u0142a\u0107 za ofiary na utrzymanie naszego ko\u015bcio\u0142a. B\u00f3g za ofiary na Stolic\u0119 \u015awi\u0119t\u0105 z\u0142o\u017cone w uroczysto\u015b\u0107 \u015bw. Aposto\u0142\u00f3w Piotra i Paw\u0142a, na KUL,Wydzia\u0142 Teologiczny.<\/li>\n<li><strong>5<\/strong><strong>. <\/strong>Grupa Anonimowych Alkoholik\u00f3w spotyka si\u0119 w ka\u017cdy wtorek o godz. 19.00 i jest otwarta na wszystkich, kt\u00f3rzy szukaj\u0105 pomocy do \u017cycia w trze\u017awo\u015bci.<\/li>\n<li>Archidiecezja Pozna\u0144ska organizuje kolejn\u0105 Archidiecezjaln\u0105 pielgrzymk\u0119 do Francji, w dniach od&nbsp;29 kwietnia do 6 maja 2023&nbsp;roku. Szczeg\u00f3\u0142y do om\u00f3wienia w zakrystii<\/li>\n<\/ol>\n<p>&#8230;&#8230;&#8230;&#8230;&#8230;&#8230;&#8230;&#8230;&#8230;&#8230;&#8230;&#8230;&#8230;&#8230;&#8230;<\/p>\n<p><strong>&nbsp;&nbsp;<u>INFORMACJE STA\u0141E<\/u><\/strong><\/p>\n<p><strong>\/LIPIEC&nbsp; I SIERPIE\u0143\/<\/strong><\/p>\n<ol start=\"8\">\n<li><strong> W lipcu i w sierpniu zmienione godziny odprawiania Mszy \u015bw. w niedziele i dni powszednie oraz zmienione godziny urz\u0119dowania Biura Parafialnego. W lipcu i sierpniu msza \u015bw. niedzielna o godz. 8.00, 9,30, 11.15 i 18.00. Nie ma mszy \u015bw. o godz. 12.30. W dni powszednie msza \u015bw. o godz. 8.00 w poniedzia\u0142ek, \u015brod\u0119 i pi\u0105tek, a o godz.18.00 we wtorek, czwartek i sobot\u0119.<\/strong><\/li>\n<li><strong> Biuro Parafialne: poniedzia\u0142ek godz. 9.00 do 10.30, czwartek godz. 16.00 do 17.3 i sobota godz. 19.00 do 20.00. Sprawy pilne prosimy za\u0142atwia\u0107 w godzinach zbli\u017conych do godziny odprawiania mszy \u015bw.<\/strong><\/li>\n<li><strong> Spowied\u017a \u015bw. p\u00f3\u0142 godziny przed Msz\u0105 \u015bw. i w sobot\u0119 od godz. 16.00 -18.00. <\/strong><\/li>\n<li><strong> Msza \u015bw. niedzielna w godzinach p\u00f3\u017aniejszych w najbli\u017cszych parafiach: Parafia Pierwszych Polskich M\u0119czennik\u00f3w, os. Tysi\u0105clecia &#8211; godz. 20.00 i Parafia \u015bw. \u0141ukasza, os. Rusa &#8211; godz. 20.30<\/strong><\/li>\n<li><strong> Prosimy o podawanie intencji mszalnych, uprzednio zarezerwowanych, na lipiec i sierpie\u0144. Mo\u017cna to uczyni\u0107 w niedziel\u0119, po mszy \u015bw., w zakrystii.<\/strong><\/li>\n<li><strong> Spowied\u017a \u015bw. p\u00f3\u0142 godziny przed Msz\u0105 \u015bw. i w sobot\u0119 od godz. 16.00-18.00. <\/strong><\/li>\n<\/ol>\n<p><strong>&nbsp;<\/strong><\/p>\n<p>&nbsp;<\/p>\n<p>&nbsp;<\/p>\n<p>&nbsp;<\/p>\n<p>&nbsp;<\/p>\n<p>&nbsp;<\/p>\n<p>&nbsp;<\/p>\n<p>&nbsp;<\/p>\n","protected":false},"excerpt":{"rendered":"<p>OG\u0141OSZENIA DUSZPASTERSKIE NIEDZIELA XIV ZWYK\u0141A 3 lipca 2022 r. 1.Kalendarz liturgiczny:poniedzia\u0142ek \u2013 El\u017cbiety Portugalskiej, wtorek &#8211; Marii Goretti, \u015broda \u2013 b\u0142. Marii Teresy Led\u00f3chowskiej, pi\u0105tek \u2013 \u015bw. Jana z Dukli, sobota \u2013 \u015bw. Augustyna Zhao Rohg. W czwartek, pierwszy w miesi\u0105cu, adoracja Naj\u015bwi\u0119tszego Sakramentu od godz. 17.00 do 18.00 w intencji poszanowania \u017cycia ludzkiego, godno\u015bci &#8230; <span class=\"more\"><a class=\"more-link\" href=\"https:\/\/www.chnk.pl\/?p=3509\">czytaj wi\u0119cej<\/a><\/span><\/p>\n","protected":false},"author":3,"featured_media":0,"comment_status":"open","ping_status":"open","sticky":false,"template":"","format":"standard","meta":{"ngg_post_thumbnail":0,"footnotes":""},"categories":[1],"tags":[],"_links":{"self":[{"href":"https:\/\/www.chnk.pl\/index.php?rest_route=\/wp\/v2\/posts\/3509"}],"collection":[{"href":"https:\/\/www.chnk.pl\/index.php?rest_route=\/wp\/v2\/posts"}],"about":[{"href":"https:\/\/www.chnk.pl\/index.php?rest_route=\/wp\/v2\/types\/post"}],"author":[{"embeddable":true,"href":"https:\/\/www.chnk.pl\/index.php?rest_route=\/wp\/v2\/users\/3"}],"replies":[{"embeddable":true,"href":"https:\/\/www.chnk.pl\/index.php?rest_route=%2Fwp%2Fv2%2Fcomments&post=3509"}],"version-history":[{"count":1,"href":"https:\/\/www.chnk.pl\/index.php?rest_route=\/wp\/v2\/posts\/3509\/revisions"}],"predecessor-version":[{"id":3510,"href":"https:\/\/www.chnk.pl\/index.php?rest_route=\/wp\/v2\/posts\/3509\/revisions\/3510"}],"wp:attachment":[{"href":"https:\/\/www.chnk.pl\/index.php?rest_route=%2Fwp%2Fv2%2Fmedia&parent=3509"}],"wp:term":[{"taxonomy":"category","embeddable":true,"href":"https:\/\/www.chnk.pl\/index.php?rest_route=%2Fwp%2Fv2%2Fcategories&post=3509"},{"taxonomy":"post_tag","embeddable":true,"href":"https:\/\/www.chnk.pl\/index.php?rest_route=%2Fwp%2Fv2%2Ftags&post=3509"}],"curies":[{"name":"wp","href":"https:\/\/api.w.org\/{rel}","templated":true}]}}