{"id":3504,"date":"2022-06-25T22:01:47","date_gmt":"2022-06-25T22:01:47","guid":{"rendered":"http:\/\/www.chnk.pl\/?p=3504"},"modified":"2022-06-25T22:01:47","modified_gmt":"2022-06-25T22:01:47","slug":"13-niedziela-zwykla-5","status":"publish","type":"post","link":"https:\/\/www.chnk.pl\/?p=3504","title":{"rendered":"13 Niedziela Zwyk\u0142a"},"content":{"rendered":"<p><strong>&nbsp;<\/strong><\/p>\n<p><strong>OG\u0141OSZENIA DUSZPASTERSKIE<\/strong><\/p>\n<p><strong>NIEDZIELA&nbsp; XIII ZWYK\u0141A&nbsp;&nbsp;&nbsp;&nbsp;&nbsp;&nbsp;&nbsp;&nbsp;&nbsp;&nbsp;&nbsp;&nbsp;&nbsp;&nbsp;&nbsp;&nbsp;&nbsp;&nbsp;&nbsp;&nbsp;&nbsp;&nbsp;&nbsp;&nbsp;&nbsp;&nbsp;&nbsp;&nbsp;&nbsp;&nbsp;&nbsp;&nbsp;&nbsp;&nbsp;&nbsp;&nbsp;&nbsp;&nbsp;&nbsp;&nbsp;&nbsp;&nbsp;&nbsp;&nbsp;&nbsp;&nbsp;&nbsp;&nbsp;&nbsp;&nbsp;&nbsp;&nbsp;&nbsp;&nbsp;&nbsp;&nbsp;&nbsp;&nbsp;&nbsp;&nbsp;&nbsp;&nbsp;&nbsp;&nbsp;&nbsp;&nbsp;&nbsp;&nbsp;&nbsp;&nbsp;&nbsp;&nbsp;&nbsp;&nbsp;&nbsp;&nbsp;&nbsp;&nbsp;&nbsp;&nbsp;&nbsp;&nbsp;&nbsp;&nbsp;&nbsp;&nbsp;&nbsp;&nbsp;&nbsp;&nbsp;&nbsp;&nbsp;&nbsp;&nbsp;&nbsp;&nbsp;&nbsp;&nbsp;&nbsp;&nbsp;&nbsp;&nbsp;&nbsp;&nbsp;&nbsp;&nbsp;&nbsp;&nbsp;&nbsp;&nbsp;&nbsp; <\/strong><\/p>\n<p><strong>26 czerwca<\/strong><strong> 2022 r.<\/strong><\/p>\n<ol>\n<li>Kalendarz liturgiczny: poniedzia\u0142ek \u2013 \u015bw. Cyryla, wtorek \u2013 \u015bw. Ireneusza, \u015broda &#8211; Uroczysto\u015b\u0107 \u015bw. \u015bw. Aposto\u0142\u00f3w Piotra i Paw\u0142a, czwartek \u2013 Pierwszych M\u0119czennik\u00f3w Ko\u015bcio\u0142a Rzymskiego, pi\u0105tek \u2013 \u015bw. Ottona.<\/li>\n<li>W \u015brod\u0119 Uroczysto\u015b\u0107 \u015awi\u0119tych Aposto\u0142\u00f3w Piotra i Paw\u0142a, Patron\u00f3w Bazyliki Archikatedralnej. Suma odpustowa o godz. 10<sup>00<\/sup>. Przewodniczy\u0107 jej b\u0119dzie Ksi\u0105dz Arcybiskup Adrian Galbas. Nieszpory we wtorek o godz. 18<sup>00<\/sup>. Ksi\u0105dz Arcybiskup wr\u0119czy na nich krzy\u017ce m\u0142odzie\u017cy wyje\u017cd\u017caj\u0105cej na do\u015bwiadczenia misyjne. Zapraszamy na uroczysto\u015bci do \u015bwi\u0105tyni, kt\u00f3ra jest \u201eMatk\u0105 Ko\u015bcio\u0142\u00f3w diecezji&#8221;. W naszej Parafii msza \u015bw. o godz. 8.00 i 18.00. Ofiary przeznaczone na potrzeby Stolicy Apostolskiej.<\/li>\n<li>Spotkanie wsp\u00f3lnoty r\u00f3\u017ca\u0144cowej w \u015brod\u0119 po wieczornej mszy \u015bw.<\/li>\n<li>W tym tygodniu: I pi\u0105tek i I sobota miesi\u0105ca. W pi\u0105tek msza \u015bw. o godz. 8.00 i 18.00. Spowied\u017a \u015bw. w pi\u0105tek od godz. 15.00 do 18.00, w sobot\u0119 od godz. 16.00 do 18.00. W sobot\u0119 r\u00f3\u017caniec fatimski o godz. 7.15, msza \u015bw. i zawierzenie Niepokalanemu Sercu Matki Bo\u017cej. Odwiedziny chorych z sakramentami \u015bw. w pi\u0105tek i sobot\u0119 wed\u0142ug sta\u0142ego planu. Nowe zg\u0142oszenia w zakrystii.<\/li>\n<li>W lipcu i sierpniu (plan og\u00f3lny) zmienione godziny odprawiania Mszy \u015bw. w dni powszednie i niedziele oraz zmienione godziny urz\u0119dowania Biura Parafialnego. W niedziele wakacyjne nie ma mszy \u015bw. o godz. 12.30. Msza \u015bw. o godz. 8.00: w poniedzia\u0142ki, \u015brody i pi\u0105tki, a o godz.18.00 we wtorki, czwartki i soboty. Nowenna do Matki Bo\u017cej Nieustaj\u0105cej Pomocy w \u015brod\u0119 o godz. 8.00. R\u00f3\u017caniec do Matki Bo\u017cej Patronki Dobrej \u015amierci we wtorki o godz. 17.30. Biuro Parafialne: poniedzia\u0142ek rano od godz. 9.00 do 10.30, czwartek po po\u0142udniu godz. 16.00 do 17.30, sobota godz. 19.00 do 20.00. Spowied\u017a \u015bw. p\u00f3\u0142 godziny przed Msz\u0105 \u015bw. i w sobot\u0119 od godz. 16.00 -18.00.<\/li>\n<li><em>Msza \u015bw. niedzielna w godzinach p\u00f3\u017aniejszych w najbli\u017cszych parafiach.<\/em><br \/>\nParafia Pierwszych Polskich M\u0119czennik\u00f3w, os. Tysi\u0105clecia &#8211; godz. 20.00,<\/li>\n<\/ol>\n<p>Parafia \u015bw. \u0141ukasza, os. Rusa &#8211; godz. 20.30<\/p>\n<ol start=\"7\">\n<li>Parafia organizuje zaj\u0119cia wakacyjne dla dzieci ze szko\u0142y podstawowej w dniach 11\u201314 lipca, w godz. 9:00\u201315:00. Ka\u017cdego dnia planowane jest wyj\u015bcie, a na zako\u0144czenie ciep\u0142y posi\u0142ek. Koszt: 30 z\u0142 za jeden dzie\u0144 od dziecka. Plan oraz deklaracje zg\u0142oszenia dziecka prosimy zabra\u0107 ze stolika z pras\u0105. Zapisy przyjmowane b\u0119d\u0105 w salce parafialnej w dzisiejsz\u0105 niedziel\u0119 po Mszy o 11:15.<\/li>\n<li>Organizujemy pielgrzymk\u0119 do Ziemi \u015awi\u0119tej w terminie 10\u201317 listopada. W programie najwa\u017cniejsze miejsca dzia\u0142alno\u015bci Chrystusa. Wylot z Poznania. Koszt 3690 z\u0142 + 210$. Program i szczeg\u00f3\u0142y przy stoliku z pras\u0105. Zg\u0142oszenia u ks. Wikariusza.<\/li>\n<li>B\u00f3g zap\u0142a\u0107 parafianom, za udzia\u0142 w oktawie Bo\u017cego Cia\u0142a. Szczere podzi\u0119kowania dziewczynkom sypi\u0105cych kwiaty i ich mamom, podzi\u0119kowania za przynoszone p\u0142atki kwiat\u00f3w. B\u00f3g zap\u0142a\u0107 parafianom, za udzia\u0142 w og\u00f3lnomiejskiej uroczysto\u015bci Naj\u015bwi\u0119tszego Serca Pana Jezusa. B\u00f3g zap\u0142a\u0107 za ofiary na KUL i Wydzia\u0142 Teologiczny oraz utrzymanie naszego ko\u015bcio\u0142a.<\/li>\n<li>M\u00f3dlmy si\u0119 za zmar\u0142ych Parafian. Za dusz\u0119 \u015bp. Urszuli Borowczyk, os. Lecha 106 (msza \u015bw. pogrzebowa w poniedzia\u0142ek o godz. 12.00), \u015bp. Franciszki Ossowskiej, os. Lecha 126 (msza \u015bw. pogrzebowa w \u015brod\u0119 o godz. 11.00), \u015bp. Mariusza Teretyki, os. Lecha 60. Wieczny odpoczynek racz zmar\u0142ym da\u0107 Panie.<\/li>\n<\/ol>\n<p><strong><em><u>&nbsp;<\/u><\/em><\/strong><\/p>\n<p><strong><em><u>&nbsp;<\/u><\/em><\/strong><\/p>\n<p><strong><em><u>&nbsp;<\/u><\/em><\/strong><\/p>\n<p><strong><em><u>&nbsp;<\/u><\/em><\/strong><\/p>\n<p><strong><em><u>&nbsp;<\/u><\/em><\/strong><\/p>\n<p><strong><em><u>&nbsp;<\/u><\/em><\/strong><\/p>\n<p><strong><em><u>&nbsp;<\/u><\/em><\/strong><\/p>\n<p><strong><em><u>&nbsp;<\/u><\/em><\/strong><\/p>\n<p><strong><em><u>&nbsp;<\/u><\/em><\/strong><\/p>\n<p><strong><em><u>&nbsp;<\/u><\/em><\/strong><\/p>\n<p><strong><em><u>&nbsp;<\/u><\/em><\/strong><\/p>\n<p><strong><em><u>LIPIEC&nbsp; I&nbsp; SIERPIE\u0143<\/u><\/em><\/strong><\/p>\n<p><strong>&nbsp;<\/strong><\/p>\n<p><em><u>W niedziele<\/u><\/em> wakacyjne nie ma mszy \u015bw. o godz. 12.30.<\/p>\n<p>&nbsp;<\/p>\n<p><em><u>W dni powszednie<\/u><\/em><\/p>\n<p><em><u>&nbsp;<\/u><\/em><\/p>\n<p>Msza \u015bw. o godz. 8.00 w poniedzia\u0142ek, \u015brod\u0119 i pi\u0105tek<\/p>\n<p>&nbsp;&nbsp;&nbsp;&nbsp;&nbsp;&nbsp;&nbsp;&nbsp;&nbsp;&nbsp;&nbsp;&nbsp;&nbsp;&nbsp;&nbsp; o godz.18.00 we wtorek, czwartek i sobot\u0119.<br \/>\nNowenna do Matki Bo\u017cej Nieustaj\u0105cej Pomocy&nbsp;&nbsp;&nbsp;&nbsp;&nbsp;&nbsp;&nbsp;&nbsp;&nbsp;&nbsp;&nbsp;&nbsp;&nbsp;&nbsp;&nbsp;&nbsp;&nbsp;&nbsp;&nbsp;&nbsp;&nbsp;<\/p>\n<p>w \u015brod\u0119 o godz. 8.00.<br \/>\nR\u00f3\u017caniec do Matki Bo\u017cej Patronki Dobrej \u015amierci&nbsp;&nbsp;&nbsp;&nbsp;&nbsp;&nbsp;&nbsp;&nbsp;&nbsp;&nbsp;&nbsp;&nbsp;&nbsp;&nbsp;&nbsp;&nbsp;&nbsp;&nbsp;&nbsp;&nbsp;<\/p>\n<p>i Nowenna do \u015bw. J\u00f3zefa&nbsp; we wtorek o godz. 17.30.<\/p>\n<p>&nbsp;<\/p>\n<p><em><u>Biuro Parafialne:<\/u><\/em> poniedzia\u0142ek godz. 9.00 do 10.30,<\/p>\n<p>&nbsp;&nbsp;&nbsp;&nbsp;&nbsp;&nbsp;&nbsp;&nbsp;&nbsp;&nbsp;&nbsp;&nbsp;&nbsp;&nbsp;&nbsp;&nbsp;&nbsp;&nbsp;&nbsp;&nbsp;&nbsp;&nbsp;&nbsp;&nbsp;&nbsp; czwartek godz. 16.00 do 17.30,<\/p>\n<p>&nbsp;&nbsp;&nbsp;&nbsp;&nbsp;&nbsp;&nbsp;&nbsp;&nbsp;&nbsp;&nbsp;&nbsp;&nbsp;&nbsp;&nbsp;&nbsp;&nbsp;&nbsp;&nbsp;&nbsp;&nbsp; sobota godz. 19.00 do 20.00.<\/p>\n<p><em><u>Spowied\u017a \u015bw.<\/u><\/em> p\u00f3\u0142 godziny przed msz\u0105 \u015bw. i w sobot\u0119 od godz. 16.00 -18.00.<\/p>\n<p>&nbsp;<\/p>\n<p><em><u>Msza \u015bw. niedzielna w godzinach p\u00f3\u017aniejszych w najbli\u017cszych&nbsp;&nbsp;&nbsp;&nbsp;&nbsp;&nbsp;&nbsp;&nbsp;&nbsp;&nbsp; &nbsp;&nbsp;&nbsp;&nbsp;&nbsp;&nbsp;&nbsp;&nbsp;&nbsp;&nbsp;&nbsp;&nbsp;parafiach.<\/u><\/em><br \/>\nParafia Pierwszych Polskich M\u0119czennik\u00f3w, os. Tysi\u0105clecia &#8211; godz. 20.00,&nbsp;&nbsp;&nbsp;&nbsp;&nbsp;&nbsp;&nbsp;&nbsp;&nbsp;&nbsp;&nbsp;&nbsp;&nbsp;&nbsp;&nbsp;&nbsp;&nbsp;<\/p>\n<p>Parafia \u015bw. \u0141ukasza, os. Rusa &#8211; godz. 20.30<\/p>\n<p>&nbsp;&nbsp;&nbsp;&nbsp;&nbsp;&nbsp;&nbsp;&nbsp;&nbsp;&nbsp;&nbsp;&nbsp;&nbsp;&nbsp;&nbsp;&nbsp;&nbsp;&nbsp;&nbsp;&nbsp;&nbsp;&nbsp;&nbsp;&nbsp;&nbsp;&nbsp;&nbsp;&nbsp;&nbsp;&nbsp;&nbsp;&nbsp;&nbsp;&nbsp;&nbsp;&nbsp;&nbsp;&nbsp;&nbsp;&nbsp;&nbsp;&nbsp;&nbsp;&nbsp;&nbsp;&nbsp;&nbsp;&nbsp;&nbsp;&nbsp;&nbsp;&nbsp;&nbsp;&nbsp;&nbsp;&nbsp;&nbsp;&nbsp;&nbsp;&nbsp;&nbsp;&nbsp;&nbsp;&nbsp;&nbsp;&nbsp;&nbsp;&nbsp;&nbsp;&nbsp;&nbsp;&nbsp;&nbsp;&nbsp;&nbsp;&nbsp;&nbsp;&nbsp;&nbsp;&nbsp;&nbsp;&nbsp;&nbsp;&nbsp;&nbsp;&nbsp;&nbsp;&nbsp;&nbsp;&nbsp;&nbsp;&nbsp;&nbsp;&nbsp;&nbsp;&nbsp;&nbsp;&nbsp; &nbsp;&nbsp;&nbsp;&nbsp;&nbsp;&nbsp;&nbsp;&nbsp;&nbsp;&nbsp;&nbsp;&nbsp;&nbsp;&nbsp;&nbsp;&nbsp;&nbsp;&nbsp;&nbsp;&nbsp;&nbsp;&nbsp;&nbsp;&nbsp;&nbsp;&nbsp;&nbsp;&nbsp;&nbsp;&nbsp;&nbsp;&nbsp;&nbsp;&nbsp;&nbsp;&nbsp;&nbsp;&nbsp;&nbsp;&nbsp;&nbsp;&nbsp;&nbsp;&nbsp;&nbsp;&nbsp;&nbsp;&nbsp;&nbsp;&nbsp;&nbsp;&nbsp;&nbsp;&nbsp;&nbsp;&nbsp;&nbsp;&nbsp;&nbsp;&nbsp;&nbsp;&nbsp;&nbsp;&nbsp;&nbsp;&nbsp;&nbsp;&nbsp;&nbsp;&nbsp;&nbsp;&nbsp;&nbsp;&nbsp;&nbsp;&nbsp;&nbsp;&nbsp;&nbsp;&nbsp;&nbsp;&nbsp;&nbsp;&nbsp;&nbsp;&nbsp;&nbsp;&nbsp;&nbsp;&nbsp;&nbsp;&nbsp;&nbsp;&nbsp;&nbsp;&nbsp;&nbsp;&nbsp;&nbsp;&nbsp;&nbsp;&nbsp;&nbsp;&nbsp;&nbsp;&nbsp;&nbsp;&nbsp;&nbsp;&nbsp;&nbsp;&nbsp;&nbsp;&nbsp;&nbsp;&nbsp;&nbsp;&nbsp;&nbsp;&nbsp;&nbsp;&nbsp;&nbsp;&nbsp;&nbsp;&nbsp;&nbsp;&nbsp;&nbsp;&nbsp;&nbsp;&nbsp;&nbsp;&nbsp;&nbsp;&nbsp;&nbsp;&nbsp;&nbsp;&nbsp;&nbsp;&nbsp;&nbsp;&nbsp;&nbsp;&nbsp;&nbsp;&nbsp;&nbsp;&nbsp;&nbsp;&nbsp;&nbsp;&nbsp;&nbsp;&nbsp;&nbsp;&nbsp;&nbsp;&nbsp;&nbsp;&nbsp;&nbsp;&nbsp;&nbsp;&nbsp;&nbsp;&nbsp;&nbsp;&nbsp;&nbsp;&nbsp;&nbsp;&nbsp;&nbsp;&nbsp;&nbsp;&nbsp;&nbsp;&nbsp;&nbsp;&nbsp;&nbsp;&nbsp;&nbsp;&nbsp;&nbsp;&nbsp;&nbsp;&nbsp;&nbsp;&nbsp;&nbsp;&nbsp;&nbsp;&nbsp;&nbsp;&nbsp;&nbsp;&nbsp;&nbsp;&nbsp;&nbsp;&nbsp;&nbsp;&nbsp;&nbsp;&nbsp;&nbsp;&nbsp;&nbsp;&nbsp;&nbsp;&nbsp;&nbsp;&nbsp;&nbsp;&nbsp;&nbsp;&nbsp;&nbsp;&nbsp;&nbsp;&nbsp;&nbsp;&nbsp;&nbsp;&nbsp;&nbsp;&nbsp;&nbsp;&nbsp;&nbsp;&nbsp;&nbsp;&nbsp;&nbsp;&nbsp;&nbsp;&nbsp;&nbsp;&nbsp;&nbsp;&nbsp;&nbsp;&nbsp;&nbsp;&nbsp;&nbsp;&nbsp;&nbsp;&nbsp;&nbsp;&nbsp;&nbsp;&nbsp;&nbsp;&nbsp;&nbsp;&nbsp;&nbsp;&nbsp;&nbsp;&nbsp;&nbsp;&nbsp;&nbsp;&nbsp;&nbsp;&nbsp;&nbsp;&nbsp;&nbsp;&nbsp;&nbsp;&nbsp;&nbsp;&nbsp;&nbsp;<\/p>\n","protected":false},"excerpt":{"rendered":"<p>&nbsp; OG\u0141OSZENIA DUSZPASTERSKIE NIEDZIELA&nbsp; XIII ZWYK\u0141A&nbsp;&nbsp;&nbsp;&nbsp;&nbsp;&nbsp;&nbsp;&nbsp;&nbsp;&nbsp;&nbsp;&nbsp;&nbsp;&nbsp;&nbsp;&nbsp;&nbsp;&nbsp;&nbsp;&nbsp;&nbsp;&nbsp;&nbsp;&nbsp;&nbsp;&nbsp;&nbsp;&nbsp;&nbsp;&nbsp;&nbsp;&nbsp;&nbsp;&nbsp;&nbsp;&nbsp;&nbsp;&nbsp;&nbsp;&nbsp;&nbsp;&nbsp;&nbsp;&nbsp;&nbsp;&nbsp;&nbsp;&nbsp;&nbsp;&nbsp;&nbsp;&nbsp;&nbsp;&nbsp;&nbsp;&nbsp;&nbsp;&nbsp;&nbsp;&nbsp;&nbsp;&nbsp;&nbsp;&nbsp;&nbsp;&nbsp;&nbsp;&nbsp;&nbsp;&nbsp;&nbsp;&nbsp;&nbsp;&nbsp;&nbsp;&nbsp;&nbsp;&nbsp;&nbsp;&nbsp;&nbsp;&nbsp;&nbsp;&nbsp;&nbsp;&nbsp;&nbsp;&nbsp;&nbsp;&nbsp;&nbsp;&nbsp;&nbsp;&nbsp;&nbsp;&nbsp;&nbsp;&nbsp;&nbsp;&nbsp;&nbsp;&nbsp;&nbsp;&nbsp;&nbsp;&nbsp;&nbsp;&nbsp;&nbsp;&nbsp;&nbsp; 26 czerwca 2022 r. Kalendarz liturgiczny: poniedzia\u0142ek \u2013 \u015bw. Cyryla, wtorek \u2013 \u015bw. Ireneusza, \u015broda &#8211; Uroczysto\u015b\u0107 \u015bw. \u015bw. Aposto\u0142\u00f3w Piotra i Paw\u0142a, czwartek \u2013 Pierwszych M\u0119czennik\u00f3w Ko\u015bcio\u0142a Rzymskiego, pi\u0105tek \u2013 \u015bw. Ottona. W \u015brod\u0119 Uroczysto\u015b\u0107 \u015awi\u0119tych Aposto\u0142\u00f3w Piotra i Paw\u0142a, Patron\u00f3w Bazyliki Archikatedralnej. Suma odpustowa o godz. 1000. &#8230; <span class=\"more\"><a class=\"more-link\" href=\"https:\/\/www.chnk.pl\/?p=3504\">czytaj wi\u0119cej<\/a><\/span><\/p>\n","protected":false},"author":3,"featured_media":0,"comment_status":"open","ping_status":"open","sticky":false,"template":"","format":"standard","meta":{"ngg_post_thumbnail":0,"footnotes":""},"categories":[1],"tags":[],"_links":{"self":[{"href":"https:\/\/www.chnk.pl\/index.php?rest_route=\/wp\/v2\/posts\/3504"}],"collection":[{"href":"https:\/\/www.chnk.pl\/index.php?rest_route=\/wp\/v2\/posts"}],"about":[{"href":"https:\/\/www.chnk.pl\/index.php?rest_route=\/wp\/v2\/types\/post"}],"author":[{"embeddable":true,"href":"https:\/\/www.chnk.pl\/index.php?rest_route=\/wp\/v2\/users\/3"}],"replies":[{"embeddable":true,"href":"https:\/\/www.chnk.pl\/index.php?rest_route=%2Fwp%2Fv2%2Fcomments&post=3504"}],"version-history":[{"count":1,"href":"https:\/\/www.chnk.pl\/index.php?rest_route=\/wp\/v2\/posts\/3504\/revisions"}],"predecessor-version":[{"id":3505,"href":"https:\/\/www.chnk.pl\/index.php?rest_route=\/wp\/v2\/posts\/3504\/revisions\/3505"}],"wp:attachment":[{"href":"https:\/\/www.chnk.pl\/index.php?rest_route=%2Fwp%2Fv2%2Fmedia&parent=3504"}],"wp:term":[{"taxonomy":"category","embeddable":true,"href":"https:\/\/www.chnk.pl\/index.php?rest_route=%2Fwp%2Fv2%2Fcategories&post=3504"},{"taxonomy":"post_tag","embeddable":true,"href":"https:\/\/www.chnk.pl\/index.php?rest_route=%2Fwp%2Fv2%2Ftags&post=3504"}],"curies":[{"name":"wp","href":"https:\/\/api.w.org\/{rel}","templated":true}]}}