{"id":3498,"date":"2022-06-19T13:30:32","date_gmt":"2022-06-19T13:30:32","guid":{"rendered":"http:\/\/www.chnk.pl\/?p=3498"},"modified":"2022-06-19T13:30:54","modified_gmt":"2022-06-19T13:30:54","slug":"12-niedziela-zwykla-5","status":"publish","type":"post","link":"https:\/\/www.chnk.pl\/?p=3498","title":{"rendered":"12 Niedziela Zwyk\u0142a"},"content":{"rendered":"<p style=\"text-align: right;\"><strong>OG\u0141OSZENIA DUSZPASTERSKIE<\/strong><\/p>\n<p><strong>NIEDZIELA XII ZWYK\u0141A<\/strong><\/p>\n<p><strong>19 czerwca 2022 r.<\/strong><\/p>\n<ol>\n<li>Zapraszamy do wzi\u0119cia udzia\u0142u w misji ewangelizacyjnej w Poznaniu w dniach 22-26 czerwca 2022 roku. W tym czasie w Rzymie odbywa si\u0119 \u015awiatowe Spotkanie Rodzin, kt\u00f3remu przewodniczy Papie\u017c Franciszek. Chcemy w Poznaniu modli\u0107 si\u0119 za nasze rodziny, by by\u0142y szcz\u0119\u015bliwe i otwarte na Boga. Od 23 czerwca w kilku miejscach naszego miasta b\u0119dzie g\u0142oszona Dobra Nowina, a wieczorem w Pozna\u0144skiej Farze, 22, 23, 25 czerwca o godz. 19.30 celebrowana b\u0119dzie Msza \u015bwi\u0119ta i g\u0142oszone b\u0119d\u0105 rekolekcje przez Ojca Antonello ze Wsp\u00f3lnoty Przymierze Mi\u0142osierdzia. W Uroczysto\u015b\u0107 Naj\u015bwi\u0119tszego Serca Pana Jezusa zapraszamy na Msz\u0119 \u015bwi\u0119t\u0105 na Je\u017cycach, do ko\u015bcio\u0142a Naj\u015bwi\u0119tszego Serca Pana Jezusa na godz. 19.00 oraz na Procesj\u0119 Eucharystyczn\u0105 ulicami Poznania. Misj\u0119 ewangelizacyjn\u0105 zako\u0144czy Msza \u015bwi\u0119ta w intencji rodzin, celebrowana w niedziel\u0119 26 czerwca w katedrze przez biskupa Grzegorza Balcerka. Serdecznie zapraszamy rodziny naszego miasta.<\/li>\n<li>W naszej parafii od poniedzia\u0142ku do czwartku w oktawie Bo\u017cego Cia\u0142a msza \u015bw. o godz. 18.00 w \u0142\u0105cz\u00adno\u015bci z nieszporami i procesj\u0105. Prosimy o ofiarowanie czasu Panu Jezusowi i udzia\u0142 w oktawie. Liczymy na obecno\u015b\u0107 ministrant\u00f3w i dziewczynek sypi\u0105cych kwiaty.<\/li>\n<li>W \u015brod\u0119 po procesji Kr\u0105g Biblijny w salce parafialnej.<\/li>\n<li>W pi\u0105tek, <strong>Uroczysto\u015b\u0107 Naj\u015bwi\u0119tszego Serca Pana Jezusa<\/strong>. Dzie\u0144 modlitwy o \u015bwi\u0119to\u015b\u0107 kap\u0142an\u00f3w. Centralne uroczysto\u015bci religijne miasta Poznania w ko\u015bciele pw. Naj\u015bwi\u0119tszego Serca Pana Jezusa na Je\u017cycach o godz. 19.00 i procesja Eucharystyczna na pl. Mickiewicza. W najbli\u017cszy pi\u0105tek nie obowi\u0105zuje post. Prosimy o flagowanie mieszka\u0144. Zach\u0119camy Parafian do wzi\u0119cia udzia\u0142u w uroczysto\u015bciach og\u00f3lnomiejskich.<\/li>\n<li>Trwaj\u0105 zapisy na Piesz\u0105 Pozna\u0144sk\u0105 Pielgrzymk\u0119 na Jasn\u0105 G\u00f3r\u0119. Dost\u0119pne s\u0105 zapisy internetowe, kt\u00f3re potrwaj\u0105 do 2 lipca. Zapisy indywidualne 25 czerwca w godz. 10:00 \u2013 14:00 w by\u0142ym domu si\u00f3str El\u017cbietanek przy ko\u015bciele NSPJ w Poznaniu ul. Ko\u015bcielna 5.<\/li>\n<li>Parafia organizuje zaj\u0119cia wakacyjne dla dzieci ze szko\u0142y podstawowej w dniach 11\u201314 lipca, w godz. 9:00\u201315:00. Ka\u017cdego dnia planowane jest wyj\u015bcie, a na zako\u0144czenie ciep\u0142y posi\u0142ek. Koszt: 30 z\u0142 za jeden dzie\u0144 od dziecka. Plan oraz deklaracje zg\u0142oszenia dziecka prosimy zabra\u0107 ze stolika z pras\u0105. Zapisy przyjmowane b\u0119d\u0105 w salce parafialnej w dzisiejsz\u0105 niedziel\u0119 po Mszy o 11:15; oraz \u2013 je\u015bli b\u0119d\u0105 nadal wolne miejsca \u2013 w niedziel\u0119 26 czerwca po Mszy o 11:15.<\/li>\n<li>Organizujemy pielgrzymk\u0119 do Ziemi \u015awi\u0119tej w terminie 10\u201317 listopada. W programie najwa\u017cniejsze miejsca dzia\u0142alno\u015bci Chrystusa. Wylot z Poznania. Do 22 czerwca obowi\u0105zuje cena 3490 z\u0142 + 210$. Od 23 czerwca koszt wyniesie 3690 z\u0142 + 210$. Program i szczeg\u00f3\u0142y przy stoliku z pras\u0105. Zg\u0142oszenia u ks. wikariusza.<\/li>\n<li>B\u00f3g zap\u0142a\u0107 Parafianom, kt\u00f3rzy przygotowali o\u0142tarze na Bo\u017ce Cia\u0142o, kt\u00f3rzy udekorowali swoje okna i balkony. B\u00f3g zap\u0142a\u0107 s\u0142u\u017cbie ko\u015bcielnej i liturgicznej, grupom duszpasterskim i rodzicom dzieci pierwszokomunijnych za przygotowanie o\u0142tarzy. To staranie parafian jest dla wi\u0119kszej chwa\u0142y Bo\u017cej i dla podtrzymania uroczystej tradycji oktawy<strong>.<\/strong><\/li>\n<li>Zach\u0119camy do czytania prasy katolickiej. W kaplicy przy zakrystii: Przewodnik Katolicki, Przewodnik Katolicki Historia, Go\u015b\u0107 Niedzielny, Go\u015b\u0107 Niedzielny Ekstra (o cudach eucharystycznych) , Ziarno, gazetka parafialna.<\/li>\n<li>Przed ko\u015bcio\u0142em mo\u017cliwo\u015b\u0107 z\u0142o\u017cenia ofiary na KUL i szko\u0142y katolickie.<\/li>\n<li>B\u00f3g zap\u0142a\u0107 za ofiary, z \u017c\u00f3\u0142tych kartek, na utrzymanie naszej Parafii.<\/li>\n<\/ol>\n<p><strong>&nbsp;<\/strong><\/p>\n<p><strong>&nbsp;<\/strong><\/p>\n<p><strong>&nbsp;<\/strong><\/p>\n<p>&nbsp;<\/p>\n<p>&nbsp;<\/p>\n<p>&nbsp;<\/p>\n<p>&nbsp;<\/p>\n<p>&nbsp;<\/p>\n<p>&nbsp; &nbsp; &nbsp; &nbsp; &nbsp; &nbsp; &nbsp; &nbsp; &nbsp; &nbsp; &nbsp; &nbsp; &nbsp; &nbsp; &nbsp; &nbsp; &nbsp; &nbsp; &nbsp; &nbsp; &nbsp; &nbsp; &nbsp; &nbsp; &nbsp; &nbsp; &nbsp; &nbsp; &nbsp; &nbsp; &nbsp; &nbsp; &nbsp; &nbsp; &nbsp; &nbsp; &nbsp; &nbsp; &nbsp; &nbsp; &nbsp; &nbsp; &nbsp; &nbsp; &nbsp; &nbsp; &nbsp; &nbsp; &nbsp; &nbsp; &nbsp; &nbsp; &nbsp; &nbsp; &nbsp; &nbsp; &nbsp; &nbsp; &nbsp; &nbsp; &nbsp; &nbsp; &nbsp; &nbsp; &nbsp; &nbsp; &nbsp; &nbsp; &nbsp; &nbsp; &nbsp; &nbsp; &nbsp; &nbsp; &nbsp; &nbsp; &nbsp; &nbsp; &nbsp; &nbsp; &nbsp; &nbsp; &nbsp; &nbsp; &nbsp; &nbsp; &nbsp; &nbsp; &nbsp; &nbsp; &nbsp; &nbsp; &nbsp; &nbsp; &nbsp; &nbsp; &nbsp; &nbsp; &nbsp; &nbsp; &nbsp;&nbsp;<\/p>\n","protected":false},"excerpt":{"rendered":"<p>OG\u0141OSZENIA DUSZPASTERSKIE NIEDZIELA XII ZWYK\u0141A 19 czerwca 2022 r. Zapraszamy do wzi\u0119cia udzia\u0142u w misji ewangelizacyjnej w Poznaniu w dniach 22-26 czerwca 2022 roku. W tym czasie w Rzymie odbywa si\u0119 \u015awiatowe Spotkanie Rodzin, kt\u00f3remu przewodniczy Papie\u017c Franciszek. Chcemy w Poznaniu modli\u0107 si\u0119 za nasze rodziny, by by\u0142y szcz\u0119\u015bliwe i otwarte na Boga. Od 23 &#8230; <span class=\"more\"><a class=\"more-link\" href=\"https:\/\/www.chnk.pl\/?p=3498\">czytaj wi\u0119cej<\/a><\/span><\/p>\n","protected":false},"author":3,"featured_media":0,"comment_status":"open","ping_status":"open","sticky":false,"template":"","format":"standard","meta":{"ngg_post_thumbnail":0,"footnotes":""},"categories":[1],"tags":[],"_links":{"self":[{"href":"https:\/\/www.chnk.pl\/index.php?rest_route=\/wp\/v2\/posts\/3498"}],"collection":[{"href":"https:\/\/www.chnk.pl\/index.php?rest_route=\/wp\/v2\/posts"}],"about":[{"href":"https:\/\/www.chnk.pl\/index.php?rest_route=\/wp\/v2\/types\/post"}],"author":[{"embeddable":true,"href":"https:\/\/www.chnk.pl\/index.php?rest_route=\/wp\/v2\/users\/3"}],"replies":[{"embeddable":true,"href":"https:\/\/www.chnk.pl\/index.php?rest_route=%2Fwp%2Fv2%2Fcomments&post=3498"}],"version-history":[{"count":2,"href":"https:\/\/www.chnk.pl\/index.php?rest_route=\/wp\/v2\/posts\/3498\/revisions"}],"predecessor-version":[{"id":3500,"href":"https:\/\/www.chnk.pl\/index.php?rest_route=\/wp\/v2\/posts\/3498\/revisions\/3500"}],"wp:attachment":[{"href":"https:\/\/www.chnk.pl\/index.php?rest_route=%2Fwp%2Fv2%2Fmedia&parent=3498"}],"wp:term":[{"taxonomy":"category","embeddable":true,"href":"https:\/\/www.chnk.pl\/index.php?rest_route=%2Fwp%2Fv2%2Fcategories&post=3498"},{"taxonomy":"post_tag","embeddable":true,"href":"https:\/\/www.chnk.pl\/index.php?rest_route=%2Fwp%2Fv2%2Ftags&post=3498"}],"curies":[{"name":"wp","href":"https:\/\/api.w.org\/{rel}","templated":true}]}}